{"id":10112,"date":"2020-08-26T14:50:00","date_gmt":"2020-08-26T12:50:00","guid":{"rendered":"https:\/\/www.labunie.com.pl\/?p=10112"},"modified":"2020-08-26T18:29:34","modified_gmt":"2020-08-26T16:29:34","slug":"zawiadomienie-o-sesji-rady-gminy-3","status":"publish","type":"post","link":"https:\/\/labunie.com.pl\/?p=10112","title":{"rendered":"Zawiadomienie o sesji rady gminy"},"content":{"rendered":"\n<p><strong>Przewodnicz\u0105ca Rady Gminy \u0141abunie zawiadamia mieszka\u0144c\u00f3w Gminy \u0141abunie, \u017ce w dniu 2 wrze\u015bnia 2020 r. (\u015broda) o godz. 9:00 w Domu Kultury w \u0141abuniach przy ul. Parkowej 9 odb\u0119d\u0105 si\u0119 obrady XV sesji Rady Gminy \u0141abunie.<\/strong><\/p>\n\n\n\n<!--more-->\n\n\n\n<div style=\"height:20px\" aria-hidden=\"true\" class=\"wp-block-spacer\"><\/div>\n\n\n\n<p class=\"has-text-align-center\"><em>Porz\u0105dek obrad:<\/em><\/p>\n\n\n\n<div style=\"height:20px\" aria-hidden=\"true\" class=\"wp-block-spacer\"><\/div>\n\n\n\n<ol class=\"wp-block-list\"><li>Otwarcie sesji i stwierdzenie quorum.<\/li><li> Przedstawienie porz\u0105dku obrad sesji oraz propozycje jego zmian.<\/li><li> Przyj\u0119cie protoko\u0142u z XIV sesji rady gminy.<\/li><li> Informacja W\u00f3jta Gminy o realizacji zada\u0144 w okresie mi\u0119dzysesyjnym.<\/li><li> Informacja z przebiegu wykonania bud\u017cetu gminy za I p\u00f3\u0142rocze 2020 roku.<\/li><li> Podj\u0119cie uchwa\u0142 w sprawie:<ul><li> okre\u015blenia \u015brednich cen jednostek paliwa w Gminie \u0141abunie na rok szkolny 2020\/2021,<\/li><li> zmieniaj\u0105ca uchwa\u0142\u0119 w sprawie utworzenia samorz\u0105dowej jednostki organizacyjnej \u201eCentrum Us\u0142ug Wsp\u00f3lnych\u201d i\u00a0nadania jej statutu,<\/li><li> zawarcia porozumienia mi\u0119dzygminnego przy realizacji zadania polegaj\u0105cego na wyznaczeniu obszaru i granic aglomeracji Zamo\u015b\u0107,<\/li><li> udzielenia przez Gmin\u0119 \u0141abunie pomocy finansowej Gminie Komar\u00f3w-Osada,<\/li><li> wprowadzenia zmian w bud\u017cecie gminy na rok 2020.<\/li><\/ul><\/li><li> Sprawy bie\u017c\u0105ce.<\/li><li> Zako\u0144czenie obrad.<\/li><\/ol>\n\n\n\n<div style=\"height:20px\" aria-hidden=\"true\" class=\"wp-block-spacer\"><\/div>\n\n\n\n<p class=\"has-text-align-right\"><em>Przewodnicz\u0105ca Rady Gminy<br>(\u2014) El\u017cbieta Ku\u017ama<\/em> <\/p>\n","protected":false},"excerpt":{"rendered":"<p>Przewodnicz\u0105ca Rady Gminy \u0141abunie zawiadamia mieszka\u0144c\u00f3w Gminy \u0141abunie, \u017ce w dniu 2 wrze\u015bnia 2020 r. (\u015broda) o godz. 9:00 w Domu Kultury w \u0141abuniach przy ul. Parkowej 9 odb\u0119d\u0105 si\u0119 obrady XV sesji Rady Gminy \u0141abunie.<\/p>\n","protected":false},"author":7,"featured_media":1154,"comment_status":"closed","ping_status":"closed","sticky":false,"template":"","format":"standard","meta":{"footnotes":""},"categories":[1],"tags":[],"class_list":["post-10112","post","type-post","status-publish","format-standard","has-post-thumbnail","hentry","category-wpisy","clearfix"],"_links":{"self":[{"href":"https:\/\/labunie.com.pl\/index.php?rest_route=\/wp\/v2\/posts\/10112","targetHints":{"allow":["GET"]}}],"collection":[{"href":"https:\/\/labunie.com.pl\/index.php?rest_route=\/wp\/v2\/posts"}],"about":[{"href":"https:\/\/labunie.com.pl\/index.php?rest_route=\/wp\/v2\/types\/post"}],"author":[{"embeddable":true,"href":"https:\/\/labunie.com.pl\/index.php?rest_route=\/wp\/v2\/users\/7"}],"replies":[{"embeddable":true,"href":"https:\/\/labunie.com.pl\/index.php?rest_route=%2Fwp%2Fv2%2Fcomments&post=10112"}],"version-history":[{"count":5,"href":"https:\/\/labunie.com.pl\/index.php?rest_route=\/wp\/v2\/posts\/10112\/revisions"}],"predecessor-version":[{"id":18641,"href":"https:\/\/labunie.com.pl\/index.php?rest_route=\/wp\/v2\/posts\/10112\/revisions\/18641"}],"wp:featuredmedia":[{"embeddable":true,"href":"https:\/\/labunie.com.pl\/index.php?rest_route=\/wp\/v2\/media\/1154"}],"wp:attachment":[{"href":"https:\/\/labunie.com.pl\/index.php?rest_route=%2Fwp%2Fv2%2Fmedia&parent=10112"}],"wp:term":[{"taxonomy":"category","embeddable":true,"href":"https:\/\/labunie.com.pl\/index.php?rest_route=%2Fwp%2Fv2%2Fcategories&post=10112"},{"taxonomy":"post_tag","embeddable":true,"href":"https:\/\/labunie.com.pl\/index.php?rest_route=%2Fwp%2Fv2%2Ftags&post=10112"}],"curies":[{"name":"wp","href":"https:\/\/api.w.org\/{rel}","templated":true}]}}