{"id":13045,"date":"2019-05-28T12:00:15","date_gmt":"2019-05-28T10:00:15","guid":{"rendered":"https:\/\/www.labunie.com.pl\/?p=13045"},"modified":"2019-05-28T20:00:43","modified_gmt":"2019-05-28T18:00:43","slug":"ruszyl-nabor-wnioskow-na-oze","status":"publish","type":"post","link":"https:\/\/labunie.com.pl\/?p=13045","title":{"rendered":"Ruszy\u0142 nab\u00f3r wniosk\u00f3w na OZE"},"content":{"rendered":"\n<p><strong>W\u00f3jt Gminy \u0141abunie zawiadamia mieszka\u0144c\u00f3w, \u017ce Gmina przyst\u0105pi\u0142a do prac przygotowawczych zwi\u0105zanych ze z\u0142o\u017ceniem wniosku, celem pozyskania \u015brodk\u00f3w finansowych na realizacj\u0119 projektu polegaj\u0105cego na wykorzystaniu energii odnawialnej z&nbsp;kolektor\u00f3w s\u0142onecznych lub paneli fotowoltaicznych, w ramach Osi Priorytetowej 4: Energia przyjazna \u015brodowisku, Dzia\u0142anie 4.1. Wsparcie wykorzystania OZE z Regionalnego Programu Operacyjnego Wojew\u00f3dztwa Lubelskiego na lata 2014\u20132020.<\/strong><\/p>\n\n\n\n<!--more-->\n\n\n\n<p>Zasady uczestnictwa w projekcie zawarte s\u0105 w za\u0142\u0105cznikach do niniejszego zawiadomienia. Wst\u0119pny koszt do poniesienia przez w\u0142a\u015bciciela nieruchomo\u015bci za monta\u017c jednego zestawu instalacji na budynku mieszkalnym wynosi:<\/p>\n\n\n\n<p style=\"text-align:center\"><strong>Kolektory s\u0142oneczne \u2013 od 2&nbsp;500,00 z\u0142 do 3&nbsp;000,00 z\u0142<\/strong><br><strong>Panele fotowoltaiczne \u2013 od 4&nbsp;000,00 z\u0142 do 5&nbsp;000,00 z\u0142<\/strong><\/p>\n\n\n\n<div style=\"height:20px\" aria-hidden=\"true\" class=\"wp-block-spacer\"><\/div>\n\n\n\n<p>Energia z instalacji solarnych i paneli fotowoltaicznych nie mo\u017ce by\u0107 wykorzystywana do prowadzenia dzia\u0142alno\u015bci gospodarczej. Ostateczna wysoko\u015b\u0107 koszt\u00f3w do poniesienia przez w\u0142a\u015bciciela budynku mieszkalnego zostanie ustalona w&nbsp;umowie pomi\u0119dzy uczestnikiem projektu a Gmin\u0105 \u0141abunie, po podpisaniu umowy z Urz\u0119dem Marsza\u0142kowskim w Lublinie oraz po przeprowadzonym post\u0119powaniu o&nbsp;udzielenie zam\u00f3wienia publicznego. <\/p>\n\n\n\n<div style=\"height:20px\" aria-hidden=\"true\" class=\"wp-block-spacer\"><\/div>\n\n\n\n<p>Program dzia\u0142ania w zakresie realizacji projektu przedstawia si\u0119 nast\u0119puj\u0105co: <\/p>\n\n\n\n<ul class=\"wp-block-list\"><li>zebranie od w\u0142a\u015bcicieli budynk\u00f3w mieszkalnych deklaracji wraz z ankiet\u0105: do dnia 4 czerwca 2019 roku,<\/li><li>wykonanie projekt\u00f3w, podpisanie um\u00f3w z uczestnikami projektu, opracowanie studium wykonalno\u015bci projektu: lipiec\u2013sierpie\u0144 2019 roku,<\/li><li>w przypadku pozytywnego rozpatrzenia wniosku przez Urz\u0105d Marsza\u0142kowski Wojew\u00f3dztwa Lubelskiego, realizacja: lata 2020-2021. <\/li><\/ul>\n\n\n\n<div style=\"height:20px\" aria-hidden=\"true\" class=\"wp-block-spacer\"><\/div>\n\n\n\n<p>Bior\u0105c powy\u017csze pod uwag\u0119, osoby zainteresowane przyst\u0105pieniem do projektu proszone s\u0105 o <strong>wype\u0142nienie i dostarczenie deklaracji wraz z ankiet\u0105 do Urz\u0119du Gminy \u0141abunie, pok\u00f3j nr 9 w nieprzekraczalnym terminie do dnia 4 czerwca 2019 roku.<\/strong> <\/p>\n\n\n\n<div style=\"height:20px\" aria-hidden=\"true\" class=\"wp-block-spacer\"><\/div>\n\n\n\n<p>W przypadku zg\u0142oszenia si\u0119 wi\u0119kszej ilo\u015bci w\u0142a\u015bcicieli budynk\u00f3w, ni\u017c mo\u017cliwo\u015bci i ograniczenia projektowe, o zakwalifikowaniu do udzia\u0142u w projekcie decydowa\u0107 b\u0119dzie losowanie. Osoby, kt\u00f3re dostarcz\u0105 ankiety po wskazanym terminie, wpisywane b\u0119d\u0105 na list\u0119 rezerwow\u0105 projektu. <\/p>\n\n\n\n<div style=\"height:20px\" aria-hidden=\"true\" class=\"wp-block-spacer\"><\/div>\n\n\n\n<p>Formularz deklaracji i ankiety dost\u0119pny jest na stronie internetowej: www.labunie.com.pl &nbsp;<strong>&nbsp;<\/strong>w zak\u0142adce <strong>\u201eStrefa mieszka\u0144ca \u2013 formularze \u2013 ochrona \u015brodowiska\u201d <\/strong>oraz w Urz\u0119dzie Gminy \u0141abunie, pok\u00f3j nr 9.<\/p>\n\n\n\n<div style=\"height:20px\" aria-hidden=\"true\" class=\"wp-block-spacer\"><\/div>\n\n\n\n<p>Szczeg\u00f3\u0142owych informacji na powy\u017cszy temat\nudziela Krzysztof Wi\u015bniewski &#8211; pracownik Urz\u0119du Gminy \u0141abunie, tel. (84) 611-60-25.<\/p>\n\n\n\n<div style=\"height:50px\" aria-hidden=\"true\" class=\"wp-block-spacer\"><\/div>\n\n\n\n<p><strong><em>Za\u0142\u0105czniki:<\/em><\/strong><\/p>\n\n\n\n<div class=\"wp-block-file\"><a href=\"https:\/\/www.labunie.com.pl\/wp-content\/uploads\/2019\/05\/OZE-Regulamin-2019.pdf\">Regulamin dla mieszka\u0144c\u00f3w Gminy \u0141abunie dotycz\u0105cy naboru ankiet w ramach projektu z zakresu Odnawialnych \u0179r\u00f3de\u0142 Energii (OZE)<\/a><a href=\"https:\/\/www.labunie.com.pl\/wp-content\/uploads\/2019\/05\/OZE-Regulamin-2019.pdf\" class=\"wp-block-file__button\" download>Pobierz<\/a><\/div>\n\n\n\n<div class=\"wp-block-file\"><a href=\"https:\/\/www.labunie.com.pl\/wp-content\/uploads\/2019\/05\/OZE-Deklaracja-2019.pdf\">Deklaracja uczestnictwa w projekcie<\/a><a href=\"https:\/\/www.labunie.com.pl\/wp-content\/uploads\/2019\/05\/OZE-Deklaracja-2019.pdf\" class=\"wp-block-file__button\" download>Pobierz<\/a><\/div>\n\n\n\n<div class=\"wp-block-file\"><a href=\"https:\/\/www.labunie.com.pl\/wp-content\/uploads\/2019\/05\/OZE-Ankieta-kolektory-2019.pdf\">Ankieta dotycz\u0105ca realizacji projektu w zakresie zakupu i monta\u017cu kolektor\u00f3w s\u0142onecznych.<\/a><a href=\"https:\/\/www.labunie.com.pl\/wp-content\/uploads\/2019\/05\/OZE-Ankieta-kolektory-2019.pdf\" class=\"wp-block-file__button\" download>Pobierz<\/a><\/div>\n\n\n\n<div class=\"wp-block-file\"><a href=\"https:\/\/www.labunie.com.pl\/wp-content\/uploads\/2019\/05\/OZE-Ankieta-fotowoltaika-2019.pdf\">Ankieta dotycz\u0105ca realizacji projektu w zakresie zakupu i monta\u017cu paneli fotowoltaicznych.<\/a><a href=\"https:\/\/www.labunie.com.pl\/wp-content\/uploads\/2019\/05\/OZE-Ankieta-fotowoltaika-2019.pdf\" class=\"wp-block-file__button\" download>Pobierz<\/a><\/div>\n","protected":false},"excerpt":{"rendered":"<p>W\u00f3jt Gminy \u0141abunie zawiadamia mieszka\u0144c\u00f3w, \u017ce Gmina przyst\u0105pi\u0142a do prac przygotowawczych zwi\u0105zanych ze z\u0142o\u017ceniem wniosku, celem pozyskania \u015brodk\u00f3w finansowych na realizacj\u0119 projektu polegaj\u0105cego na wykorzystaniu energii odnawialnej z&nbsp;kolektor\u00f3w s\u0142onecznych lub paneli fotowoltaicznych, w ramach Osi Priorytetowej 4: Energia przyjazna \u015brodowisku, Dzia\u0142anie 4.1. Wsparcie wykorzystania OZE z Regionalnego Programu Operacyjnego Wojew\u00f3dztwa Lubelskiego na lata 2014\u20132020.<\/p>\n","protected":false},"author":7,"featured_media":13052,"comment_status":"closed","ping_status":"closed","sticky":false,"template":"","format":"standard","meta":{"footnotes":""},"categories":[1],"tags":[],"class_list":["post-13045","post","type-post","status-publish","format-standard","has-post-thumbnail","hentry","category-wpisy","clearfix"],"_links":{"self":[{"href":"https:\/\/labunie.com.pl\/index.php?rest_route=\/wp\/v2\/posts\/13045","targetHints":{"allow":["GET"]}}],"collection":[{"href":"https:\/\/labunie.com.pl\/index.php?rest_route=\/wp\/v2\/posts"}],"about":[{"href":"https:\/\/labunie.com.pl\/index.php?rest_route=\/wp\/v2\/types\/post"}],"author":[{"embeddable":true,"href":"https:\/\/labunie.com.pl\/index.php?rest_route=\/wp\/v2\/users\/7"}],"replies":[{"embeddable":true,"href":"https:\/\/labunie.com.pl\/index.php?rest_route=%2Fwp%2Fv2%2Fcomments&post=13045"}],"version-history":[{"count":5,"href":"https:\/\/labunie.com.pl\/index.php?rest_route=\/wp\/v2\/posts\/13045\/revisions"}],"predecessor-version":[{"id":13086,"href":"https:\/\/labunie.com.pl\/index.php?rest_route=\/wp\/v2\/posts\/13045\/revisions\/13086"}],"wp:featuredmedia":[{"embeddable":true,"href":"https:\/\/labunie.com.pl\/index.php?rest_route=\/wp\/v2\/media\/13052"}],"wp:attachment":[{"href":"https:\/\/labunie.com.pl\/index.php?rest_route=%2Fwp%2Fv2%2Fmedia&parent=13045"}],"wp:term":[{"taxonomy":"category","embeddable":true,"href":"https:\/\/labunie.com.pl\/index.php?rest_route=%2Fwp%2Fv2%2Fcategories&post=13045"},{"taxonomy":"post_tag","embeddable":true,"href":"https:\/\/labunie.com.pl\/index.php?rest_route=%2Fwp%2Fv2%2Ftags&post=13045"}],"curies":[{"name":"wp","href":"https:\/\/api.w.org\/{rel}","templated":true}]}}