{"id":13088,"date":"2019-05-23T09:02:58","date_gmt":"2019-05-23T07:02:58","guid":{"rendered":"https:\/\/www.labunie.com.pl\/?p=13088"},"modified":"2019-05-23T09:03:28","modified_gmt":"2019-05-23T07:03:28","slug":"ksiazkowo-o-labuniach-w-ksiaznicy-zamojskiej","status":"publish","type":"post","link":"https:\/\/labunie.com.pl\/?p=13088","title":{"rendered":"Ksi\u0105\u017ckowo o \u0141abuniach w Ksi\u0105\u017cnicy Zamojskiej"},"content":{"rendered":"\n<p><strong>Biblioteka Publiczna Gminy \u0141abunie uczestniczy\u0142a w IX Zamojskim Festiwalu Ksi\u0105\u017cki w Zamo\u015bciu. Na wydarzenie \u0142abu\u0144sk\u0105 plac\u00f3wk\u0119 zaprosi\u0142a Ksi\u0105\u017cnica Zamojska. <\/strong> <\/p>\n\n\n\n<div style=\"height:73px\" aria-hidden=\"true\" class=\"wp-block-spacer\"><\/div>\n\n\n\n<!--more-->\n\n\n\n<p>Wydawnictwa\npo\u015bwi\u0119cone gminie \u0141abunie by\u0142y prezentowane na Gie\u0142dzie Tw\u00f3rc\u00f3w\nRegionalnych, kt\u00f3re odbywa\u0142y si\u0119 w ramach Zamojskiego Festiwalu\nKsi\u0105\u017cki. Uczestnicy targ\u00f3w mogli obejrze\u0107 i naby\u0107 takie\nwydawnictwa, jak: \u201eDzieje miejscowo\u015bci gminy \u0141abunie powiat\nzamojski\u201d, \u201ePasje naszych mieszka\u0144c\u00f3w\u201d, \u201eOSP Rusz\u00f3w\n1927-2017\u201d czy \u201eHistoria pisana \u017cyciem \u0141abunie \u2013 ma\u0142y\nprzewodnik\u201d.<\/p>\n\n\n\n<p>Zamojski Festiwal Ksi\u0105\u017cki organizowany by\u0142 pod  Honorowym Patronatem Prezydenta Zamo\u015bcia Andrzeja Wnuka oraz Marsza\u0142ka Wojew\u00f3dztwa Lubelskiego Jaros\u0142awa Stawiarskiego.  <\/p>\n\n\n\n<div style=\"height:20px\" aria-hidden=\"true\" class=\"wp-block-spacer\"><\/div>\n\n\n\n<ul class=\"wp-block-gallery columns-1 is-cropped wp-block-gallery-1 is-layout-flex wp-block-gallery-is-layout-flex\"><li class=\"blocks-gallery-item\"><figure><img loading=\"lazy\" decoding=\"async\" width=\"1024\" height=\"687\" src=\"https:\/\/www.labunie.com.pl\/wp-content\/uploads\/2019\/05\/Image00001-8-1024x687.jpg\" alt=\"\" data-id=\"13090\" data-link=\"https:\/\/www.labunie.com.pl\/?attachment_id=13090\" class=\"wp-image-13090\" srcset=\"https:\/\/labunie.com.pl\/wp-content\/uploads\/2019\/05\/Image00001-8-1024x687.jpg 1024w, https:\/\/labunie.com.pl\/wp-content\/uploads\/2019\/05\/Image00001-8-300x201.jpg 300w, https:\/\/labunie.com.pl\/wp-content\/uploads\/2019\/05\/Image00001-8-768x515.jpg 768w, https:\/\/labunie.com.pl\/wp-content\/uploads\/2019\/05\/Image00001-8.jpg 2000w\" sizes=\"auto, (max-width: 1024px) 100vw, 1024px\" \/><figcaption>fot. Marek Sad\u0142o<\/figcaption><\/figure><\/li><\/ul>\n","protected":false},"excerpt":{"rendered":"<p>Biblioteka Publiczna Gminy \u0141abunie uczestniczy\u0142a w IX Zamojskim Festiwalu Ksi\u0105\u017cki w Zamo\u015bciu. Na wydarzenie \u0142abu\u0144sk\u0105 plac\u00f3wk\u0119 zaprosi\u0142a Ksi\u0105\u017cnica Zamojska.<\/p>\n","protected":false},"author":11,"featured_media":13089,"comment_status":"closed","ping_status":"closed","sticky":false,"template":"","format":"standard","meta":{"footnotes":""},"categories":[1],"tags":[],"class_list":["post-13088","post","type-post","status-publish","format-standard","has-post-thumbnail","hentry","category-wpisy","clearfix"],"_links":{"self":[{"href":"https:\/\/labunie.com.pl\/index.php?rest_route=\/wp\/v2\/posts\/13088","targetHints":{"allow":["GET"]}}],"collection":[{"href":"https:\/\/labunie.com.pl\/index.php?rest_route=\/wp\/v2\/posts"}],"about":[{"href":"https:\/\/labunie.com.pl\/index.php?rest_route=\/wp\/v2\/types\/post"}],"author":[{"embeddable":true,"href":"https:\/\/labunie.com.pl\/index.php?rest_route=\/wp\/v2\/users\/11"}],"replies":[{"embeddable":true,"href":"https:\/\/labunie.com.pl\/index.php?rest_route=%2Fwp%2Fv2%2Fcomments&post=13088"}],"version-history":[{"count":2,"href":"https:\/\/labunie.com.pl\/index.php?rest_route=\/wp\/v2\/posts\/13088\/revisions"}],"predecessor-version":[{"id":13092,"href":"https:\/\/labunie.com.pl\/index.php?rest_route=\/wp\/v2\/posts\/13088\/revisions\/13092"}],"wp:featuredmedia":[{"embeddable":true,"href":"https:\/\/labunie.com.pl\/index.php?rest_route=\/wp\/v2\/media\/13089"}],"wp:attachment":[{"href":"https:\/\/labunie.com.pl\/index.php?rest_route=%2Fwp%2Fv2%2Fmedia&parent=13088"}],"wp:term":[{"taxonomy":"category","embeddable":true,"href":"https:\/\/labunie.com.pl\/index.php?rest_route=%2Fwp%2Fv2%2Fcategories&post=13088"},{"taxonomy":"post_tag","embeddable":true,"href":"https:\/\/labunie.com.pl\/index.php?rest_route=%2Fwp%2Fv2%2Ftags&post=13088"}],"curies":[{"name":"wp","href":"https:\/\/api.w.org\/{rel}","templated":true}]}}