{"id":13116,"date":"2019-05-28T14:11:28","date_gmt":"2019-05-28T12:11:28","guid":{"rendered":"https:\/\/www.labunie.com.pl\/?p=13116"},"modified":"2019-05-28T14:11:28","modified_gmt":"2019-05-28T12:11:28","slug":"radosc-z-pomagania-2","status":"publish","type":"post","link":"https:\/\/labunie.com.pl\/?p=13116","title":{"rendered":"Rado\u015b\u0107 z pomagania"},"content":{"rendered":"\n<p><strong>Zabawy z animatorem, konkurencje sportowe, pyszno\u015bci do zjedzenia  &#8211; tak b\u0119dzie wygl\u0105da\u0142 Dzie\u0144 Dziecka w gminie \u0141abunie. Impreza ju\u017c 4 czerwca. Rezerwujcie wolny czas.<\/strong><\/p>\n\n\n\n<!--more-->\n\n\n\n<div style=\"height:64px\" aria-hidden=\"true\" class=\"wp-block-spacer\"><\/div>\n\n\n\n<p>Impreza plenerowa z okazji Dnia Dziecka pod has\u0142em \u201eRado\u015b\u0107 z pomagania\u201d odb\u0119dzie si\u0119  na terenie parku przy Hospicjum Santa Galla w \u0141abu\u0144kach Pierwszych. W programie m. in. urz\u0105dzenia rekreacyjne, konkurencje sportowe, zabawy z animatorem, zwiedzanie Mini zoo. Panie z Ko\u0142a Gospody\u0144 Wiejskich w \u0141abu\u0144kach Pierwszych przygotuj\u0105 pocz\u0119stunek. Pocz\u0105tek \u2013 godz. 14.00. Organizatorem imprezy jest Hospicjum Santa Galla wsp\u00f3lnie z Gmin\u0105 \u0141abunie.  <\/p>\n\n\n\n<p><\/p>\n","protected":false},"excerpt":{"rendered":"<p>Zabawy z animatorem, konkurencje sportowe, pyszno\u015bci do zjedzenia &#8211; tak b\u0119dzie wygl\u0105da\u0142 Dzie\u0144 Dziecka w gminie \u0141abunie. Impreza ju\u017c 4 czerwca. Rezerwujcie wolny czas.<\/p>\n","protected":false},"author":11,"featured_media":13117,"comment_status":"closed","ping_status":"closed","sticky":false,"template":"","format":"standard","meta":{"footnotes":""},"categories":[1],"tags":[],"class_list":["post-13116","post","type-post","status-publish","format-standard","has-post-thumbnail","hentry","category-wpisy","clearfix"],"_links":{"self":[{"href":"https:\/\/labunie.com.pl\/index.php?rest_route=\/wp\/v2\/posts\/13116","targetHints":{"allow":["GET"]}}],"collection":[{"href":"https:\/\/labunie.com.pl\/index.php?rest_route=\/wp\/v2\/posts"}],"about":[{"href":"https:\/\/labunie.com.pl\/index.php?rest_route=\/wp\/v2\/types\/post"}],"author":[{"embeddable":true,"href":"https:\/\/labunie.com.pl\/index.php?rest_route=\/wp\/v2\/users\/11"}],"replies":[{"embeddable":true,"href":"https:\/\/labunie.com.pl\/index.php?rest_route=%2Fwp%2Fv2%2Fcomments&post=13116"}],"version-history":[{"count":2,"href":"https:\/\/labunie.com.pl\/index.php?rest_route=\/wp\/v2\/posts\/13116\/revisions"}],"predecessor-version":[{"id":13119,"href":"https:\/\/labunie.com.pl\/index.php?rest_route=\/wp\/v2\/posts\/13116\/revisions\/13119"}],"wp:featuredmedia":[{"embeddable":true,"href":"https:\/\/labunie.com.pl\/index.php?rest_route=\/wp\/v2\/media\/13117"}],"wp:attachment":[{"href":"https:\/\/labunie.com.pl\/index.php?rest_route=%2Fwp%2Fv2%2Fmedia&parent=13116"}],"wp:term":[{"taxonomy":"category","embeddable":true,"href":"https:\/\/labunie.com.pl\/index.php?rest_route=%2Fwp%2Fv2%2Fcategories&post=13116"},{"taxonomy":"post_tag","embeddable":true,"href":"https:\/\/labunie.com.pl\/index.php?rest_route=%2Fwp%2Fv2%2Ftags&post=13116"}],"curies":[{"name":"wp","href":"https:\/\/api.w.org\/{rel}","templated":true}]}}