{"id":13250,"date":"2019-06-09T08:00:03","date_gmt":"2019-06-09T06:00:03","guid":{"rendered":"https:\/\/www.labunie.com.pl\/?p=13250"},"modified":"2019-06-07T07:39:09","modified_gmt":"2019-06-07T05:39:09","slug":"60-lecie-osp-brodek-zaproszenie","status":"publish","type":"post","link":"https:\/\/labunie.com.pl\/?p=13250","title":{"rendered":"60-lecie OSP Br\u00f3dek &#8211; zaproszenie"},"content":{"rendered":"\n<p><strong>Zarz\u0105d Ochotniczej Stra\u017cy Po\u017carnej w Br\u00f3dku zaprasza 16 czerwca na obchody 60-lecia za\u0142o\u017cenia jednostki.<\/strong><\/p>\n\n\n\n<!--more-->\n\n\n\n<div style=\"height:120px\" aria-hidden=\"true\" class=\"wp-block-spacer\"><\/div>\n\n\n\n<figure class=\"wp-block-image\"><img loading=\"lazy\" decoding=\"async\" width=\"724\" height=\"1024\" src=\"https:\/\/www.labunie.com.pl\/wp-content\/uploads\/2019\/06\/60_osp_brodek_p-724x1024.png\" alt=\"\" class=\"wp-image-13251\" srcset=\"https:\/\/labunie.com.pl\/wp-content\/uploads\/2019\/06\/60_osp_brodek_p-724x1024.png 724w, https:\/\/labunie.com.pl\/wp-content\/uploads\/2019\/06\/60_osp_brodek_p-212x300.png 212w, https:\/\/labunie.com.pl\/wp-content\/uploads\/2019\/06\/60_osp_brodek_p-768x1086.png 768w, https:\/\/labunie.com.pl\/wp-content\/uploads\/2019\/06\/60_osp_brodek_p.png 1000w\" sizes=\"auto, (max-width: 724px) 100vw, 724px\" \/><\/figure>\n","protected":false},"excerpt":{"rendered":"<p>Zarz\u0105d Ochotniczej Stra\u017cy Po\u017carnej w Br\u00f3dku zaprasza 16 czerwca na obchody 60-lecia za\u0142o\u017cenia jednostki.<\/p>\n","protected":false},"author":7,"featured_media":13252,"comment_status":"closed","ping_status":"closed","sticky":false,"template":"","format":"standard","meta":{"footnotes":""},"categories":[1],"tags":[],"class_list":["post-13250","post","type-post","status-publish","format-standard","has-post-thumbnail","hentry","category-wpisy","clearfix"],"_links":{"self":[{"href":"https:\/\/labunie.com.pl\/index.php?rest_route=\/wp\/v2\/posts\/13250","targetHints":{"allow":["GET"]}}],"collection":[{"href":"https:\/\/labunie.com.pl\/index.php?rest_route=\/wp\/v2\/posts"}],"about":[{"href":"https:\/\/labunie.com.pl\/index.php?rest_route=\/wp\/v2\/types\/post"}],"author":[{"embeddable":true,"href":"https:\/\/labunie.com.pl\/index.php?rest_route=\/wp\/v2\/users\/7"}],"replies":[{"embeddable":true,"href":"https:\/\/labunie.com.pl\/index.php?rest_route=%2Fwp%2Fv2%2Fcomments&post=13250"}],"version-history":[{"count":5,"href":"https:\/\/labunie.com.pl\/index.php?rest_route=\/wp\/v2\/posts\/13250\/revisions"}],"predecessor-version":[{"id":13264,"href":"https:\/\/labunie.com.pl\/index.php?rest_route=\/wp\/v2\/posts\/13250\/revisions\/13264"}],"wp:featuredmedia":[{"embeddable":true,"href":"https:\/\/labunie.com.pl\/index.php?rest_route=\/wp\/v2\/media\/13252"}],"wp:attachment":[{"href":"https:\/\/labunie.com.pl\/index.php?rest_route=%2Fwp%2Fv2%2Fmedia&parent=13250"}],"wp:term":[{"taxonomy":"category","embeddable":true,"href":"https:\/\/labunie.com.pl\/index.php?rest_route=%2Fwp%2Fv2%2Fcategories&post=13250"},{"taxonomy":"post_tag","embeddable":true,"href":"https:\/\/labunie.com.pl\/index.php?rest_route=%2Fwp%2Fv2%2Ftags&post=13250"}],"curies":[{"name":"wp","href":"https:\/\/api.w.org\/{rel}","templated":true}]}}