{"id":13289,"date":"2019-06-12T07:00:13","date_gmt":"2019-06-12T05:00:13","guid":{"rendered":"https:\/\/www.labunie.com.pl\/?p=13289"},"modified":"2019-06-11T08:28:26","modified_gmt":"2019-06-11T06:28:26","slug":"wakacyjna-wojewodzka-akcja-honorowego-oddawania-krwi","status":"publish","type":"post","link":"https:\/\/labunie.com.pl\/?p=13289","title":{"rendered":"Wakacyjna wojew\u00f3dzka akcja honorowego oddawania krwi"},"content":{"rendered":"\n<p><strong>Wojewoda Lubelski Przemys\u0142aw Czarnek w odpowiedzi na apel Regionalnego Centrum Krwiodawstwa i Krwiolecznictwa zaprasza do wzi\u0119cia udzia\u0142u w &#8220;Wakacyjnej wojew\u00f3dzkiej akcji honorowego oddawania krwi&#8221;. Akcja odb\u0119dzie si\u0119 w \u015brod\u0119, 19 czerwca 2019 r. w godzinach 8:30 &#8211; 14:00 w Sali Kolumnowej Lubelskiego Urz\u0119du Wojew\u00f3dzkiego w Lublinie (ul. Spokojna 4).<\/strong><\/p>\n\n\n\n<!--more-->\n\n\n\n<div style=\"height:50px\" aria-hidden=\"true\" class=\"wp-block-spacer\"><\/div>\n\n\n\n<p style=\"text-align:left\" class=\"has-text-color has-vivid-red-color\"><em><strong>Dzi\u015b, jutro, za miesi\u0105c&#8230;<br>Pani Basia, kuzyn Wojtek, s\u0105siadka, synek kole\u017canki&#8230; <br>Ka\u017cdy kiedy\u015b mo\u017ce potrzebowa\u0107 krwi. <br>Nie da si\u0119 jej niczym zast\u0105pi\u0107. Mo\u017cna si\u0119 ni\u0105 podzieli\u0107.<\/strong><\/em><\/p>\n\n\n\n<div style=\"height:20px\" aria-hidden=\"true\" class=\"wp-block-spacer\"><\/div>\n\n\n\n<p>Na Twoj\u0105 krew i jej sk\u0142adniki czekaj\u0105 chorzy oraz poszkodowani w nieszcz\u0119\u015bliwych wypadkach. Jest wiele chor\u00f3b, kt\u00f3re leczy si\u0119 uzupe\u0142niaj\u0105c brakuj\u0105ce elementy krwi. Krwotoki, przeszczepy organ\u00f3w, choroby hematologiczne wymagaj\u0105 przetaczania sk\u0142adnik\u00f3w krwi. Podczas zabieg\u00f3w chirurgicznych, kiedy ubytek krwi jest du\u017cy, cz\u0119sto potrzebna jest transfuzja. Jednym \u017ar\u00f3d\u0142em krwi jest zdrowy cz\u0142owiek. <\/p>\n\n\n\n<div style=\"height:50px\" aria-hidden=\"true\" class=\"wp-block-spacer\"><\/div>\n\n\n\n<p><strong>Jak wygl\u0105da pobranie krwi?<\/strong><\/p>\n\n\n\n<div style=\"height:20px\" aria-hidden=\"true\" class=\"wp-block-spacer\"><\/div>\n\n\n\n<p>Samo oddawanie\nkrwi trwa ok. 20 min. W dniu poprzedzaj\u0105cym oddanie krwi nale\u017cy zje\u015b\u0107\nlekkostrawn\u0105 kolacj\u0119, a w dniu donacji \u2013 \u015bniadanie z jak najmniejsz\u0105\nzawarto\u015bci\u0105 t\u0142uszczu. Nale\u017cy zwr\u00f3ci\u0107 uwag\u0119 na uzupe\u0142nienie p\u0142yn\u00f3w (woda, soki,\nherbata) ju\u017c w dniu poprzedzaj\u0105cym oddanie krwi, aby nawodni\u0107 organizm. Po\nzarejestrowaniu si\u0119 w Centrum Krwiodawstwa przechodzi si\u0119 obowi\u0105zkowe badania\nlekarskie, a tak\u017ce pobierana jest pr\u00f3bka krwi, w celu upewnienia si\u0119, czy dana\nosoba mo\u017ce zosta\u0107 Honorowym Krwiodawc\u0105. Podczas pobrania w\u0142a\u015bciwego zazwyczaj\noddaje si\u0119 tzw. jednostk\u0119 (450 ml) krwi pe\u0142nej. <\/p>\n\n\n\n<div style=\"height:20px\" aria-hidden=\"true\" class=\"wp-block-spacer\"><\/div>\n\n\n\n<p><strong>Wa\u017cne:<\/strong> krew pobierana jest wy\u0142\u0105cznie przy u\u017cyciu jednorazowego sprz\u0119tu, tak wi\u0119c nie istnieje ryzyko zara\u017cenia si\u0119 \u017cadn\u0105 chorob\u0105.\u00a0<\/p>\n\n\n\n<div style=\"height:50px\" aria-hidden=\"true\" class=\"wp-block-spacer\"><\/div>\n\n\n\n<p style=\"text-align:center\" class=\"has-text-color has-background has-medium-font-size has-very-light-gray-color has-vivid-red-background-color\"><strong>DO\u0141\u0104CZ DO TYCH, KT\u00d3RZY RATUJ\u0104 \u017bYCIE I ZDROWIE \u2013 ZOSTA\u0143 HONOROWYM DAWC\u0104\nKRWI!<\/strong><\/p>\n\n\n\n<p style=\"text-align:center\" class=\"has-text-color has-background has-medium-font-size has-very-light-gray-color has-vivid-red-background-color\"><strong>ZAPRASZAMY DO UDZIA\u0141U W WAKACYJNEJ WOJEW\u00d3DZKIEJ AKCJI HONOROWEGO ODDAWANIA KRWI W DNIU 19 CZERWCA 2019 r., W GODZ. 8.30 \u2013 14.00 W LUBELSKIM URZ\u0118DZIE WOJEW\u00d3DZKIM UL. SPOKOJNA 4 <\/strong><\/p>\n\n\n\n<div style=\"height:20px\" aria-hidden=\"true\" class=\"wp-block-spacer\"><\/div>\n\n\n\n<div class=\"wp-block-image\"><figure class=\"aligncenter\"><img loading=\"lazy\" decoding=\"async\" width=\"720\" height=\"960\" src=\"https:\/\/www.labunie.com.pl\/wp-content\/uploads\/2019\/06\/rckik_Plakat-3.jpg\" alt=\"\" class=\"wp-image-13298\" srcset=\"https:\/\/labunie.com.pl\/wp-content\/uploads\/2019\/06\/rckik_Plakat-3.jpg 720w, https:\/\/labunie.com.pl\/wp-content\/uploads\/2019\/06\/rckik_Plakat-3-225x300.jpg 225w\" sizes=\"auto, (max-width: 720px) 100vw, 720px\" \/><\/figure><\/div>\n\n\n\n<div class=\"wp-block-image\"><figure class=\"aligncenter\"><img loading=\"lazy\" decoding=\"async\" width=\"1024\" height=\"646\" src=\"https:\/\/www.labunie.com.pl\/wp-content\/uploads\/2019\/06\/rckik_Plakat-1-1024x646.jpg\" alt=\"\" class=\"wp-image-13300\" srcset=\"https:\/\/labunie.com.pl\/wp-content\/uploads\/2019\/06\/rckik_Plakat-1-1024x646.jpg 1024w, https:\/\/labunie.com.pl\/wp-content\/uploads\/2019\/06\/rckik_Plakat-1-300x189.jpg 300w, https:\/\/labunie.com.pl\/wp-content\/uploads\/2019\/06\/rckik_Plakat-1-768x485.jpg 768w, https:\/\/labunie.com.pl\/wp-content\/uploads\/2019\/06\/rckik_Plakat-1.jpg 2048w\" sizes=\"auto, (max-width: 1024px) 100vw, 1024px\" \/><\/figure><\/div>\n\n\n\n<div class=\"wp-block-image\"><figure class=\"aligncenter\"><img loading=\"lazy\" decoding=\"async\" width=\"941\" height=\"1024\" src=\"https:\/\/www.labunie.com.pl\/wp-content\/uploads\/2019\/06\/Plakat-szpik-941x1024.png\" alt=\"\" class=\"wp-image-13311\" srcset=\"https:\/\/labunie.com.pl\/wp-content\/uploads\/2019\/06\/Plakat-szpik-941x1024.png 941w, https:\/\/labunie.com.pl\/wp-content\/uploads\/2019\/06\/Plakat-szpik-276x300.png 276w, https:\/\/labunie.com.pl\/wp-content\/uploads\/2019\/06\/Plakat-szpik-768x836.png 768w, https:\/\/labunie.com.pl\/wp-content\/uploads\/2019\/06\/Plakat-szpik.png 1725w\" sizes=\"auto, (max-width: 941px) 100vw, 941px\" \/><\/figure><\/div>\n\n\n\n<div style=\"height:50px\" aria-hidden=\"true\" class=\"wp-block-spacer\"><\/div>\n\n\n\n<div class=\"wp-block-file\"><a href=\"https:\/\/www.labunie.com.pl\/wp-content\/uploads\/2019\/06\/RCKiK_krew_ulotka.pdf\">Twoja krew ratuje \u017cycie<\/a><a href=\"https:\/\/www.labunie.com.pl\/wp-content\/uploads\/2019\/06\/RCKiK_krew_ulotka.pdf\" class=\"wp-block-file__button\" download>Pobierz<\/a><\/div>\n\n\n\n<div class=\"wp-block-file\"><a href=\"https:\/\/www.labunie.com.pl\/wp-content\/uploads\/2019\/06\/RCKiK_szpik_ulotka_biala.pdf\">Pom\u00f3\u017c chorym &#8211; zosta\u0144 dawc\u0105 szpiku<\/a><a href=\"https:\/\/www.labunie.com.pl\/wp-content\/uploads\/2019\/06\/RCKiK_szpik_ulotka_biala.pdf\" class=\"wp-block-file__button\" download>Pobierz<\/a><\/div>\n\n\n\n<p> <\/p>\n","protected":false},"excerpt":{"rendered":"<p>Wojewoda Lubelski Przemys\u0142aw Czarnek w odpowiedzi na apel Regionalnego Centrum Krwiodawstwa i Krwiolecznictwa zaprasza do wzi\u0119cia udzia\u0142u w &#8220;Wakacyjnej wojew\u00f3dzkiej akcji honorowego oddawania krwi&#8221;. Akcja odb\u0119dzie si\u0119 w \u015brod\u0119, 19 czerwca 2019 r. w godzinach 8:30 &#8211; 14:00 w Sali Kolumnowej Lubelskiego Urz\u0119du Wojew\u00f3dzkiego w Lublinie (ul. Spokojna 4).<\/p>\n","protected":false},"author":7,"featured_media":11356,"comment_status":"closed","ping_status":"closed","sticky":false,"template":"","format":"standard","meta":{"footnotes":""},"categories":[1],"tags":[],"class_list":["post-13289","post","type-post","status-publish","format-standard","has-post-thumbnail","hentry","category-wpisy","clearfix"],"_links":{"self":[{"href":"https:\/\/labunie.com.pl\/index.php?rest_route=\/wp\/v2\/posts\/13289","targetHints":{"allow":["GET"]}}],"collection":[{"href":"https:\/\/labunie.com.pl\/index.php?rest_route=\/wp\/v2\/posts"}],"about":[{"href":"https:\/\/labunie.com.pl\/index.php?rest_route=\/wp\/v2\/types\/post"}],"author":[{"embeddable":true,"href":"https:\/\/labunie.com.pl\/index.php?rest_route=\/wp\/v2\/users\/7"}],"replies":[{"embeddable":true,"href":"https:\/\/labunie.com.pl\/index.php?rest_route=%2Fwp%2Fv2%2Fcomments&post=13289"}],"version-history":[{"count":5,"href":"https:\/\/labunie.com.pl\/index.php?rest_route=\/wp\/v2\/posts\/13289\/revisions"}],"predecessor-version":[{"id":13314,"href":"https:\/\/labunie.com.pl\/index.php?rest_route=\/wp\/v2\/posts\/13289\/revisions\/13314"}],"wp:featuredmedia":[{"embeddable":true,"href":"https:\/\/labunie.com.pl\/index.php?rest_route=\/wp\/v2\/media\/11356"}],"wp:attachment":[{"href":"https:\/\/labunie.com.pl\/index.php?rest_route=%2Fwp%2Fv2%2Fmedia&parent=13289"}],"wp:term":[{"taxonomy":"category","embeddable":true,"href":"https:\/\/labunie.com.pl\/index.php?rest_route=%2Fwp%2Fv2%2Fcategories&post=13289"},{"taxonomy":"post_tag","embeddable":true,"href":"https:\/\/labunie.com.pl\/index.php?rest_route=%2Fwp%2Fv2%2Ftags&post=13289"}],"curies":[{"name":"wp","href":"https:\/\/api.w.org\/{rel}","templated":true}]}}