{"id":13329,"date":"2019-06-13T23:11:12","date_gmt":"2019-06-13T21:11:12","guid":{"rendered":"https:\/\/www.labunie.com.pl\/?p=13329"},"modified":"2019-06-13T23:11:12","modified_gmt":"2019-06-13T21:11:12","slug":"strazacy-z-brodka-zapraszaja-do-swietowania","status":"publish","type":"post","link":"https:\/\/labunie.com.pl\/?p=13329","title":{"rendered":"Stra\u017cacy z Br\u00f3dka zapraszaj\u0105 do \u015bwi\u0119towania"},"content":{"rendered":"\n<p>\u201e<strong>Sto lat\u201d zabrzmi 16 czerwca w Br\u00f3dku. Tego dnia szykuje si\u0119 jedno z wa\u017cniejszych w tym roku wydarze\u0144 w gminie \u0141abunie. Ochotnicza Stra\u017c Po\u017carna w Br\u00f3dku b\u0119dzie \u015bwi\u0119towa\u0142a 60-lecie. Rezerwujcie niedzielne popo\u0142udnie i \u015bwi\u0119tujcie razem ze stra\u017cakami.<\/strong><\/p>\n\n\n\n<!--more-->\n\n\n\n<div style=\"height:73px\" aria-hidden=\"true\" class=\"wp-block-spacer\"><\/div>\n\n\n\n<p>Uroczysto\u015bci rozpoczn\u0105\nsi\u0119 o godz. 14.00. Zaczn\u0105 si\u0119 od mszy polowej. Po niej \u2013 m.in.\nwr\u0119czenie odznacze\u0144. Po cz\u0119\u015bci oficjalnej wystartuje piknik\nstra\u017cacki. Od godz. 16.00: pokazy sprz\u0119tu po\u017carniczego, dmuchany\nplac zabaw dla dzieci, wsp\u00f3lne grillowanie i parasolki. Na koniec\nenergetyczna impreza taneczna pod gwiazdami z zespo\u0142em Diament. \n<\/p>\n\n\n\n<p>Impreza odbywa\u0107 si\u0119 b\u0119dzie na placu przy remizie OSP w Br\u00f3dku.<\/p>\n\n\n\n<div style=\"height:31px\" aria-hidden=\"true\" class=\"wp-block-spacer\"><\/div>\n\n\n\n<figure class=\"wp-block-image\"><img loading=\"lazy\" decoding=\"async\" width=\"724\" height=\"1024\" src=\"https:\/\/www.labunie.com.pl\/wp-content\/uploads\/2019\/06\/60_osp_brodek_p-724x1024-1-724x1024.png\" alt=\"\" class=\"wp-image-13333\" srcset=\"https:\/\/labunie.com.pl\/wp-content\/uploads\/2019\/06\/60_osp_brodek_p-724x1024-1.png 724w, https:\/\/labunie.com.pl\/wp-content\/uploads\/2019\/06\/60_osp_brodek_p-724x1024-1-212x300.png 212w\" sizes=\"auto, (max-width: 724px) 100vw, 724px\" \/><\/figure>\n\n\n\n<p>  <\/p>\n","protected":false},"excerpt":{"rendered":"<p>\u201eSto lat\u201d zabrzmi 16 czerwca w Br\u00f3dku. Tego dnia szykuje si\u0119 jedno z wa\u017cniejszych w tym roku wydarze\u0144 w gminie \u0141abunie. Ochotnicza Stra\u017c Po\u017carna w Br\u00f3dku b\u0119dzie \u015bwi\u0119towa\u0142a 60-lecie. Rezerwujcie niedzielne popo\u0142udnie i \u015bwi\u0119tujcie razem ze stra\u017cakami.<\/p>\n","protected":false},"author":11,"featured_media":13332,"comment_status":"closed","ping_status":"closed","sticky":false,"template":"","format":"standard","meta":{"footnotes":""},"categories":[1],"tags":[],"class_list":["post-13329","post","type-post","status-publish","format-standard","has-post-thumbnail","hentry","category-wpisy","clearfix"],"_links":{"self":[{"href":"https:\/\/labunie.com.pl\/index.php?rest_route=\/wp\/v2\/posts\/13329","targetHints":{"allow":["GET"]}}],"collection":[{"href":"https:\/\/labunie.com.pl\/index.php?rest_route=\/wp\/v2\/posts"}],"about":[{"href":"https:\/\/labunie.com.pl\/index.php?rest_route=\/wp\/v2\/types\/post"}],"author":[{"embeddable":true,"href":"https:\/\/labunie.com.pl\/index.php?rest_route=\/wp\/v2\/users\/11"}],"replies":[{"embeddable":true,"href":"https:\/\/labunie.com.pl\/index.php?rest_route=%2Fwp%2Fv2%2Fcomments&post=13329"}],"version-history":[{"count":2,"href":"https:\/\/labunie.com.pl\/index.php?rest_route=\/wp\/v2\/posts\/13329\/revisions"}],"predecessor-version":[{"id":13334,"href":"https:\/\/labunie.com.pl\/index.php?rest_route=\/wp\/v2\/posts\/13329\/revisions\/13334"}],"wp:featuredmedia":[{"embeddable":true,"href":"https:\/\/labunie.com.pl\/index.php?rest_route=\/wp\/v2\/media\/13332"}],"wp:attachment":[{"href":"https:\/\/labunie.com.pl\/index.php?rest_route=%2Fwp%2Fv2%2Fmedia&parent=13329"}],"wp:term":[{"taxonomy":"category","embeddable":true,"href":"https:\/\/labunie.com.pl\/index.php?rest_route=%2Fwp%2Fv2%2Fcategories&post=13329"},{"taxonomy":"post_tag","embeddable":true,"href":"https:\/\/labunie.com.pl\/index.php?rest_route=%2Fwp%2Fv2%2Ftags&post=13329"}],"curies":[{"name":"wp","href":"https:\/\/api.w.org\/{rel}","templated":true}]}}