{"id":13391,"date":"2019-06-18T08:38:27","date_gmt":"2019-06-18T06:38:27","guid":{"rendered":"https:\/\/www.labunie.com.pl\/?p=13391"},"modified":"2019-06-18T08:38:27","modified_gmt":"2019-06-18T06:38:27","slug":"lowcy-przygod-zlowili-nagrode","status":"publish","type":"post","link":"https:\/\/labunie.com.pl\/?p=13391","title":{"rendered":"\u0141owcy Przyg\u00f3d z\u0142owili nagrod\u0119"},"content":{"rendered":"\n<p><strong>Dru\u017cyna \u0141owcy Przyg\u00f3d bior\u0105ca udzia\u0142 w III Integracyjnej Grze Terenowej Le\u015bne Nowiny zwyci\u0119\u017cy\u0142a w konkursie fotograficznym na najlepsze zdj\u0119cia z tego wydarzenia.<\/strong><\/p>\n\n\n\n<!--more-->\n\n\n\n<div style=\"height:33px\" aria-hidden=\"true\" class=\"wp-block-spacer\"><\/div>\n\n\n\n<p>Rajd odby\u0142 si\u0119 7 czerwca. Przypomnijmy: 11 dru\u017cyn (ponad 120 os\u00f3b) przesz\u0142o 6,5 km od Barchaczowa do Moc\u00f3wki po zak\u0105tkach le\u015bnych i widokowych drogach polnych. Na trasie mia\u0142y za zadanie znale\u017a\u0107 baz\u0119 i rozwi\u0105za\u0107 czekaj\u0105ce na nich tam zagadki, quizy i konkursy. Dru\u017cyny, kt\u00f3re zdoby\u0142y najwi\u0119cej punkt\u00f3w zgarn\u0119\u0142y wej\u015bci\u00f3wki do zamojskiego zoo. Kolejnym etapem rajdu by\u0142 konkurs fotograficzny. Dru\u017cyny mia\u0142y za zadanie pstryka\u0107 foty z ka\u017cdej  bazy,  kt\u00f3re potem nades\u0142a\u0142y na konkurs do Urz\u0119du Gminy \u0141abunie. Komisja wybra\u0142a dru\u017cyn\u0119, kt\u00f3ra jej zdaniem zrobi\u0142a najfajniejsze zdj\u0119cia. To \u0141owcy Przyg\u00f3d ze Szko\u0142y Podstawowej w \u0141abu\u0144kach Pierwszych. Dru\u017cyna otrzymuje nagrod\u0119 &#8211; wej\u015bci\u00f3wki do Laser Factory w Zamo\u015bciu na paintabll laserowy. Gratulujemy i do zobaczenia za rok na kolejnych Le\u015bnych Nowinach. <\/p>\n\n\n\n<div style=\"height:49px\" aria-hidden=\"true\" class=\"wp-block-spacer\"><\/div>\n\n\n\n<p><br><\/p>\n\n\n<p>[lg_folder folder=&#8221;20190617\/&#8221; paging=&#8221;false&#8221;]<\/p>","protected":false},"excerpt":{"rendered":"<p>Dru\u017cyna \u0141owcy Przyg\u00f3d bior\u0105ca udzia\u0142 w III Integracyjnej Grze Terenowej Le\u015bne Nowiny zwyci\u0119\u017cy\u0142a w konkursie fotograficznym na najlepsze zdj\u0119cia z tego wydarzenia.<\/p>\n","protected":false},"author":11,"featured_media":13392,"comment_status":"closed","ping_status":"closed","sticky":false,"template":"","format":"standard","meta":{"footnotes":""},"categories":[1],"tags":[],"class_list":["post-13391","post","type-post","status-publish","format-standard","has-post-thumbnail","hentry","category-wpisy","clearfix"],"_links":{"self":[{"href":"https:\/\/labunie.com.pl\/index.php?rest_route=\/wp\/v2\/posts\/13391","targetHints":{"allow":["GET"]}}],"collection":[{"href":"https:\/\/labunie.com.pl\/index.php?rest_route=\/wp\/v2\/posts"}],"about":[{"href":"https:\/\/labunie.com.pl\/index.php?rest_route=\/wp\/v2\/types\/post"}],"author":[{"embeddable":true,"href":"https:\/\/labunie.com.pl\/index.php?rest_route=\/wp\/v2\/users\/11"}],"replies":[{"embeddable":true,"href":"https:\/\/labunie.com.pl\/index.php?rest_route=%2Fwp%2Fv2%2Fcomments&post=13391"}],"version-history":[{"count":2,"href":"https:\/\/labunie.com.pl\/index.php?rest_route=\/wp\/v2\/posts\/13391\/revisions"}],"predecessor-version":[{"id":13394,"href":"https:\/\/labunie.com.pl\/index.php?rest_route=\/wp\/v2\/posts\/13391\/revisions\/13394"}],"wp:featuredmedia":[{"embeddable":true,"href":"https:\/\/labunie.com.pl\/index.php?rest_route=\/wp\/v2\/media\/13392"}],"wp:attachment":[{"href":"https:\/\/labunie.com.pl\/index.php?rest_route=%2Fwp%2Fv2%2Fmedia&parent=13391"}],"wp:term":[{"taxonomy":"category","embeddable":true,"href":"https:\/\/labunie.com.pl\/index.php?rest_route=%2Fwp%2Fv2%2Fcategories&post=13391"},{"taxonomy":"post_tag","embeddable":true,"href":"https:\/\/labunie.com.pl\/index.php?rest_route=%2Fwp%2Fv2%2Ftags&post=13391"}],"curies":[{"name":"wp","href":"https:\/\/api.w.org\/{rel}","templated":true}]}}