{"id":13398,"date":"2019-06-18T12:07:07","date_gmt":"2019-06-18T10:07:07","guid":{"rendered":"https:\/\/www.labunie.com.pl\/?p=13398"},"modified":"2019-06-18T12:07:07","modified_gmt":"2019-06-18T10:07:07","slug":"60-lat-osp-brodek","status":"publish","type":"post","link":"https:\/\/labunie.com.pl\/?p=13398","title":{"rendered":"60 LAT OSP Br\u00f3dek"},"content":{"rendered":"\n<p><strong>Ochotnicza Stra\u017c Po\u017carna w Br\u00f3dku ma ju\u017c 60 lat. Okazj\u0105 do \u015bwi\u0119towania by\u0142y uroczyste obchody a potem piknik stra\u017cacki dla mieszka\u0144c\u00f3w. <\/strong> <\/p>\n\n\n\n<!--more-->\n\n\n\n<div style=\"height:100px\" aria-hidden=\"true\" class=\"wp-block-spacer\"><\/div>\n\n\n\n<p>Wydarzenie odby\u0142o si\u0119 w niedziel\u0119, 16 czerwca,. Uroczysto\u015bci rozpocz\u0119\u0142y si\u0119 od mszy polowej. W\u00f3jt gminy \u0141abunie \u2013 Mariusz Kukie\u0142ka odczyta\u0142 list gratulacyjny skierowany do stra\u017cak\u00f3w od Lubelskiego Komendanta Wojew\u00f3dzkiego PSP Grzegorza Alinowskiego. Po nabo\u017ce\u0144stwie g\u0142os zabrali r\u00f3wnie\u017c zaproszeni go\u015bcie a nast\u0119pnie zas\u0142u\u017conym stra\u017cakom wr\u0119czono odznaczenia. Medale za Zas\u0142ugi dla Po\u017carnictwa otrzymali: <strong>Br\u0105zowy \u2013 <\/strong>Dh Bart\u0142omiej Burda, Dh Stanis\u0142aw Wojtas. <strong>Srebrny<\/strong> &#8211; Dh Andrzej Wojtas, Dh Janusz Kukie\u0142ka i  Dh Mateusz Ci\u0119ciera, <strong>Z\u0142oty<\/strong> \u2013 Dh Pawe\u0142 Mr\u00f3z (Komendant Gminny OSP i Naczelnik OSP Br\u00f3dek). Odznaczona zosta\u0142a r\u00f3wnie\u017c spo\u0142eczno\u015b\u0107 OSP w Br\u00f3dku otrzymuj\u0105c Srebrny Medal za Zas\u0142ugi dla Po\u017carnictwa.  Wr\u0119czono odznaki &#8220;Stra\u017cak Wzorowy&#8221; i &#8220;Za wys\u0142ug\u0119 lat&#8221;<\/p>\n\n\n\n<p>Po cz\u0119\u015bci oficjalnej rozpocz\u0105\u0142 si\u0119 piknik\nstra\u017cacki z atrakcjami dla dzieci, pokazami sprz\u0119tu po\u017carniczego i\nzabaw\u0105 taneczn\u0105. \n<\/p>\n\n\n\n<p>W\u015br\u00f3d zaproszonych go\u015bci na 60-leciu OSP w Br\u00f3dku znale\u017ali si\u0119: Stanis\u0142aw Grze\u015bko \u2013 Starosta Zamojski, Antoni Skura- V-ce Przewodnicz\u0105cy Rady Powiatu, st. bryg. Jacek Sobczy\u0144ski \u2013 Komendant Pa\u0144stwowej Stra\u017cy Po\u017carnej w Zamo\u015bciu, Mieczys\u0142aw Skiba \u2013 p\u0142k w stanie spoczynku, Mariusz Branecki \u2013 Wiceprezes Zarz\u0105du Oddzia\u0142u Powiatowego ZOSP RP w Zamo\u015bciu.  <\/p>\n\n\n\n<p>Gmin\u0119 \u0141abunie na uroczysto\u015bciach reprezentowali: Mariusz Kukie\u0142ka \u2013 W\u00f3jt Gminy \u0141abunie, El\u017cbieta Ku\u017ama \u2013 Przewodnicz\u0105ca Rady Gminy \u0141abunie, Mariusz Kliza \u2013 Z-ca Przewodnicz\u0105cego Rady Gminy \u0141abunie, radni i so\u0142tysi Gminy \u0141abunie. Udzia\u0142 w uroczysto\u015bciach wzi\u0119li r\u00f3wnie\u017c: Prezesi oraz Komendanci Gminni Zwi\u0105zku OSP RP powiatu zamojskiego, stra\u017cacy i mieszka\u0144cy oraz go\u015bcie, kt\u00f3rzy odwiedzili gmin\u0119 \u0141abunie w d\u0142ugi majowy weekend.<\/p>\n\n\n\n<p>Organizatorem\nwydarzenia by\u0142 OSP Br\u00f3dek oraz W\u00f3jt gminy \u0141abunie. \n<\/p>\n\n\n\n<div style=\"height:20px\" aria-hidden=\"true\" class=\"wp-block-spacer\"><\/div>\n\n\n<p>[lg_folder folder=&#8221;20190616\/&#8221; paging=&#8221;false&#8221;]<\/p>","protected":false},"excerpt":{"rendered":"<p>Ochotnicza Stra\u017c Po\u017carna w Br\u00f3dku ma ju\u017c 60 lat. Okazj\u0105 do \u015bwi\u0119towania by\u0142y uroczyste obchody a potem piknik stra\u017cacki dla mieszka\u0144c\u00f3w.<\/p>\n","protected":false},"author":11,"featured_media":13401,"comment_status":"closed","ping_status":"closed","sticky":false,"template":"","format":"standard","meta":{"footnotes":""},"categories":[1],"tags":[],"class_list":["post-13398","post","type-post","status-publish","format-standard","has-post-thumbnail","hentry","category-wpisy","clearfix"],"_links":{"self":[{"href":"https:\/\/labunie.com.pl\/index.php?rest_route=\/wp\/v2\/posts\/13398","targetHints":{"allow":["GET"]}}],"collection":[{"href":"https:\/\/labunie.com.pl\/index.php?rest_route=\/wp\/v2\/posts"}],"about":[{"href":"https:\/\/labunie.com.pl\/index.php?rest_route=\/wp\/v2\/types\/post"}],"author":[{"embeddable":true,"href":"https:\/\/labunie.com.pl\/index.php?rest_route=\/wp\/v2\/users\/11"}],"replies":[{"embeddable":true,"href":"https:\/\/labunie.com.pl\/index.php?rest_route=%2Fwp%2Fv2%2Fcomments&post=13398"}],"version-history":[{"count":4,"href":"https:\/\/labunie.com.pl\/index.php?rest_route=\/wp\/v2\/posts\/13398\/revisions"}],"predecessor-version":[{"id":13404,"href":"https:\/\/labunie.com.pl\/index.php?rest_route=\/wp\/v2\/posts\/13398\/revisions\/13404"}],"wp:featuredmedia":[{"embeddable":true,"href":"https:\/\/labunie.com.pl\/index.php?rest_route=\/wp\/v2\/media\/13401"}],"wp:attachment":[{"href":"https:\/\/labunie.com.pl\/index.php?rest_route=%2Fwp%2Fv2%2Fmedia&parent=13398"}],"wp:term":[{"taxonomy":"category","embeddable":true,"href":"https:\/\/labunie.com.pl\/index.php?rest_route=%2Fwp%2Fv2%2Fcategories&post=13398"},{"taxonomy":"post_tag","embeddable":true,"href":"https:\/\/labunie.com.pl\/index.php?rest_route=%2Fwp%2Fv2%2Ftags&post=13398"}],"curies":[{"name":"wp","href":"https:\/\/api.w.org\/{rel}","templated":true}]}}