{"id":13520,"date":"2019-06-27T12:53:54","date_gmt":"2019-06-27T10:53:54","guid":{"rendered":"https:\/\/www.labunie.com.pl\/?p=13520"},"modified":"2019-06-27T17:18:27","modified_gmt":"2019-06-27T15:18:27","slug":"strazacy-na-zawodach","status":"publish","type":"post","link":"https:\/\/labunie.com.pl\/?p=13520","title":{"rendered":"Stra\u017cacy na zawodach"},"content":{"rendered":"\n<p><strong>Sztafeta po\u017carnicza i \u0107wiczenia bojowe &#8211; przez takie zawody musieli przebrn\u0105\u0107 stra\u017cacy Ochotniczych Stra\u017cacy Po\u017carnych z gminy \u0141abunie. Wzi\u0119li udzia\u0142 w corocznych zawodach sportowo-po\u017carniczych.<\/strong><\/p>\n\n\n\n<!--more-->\n\n\n\n<div style=\"height:100px\" aria-hidden=\"true\" class=\"wp-block-spacer\"><\/div>\n\n\n\n<p>Zawody odby\u0142y si\u0119 w niedziel\u0119, 23 czerwca w Komarowie-Osadzie. Nasi spisali si\u0119 jak zawsze na medal. Nie mieli problem\u00f3w ani ze sztafet\u0105 po\u017carnicz\u0105 z przeszkodami ani z \u0107wiczeniami bojowymi. <\/p>\n\n\n\n<p>W pierwszej konkurencji najlepsza by\u0142a OSP Barchacz\u00f3w. Na drugim miejscu uplasowa\u0142a si\u0119 OSP Majdan Ruszowski, a na trzecim &#8211; OSP \u0141abunie.<\/p>\n\n\n\n<p>W \u0107wiczeniu bojowym najlepsza z gminy \u0141abunie by\u0142a OSP \u0141abunie; druga lokat\u0119 zaj\u0119li stra\u017cacy z Barchaczowa a trzeci\u0105 z Br\u00f3dka. <\/p>\n\n\n\n<div style=\"height:20px\" aria-hidden=\"true\" class=\"wp-block-spacer\"><\/div>\n\n\n\n<p>W klasyfikacji \u0142\u0105cznej r\u00f3wnych nie mia\u0142a sobie OSP \u0141abunie. Drug\u0105 lokat\u0119 zaj\u0119\u0142a OSP Br\u00f3dek, a trzeci\u0105 OSP Barchacz\u00f3w. Na kolejnych miejscach uplasowa\u0142a si\u0119 odpowiednio: OSP \u0141abu\u0144ki, OSP Rusz\u00f3w i OSP Majdan Ruszowski.<\/p>\n\n\n\n<div style=\"height:20px\" aria-hidden=\"true\" class=\"wp-block-spacer\"><\/div>\n\n\n\n<p>Teraz najlepsze stra\u017cackie dru\u017cyny z naszej gminy pojad\u0105 na powiatowe zawody sportowo-po\u017carnicze do Szczebrzeszyna. Te odb\u0119d\u0105 si\u0119 7 lipca.<\/p>\n\n\n\n<p>Powodzenia!<br><\/p>\n\n\n\n<div style=\"height:20px\" aria-hidden=\"true\" class=\"wp-block-spacer\"><\/div>\n\n\n<p style=\"text-align: left;\">[lg_folder folder=&#8221;20190623\/&#8221; paging=&#8221;false&#8221;]<\/p>\n\n\n<p style=\"text-align:right\"><em>fot. Katarzyna Branecka<\/em><\/p>\n","protected":false},"excerpt":{"rendered":"<p>Sztafeta po\u017carnicza i \u0107wiczenia bojowe &#8211; przez takie zawody musieli przebrn\u0105\u0107 stra\u017cacy Ochotniczych Stra\u017cacy Po\u017carnych z gminy \u0141abunie. Wzi\u0119li udzia\u0142 w corocznych zawodach sportowo-po\u017carniczych.<\/p>\n","protected":false},"author":11,"featured_media":13521,"comment_status":"closed","ping_status":"closed","sticky":false,"template":"","format":"standard","meta":{"footnotes":""},"categories":[1],"tags":[],"class_list":["post-13520","post","type-post","status-publish","format-standard","has-post-thumbnail","hentry","category-wpisy","clearfix"],"_links":{"self":[{"href":"https:\/\/labunie.com.pl\/index.php?rest_route=\/wp\/v2\/posts\/13520","targetHints":{"allow":["GET"]}}],"collection":[{"href":"https:\/\/labunie.com.pl\/index.php?rest_route=\/wp\/v2\/posts"}],"about":[{"href":"https:\/\/labunie.com.pl\/index.php?rest_route=\/wp\/v2\/types\/post"}],"author":[{"embeddable":true,"href":"https:\/\/labunie.com.pl\/index.php?rest_route=\/wp\/v2\/users\/11"}],"replies":[{"embeddable":true,"href":"https:\/\/labunie.com.pl\/index.php?rest_route=%2Fwp%2Fv2%2Fcomments&post=13520"}],"version-history":[{"count":3,"href":"https:\/\/labunie.com.pl\/index.php?rest_route=\/wp\/v2\/posts\/13520\/revisions"}],"predecessor-version":[{"id":13525,"href":"https:\/\/labunie.com.pl\/index.php?rest_route=\/wp\/v2\/posts\/13520\/revisions\/13525"}],"wp:featuredmedia":[{"embeddable":true,"href":"https:\/\/labunie.com.pl\/index.php?rest_route=\/wp\/v2\/media\/13521"}],"wp:attachment":[{"href":"https:\/\/labunie.com.pl\/index.php?rest_route=%2Fwp%2Fv2%2Fmedia&parent=13520"}],"wp:term":[{"taxonomy":"category","embeddable":true,"href":"https:\/\/labunie.com.pl\/index.php?rest_route=%2Fwp%2Fv2%2Fcategories&post=13520"},{"taxonomy":"post_tag","embeddable":true,"href":"https:\/\/labunie.com.pl\/index.php?rest_route=%2Fwp%2Fv2%2Ftags&post=13520"}],"curies":[{"name":"wp","href":"https:\/\/api.w.org\/{rel}","templated":true}]}}