{"id":13919,"date":"2019-07-24T21:13:24","date_gmt":"2019-07-24T19:13:24","guid":{"rendered":"https:\/\/www.labunie.com.pl\/?p=13919"},"modified":"2019-07-24T21:15:05","modified_gmt":"2019-07-24T19:15:05","slug":"gmina-labunie-to-gmina-na-6","status":"publish","type":"post","link":"https:\/\/labunie.com.pl\/?p=13919","title":{"rendered":"Gmina \u0141abunie to Gmina na 6"},"content":{"rendered":"\n<p><strong>Gmina \u0141abunie znalaz\u0142a si\u0119 w doborowym towarzystwie nagrodzonych w konkursie &#8220;Gmina na 6&#8221; organizowanym przez Kurier Lubelski. Docenili nas za energi\u0119 odnawialn\u0105. <\/strong><\/p>\n\n\n\n<!--more-->\n\n\n\n<div style=\"height:53px\" aria-hidden=\"true\" class=\"wp-block-spacer\"><\/div>\n\n\n\n<p>W czwartek, 18 lipca w Lubelskim Centrum Konferencyjnym odby\u0142a si\u0119 fina\u0142owa gala konkursu &#8220;Gmina na 6&#8221;. Jego organizatorem by\u0142 Kurier Lubelski, a partnerem wydarzenia &#8211; Samorz\u0105d Wojew\u00f3dztwa Lubelskiego. Nagrody wr\u0119cza\u0142 wicemarsza\u0142ek Lubelszczyzny &#8211; Dariusz Stefaniuk. Kapitu\u0142a konkursowa przy wyborze najlepszych bra\u0142a pod uwag\u0119 sprawno\u015b\u0107 samorz\u0105d\u00f3w w wykorzystaniu funduszy unijnych. W gronie nagrodzonych znalaz\u0142a si\u0119 r\u00f3wnie\u017c gmina \u0141abunie, kt\u00f3ra otrzyma\u0142a pierwsze wyr\u00f3\u017cnienie w powiecie zamojskim za energi\u0119 odnawialn\u0105. Pierwsze miejsce zdoby\u0142a gmina Skierbiesz\u00f3w za rozw\u00f3j infrastruktury przedszkolnej, a drugie wyr\u00f3\u017cnienie zaraz po nas dosta\u0142a gmina Su\u0142\u00f3w za termomodernizacj\u0119 obiekt\u00f3w u\u017cyteczno\u015bci publicznej. Zwyci\u0119zc\u00f3w typowano  w ka\u017cdym powiecie wojew\u00f3dztwa lubelskiego oraz w miastach na prawach powiatu. Samorz\u0105dy walczy\u0142y w czterech kategoriach: &#8220;Gmina przyjazna turystom&#8221;,  &#8220;Gmina przyjazna inwestorom&#8221;, &#8220;Gmina przyjazna mieszka\u0144com&#8221; i &#8220;Gmina przyjazna \u015brodowisku&#8221;. W imieniu mieszka\u0144c\u00f3w gminy \u0141abunie nagrod\u0119 odbiera\u0142 W\u00f3jt Mariusz Kukie\u0142ka. <\/p>\n\n\n\n<p>Przypomnijmy &#8211; w ubieg\u0142ym roku realizowali\u015bmy projekt unijny &#8220;Energia odnawialna na terenie gminy \u0141abunie&#8221;. Warto\u015b\u0107 projektu to ponad 2 mln z\u0142,  z czego prawie 1 mln 600 tys. z\u0142 to dofinansowanie ze \u015brodk\u00f3w Unii Europejskiej. W wyniku projektu w gospodarstwach domowych w gminie \u0141abunie zamontowano 41 instalacji fotowoltaicznych i 141 instalacji kolektor\u00f3w s\u0142onecznych.<\/p>\n\n\n\n<p>To nie koniec dzia\u0142a\u0144. Nie spoczywamy na laurach i szykujemy si\u0119 do pozyskania kolejnych funduszy unijnych w ramach odnawialnych \u017ar\u00f3de\u0142 energii. Jak mo\u017cna by\u0142o przeczyta\u0107 w ostatnim wydaniu kwartalnika gminnego &#8220;U \u0179r\u00f3d\u0142a&#8221; &#8211; postaramy si\u0119 o dofinansowanie na realizacj\u0119 projektu pt. \u201eEnergia<br> s\u0142oneczna na terenie gminy \u0141abunie\u201d. W ramach prac przygotowawczych zbierane by\u0142y deklaracje od mieszka\u0144c\u00f3w gminy \u0141abunie zainteresowanych dofinansowaniem na solary i fotoogniwa. Z\u0142o\u017cono ich prawie 400.  <\/p>\n\n\n\n<p>Przypomnijmy &#8211; wst\u0119pny koszt do poniesienia przez w\u0142a\u015bciciela nieruchomo\u015bci za monta\u017c jednego zestawu instalacji na budynku mieszkalnym mo\u017ce wynie\u015b\u0107: <br>kolektory s\u0142oneczne \u2013 od 2 500,00 z\u0142 do 3 000,00 z\u0142, panele fotowoltaiczne \u2013 od 4 000,00 z\u0142 do 5 000,00 z\u0142. Energia z instalacji solarnych i paneli fotowoltaicznych nie b\u0119dzie mog\u0142a by\u0107 wykorzystywana do prowadzenia dzia\u0142alno\u015bci gospodarczej. Ostateczna wysoko\u015b\u0107 koszt\u00f3w do poniesienia przez w\u0142a\u015bciciela budynku mieszkalnego zostanie ustalona w umowie pomi\u0119dzy uczestnikiem projektu a Gmin\u0105 \u0141abunie, po podpisaniu umowy z Urz\u0119dem Marsza\u0142kowskim w Lublinie oraz po przeprowadzonym post\u0119powaniu o udzielenie zam\u00f3wienia publicznego. W pierwszym etapie mieszka\u0144cy mogli sk\u0142ada\u0107 deklaracje wraz<br> z ankietami.  Te, kt\u00f3re trafia\u0142y do Urz\u0119du Gminy \u0141abunie w p\u00f3\u017aniejszych terminach, znajd\u0105 si\u0119 na li\u015bcie rezerwowej. W przypadku pozytywnego rozpatrzenia wniosku przez lubelskie marsza\u0142kowstwo, solary i fotoogniwa montowane by\u0142yby prawdopodobnie w latach 2020 lub 2021.<\/p>\n\n\n\n<div style=\"height:41px\" aria-hidden=\"true\" class=\"wp-block-spacer\"><\/div>\n\n\n\n<figure class=\"wp-block-image\"><img loading=\"lazy\" decoding=\"async\" width=\"1024\" height=\"765\" src=\"https:\/\/www.labunie.com.pl\/wp-content\/uploads\/2019\/07\/gmina-na-6-1024x765.jpg\" alt=\"\" class=\"wp-image-13921\" srcset=\"https:\/\/labunie.com.pl\/wp-content\/uploads\/2019\/07\/gmina-na-6-1024x765.jpg 1024w, https:\/\/labunie.com.pl\/wp-content\/uploads\/2019\/07\/gmina-na-6-300x224.jpg 300w, https:\/\/labunie.com.pl\/wp-content\/uploads\/2019\/07\/gmina-na-6-768x574.jpg 768w, https:\/\/labunie.com.pl\/wp-content\/uploads\/2019\/07\/gmina-na-6.jpg 2000w\" sizes=\"auto, (max-width: 1024px) 100vw, 1024px\" \/><figcaption>Zdj\u0119cia pozyskano ze strony www.lubelskie.pl <\/figcaption><\/figure>\n","protected":false},"excerpt":{"rendered":"<p>Gmina \u0141abunie znalaz\u0142a si\u0119 w doborowym towarzystwie nagrodzonych w konkursie &#8220;Gmina na 6&#8221; organizowanym przez Kurier Lubelski. Docenili nas za energi\u0119 odnawialn\u0105.<\/p>\n","protected":false},"author":11,"featured_media":13923,"comment_status":"closed","ping_status":"closed","sticky":false,"template":"","format":"standard","meta":{"footnotes":""},"categories":[1],"tags":[],"class_list":["post-13919","post","type-post","status-publish","format-standard","has-post-thumbnail","hentry","category-wpisy","clearfix"],"_links":{"self":[{"href":"https:\/\/labunie.com.pl\/index.php?rest_route=\/wp\/v2\/posts\/13919","targetHints":{"allow":["GET"]}}],"collection":[{"href":"https:\/\/labunie.com.pl\/index.php?rest_route=\/wp\/v2\/posts"}],"about":[{"href":"https:\/\/labunie.com.pl\/index.php?rest_route=\/wp\/v2\/types\/post"}],"author":[{"embeddable":true,"href":"https:\/\/labunie.com.pl\/index.php?rest_route=\/wp\/v2\/users\/11"}],"replies":[{"embeddable":true,"href":"https:\/\/labunie.com.pl\/index.php?rest_route=%2Fwp%2Fv2%2Fcomments&post=13919"}],"version-history":[{"count":5,"href":"https:\/\/labunie.com.pl\/index.php?rest_route=\/wp\/v2\/posts\/13919\/revisions"}],"predecessor-version":[{"id":13926,"href":"https:\/\/labunie.com.pl\/index.php?rest_route=\/wp\/v2\/posts\/13919\/revisions\/13926"}],"wp:featuredmedia":[{"embeddable":true,"href":"https:\/\/labunie.com.pl\/index.php?rest_route=\/wp\/v2\/media\/13923"}],"wp:attachment":[{"href":"https:\/\/labunie.com.pl\/index.php?rest_route=%2Fwp%2Fv2%2Fmedia&parent=13919"}],"wp:term":[{"taxonomy":"category","embeddable":true,"href":"https:\/\/labunie.com.pl\/index.php?rest_route=%2Fwp%2Fv2%2Fcategories&post=13919"},{"taxonomy":"post_tag","embeddable":true,"href":"https:\/\/labunie.com.pl\/index.php?rest_route=%2Fwp%2Fv2%2Ftags&post=13919"}],"curies":[{"name":"wp","href":"https:\/\/api.w.org\/{rel}","templated":true}]}}