{"id":14171,"date":"2019-08-19T10:21:04","date_gmt":"2019-08-19T08:21:04","guid":{"rendered":"https:\/\/www.labunie.com.pl\/?p=14171"},"modified":"2019-08-19T10:21:45","modified_gmt":"2019-08-19T08:21:45","slug":"zlote-gody-3","status":"publish","type":"post","link":"https:\/\/labunie.com.pl\/?p=14171","title":{"rendered":"Z\u0142ote Gody"},"content":{"rendered":"\n<p><strong>21 par z gminy \u0141abunie otrzyma\u0142o od Prezydenta RP Medale za D\u0142ugoletnie Po\u017cycie Ma\u0142\u017ce\u0144skie. \u00a0Uroczysto\u015bci odby\u0142y si\u0119 w pi\u0105tek, 16 sierpnia w Domu Kultury w \u0141abuniach. <\/strong><\/p>\n\n\n\n<!--more-->\n\n\n\n<div style=\"height:100px\" aria-hidden=\"true\" class=\"wp-block-spacer\"><\/div>\n\n\n\n<p>Uroczysto\u015b\u0107 rozpocz\u0119\u0142a si\u0119 od Mszy \u015bw. w ko\u015bciele parafialnym w \u0141abuniach, kt\u00f3r\u0105 celebrowali ks. proboszcz Piotr Rawlik, ks. senior Aleksander Sieciechowicz i o. Tomasz Jakubczak CSsR. <\/p>\n\n\n\n<p>Potem zaproszone pary i ich rodziny uda\u0142y si\u0119 do Domu Kultury w \u0141abuniach, gdzie zosta\u0142y wr\u0119czone medale. Aktu dekoracji dokona\u0142 W\u00f3jt Gminy \u0141abunie. Pami\u0105tkowe dyplomy i upominki wr\u0119cza\u0142a Przewodnicz\u0105ca Rady Gminy \u0141abunie \u2013 El\u017cbieta Ku\u017ama oraz Wiceprzewodnicz\u0105cy\u00a0 Rady Gminy \u2013 Mariusz Kliza. Na uroczysto\u015bci obecny by\u0142 r\u00f3wnie\u017c m. in. ks. proboszcz Piotr Rawlik. <\/p>\n\n\n\n<div style=\"height:20px\" aria-hidden=\"true\" class=\"wp-block-spacer\"><\/div>\n\n\n\n<p>Nie zabrak\u0142o r\u00f3wnie\u017c\ntoastu i s\u0142odkiego pocz\u0119stunku. Dodatkowo klimat&nbsp; uroczysto\u015bci umili\u0142 zesp\u00f3\u0142 Grze\u015bki. <\/p>\n\n\n\n<div style=\"height:50px\" aria-hidden=\"true\" class=\"wp-block-spacer\"><\/div>\n\n\n\n<p><em>Medalem za D\u0142ugoletnie Po\u017cycie Ma\u0142\u017ce\u0144skie<\/em> odznaczeni zostali:<\/p>\n\n\n\n<ul class=\"wp-block-list\"><li>Margaryta i Henryk Adamowicz (\u0141abu\u0144ki Drugie)<\/li><li>Janina i Tadeusz Bil (\u0141abu\u0144ki Drugie)<\/li><li>Anna i Jan Bodziuch (Br\u00f3dek)<\/li><li>Izabela i Zbigniew Cieplichiewicz (\u0141abu\u0144ki Pierwsze)<\/li><li>Kazimiera i Seweryn \u0106wik (Rusz\u00f3w-Kolonia)<\/li><li>Izabela i Bogumi\u0142 G\u00f3rscy (W\u00f3lka \u0141abu\u0144ska)<\/li><li>Jadwiga i Bogumi\u0142 Haik (Rusz\u00f3w)<\/li><li>Kazimiera i Kazimierz Hubala (\u0141abunie)<\/li><li>Weronika i Jerzy Jakubczak (Wierzbie)<\/li><li>Leokadia i Leszek Juszkiewicz (\u0141abu\u0144ki Pierwsze)<\/li><li>Krystyna i Jerzy Ju\u015b (Barchacz\u00f3w)<\/li><li>Alicja i Stanis\u0142aw Karchut (Wierzbie)<\/li><li>Zofia i Seweryn Lichota (\u0141abu\u0144ki Drugie)<\/li><li>Zofia i Edmund \u0141opuszy\u0144scy (W\u00f3lka \u0141abu\u0144ska)<\/li><li>Danuta i Bronis\u0142aw Misztal (\u0141abunie)<\/li><li>Lucyna i Henryk Pi\u0142at (\u0141abu\u0144ki Pierwsze)<\/li><li>Cecylia i Franciszek Stasiuk (\u0141abu\u0144ki Pierwsze)<\/li><li>Lucyna i W\u0142adys\u0142aw Szerafin (\u0141abu\u0144ki Drugie)<\/li><li>Eugenia i Stanis\u0142aw Wiater (\u0141abunie) <\/li><li>Helena i Lucjan Wnuk (\u0141abunie)<\/li><li>Helena i Antoni Wolscy (Rusz\u00f3w)<\/li><\/ul>\n\n\n\n<div style=\"height:20px\" aria-hidden=\"true\" class=\"wp-block-spacer\"><\/div>\n\n\n<p>[lg_folder folder=&#8221;20190816\/&#8221; paging=&#8221;false&#8221;]<\/p>","protected":false},"excerpt":{"rendered":"<p>21 par z gminy \u0141abunie otrzyma\u0142o od Prezydenta RP Medale za D\u0142ugoletnie Po\u017cycie Ma\u0142\u017ce\u0144skie. \u00a0Uroczysto\u015bci odby\u0142y si\u0119 w pi\u0105tek, 16 sierpnia w Domu Kultury w \u0141abuniach.<\/p>\n","protected":false},"author":11,"featured_media":14179,"comment_status":"closed","ping_status":"closed","sticky":false,"template":"","format":"standard","meta":{"footnotes":""},"categories":[1],"tags":[],"class_list":["post-14171","post","type-post","status-publish","format-standard","has-post-thumbnail","hentry","category-wpisy","clearfix"],"_links":{"self":[{"href":"https:\/\/labunie.com.pl\/index.php?rest_route=\/wp\/v2\/posts\/14171","targetHints":{"allow":["GET"]}}],"collection":[{"href":"https:\/\/labunie.com.pl\/index.php?rest_route=\/wp\/v2\/posts"}],"about":[{"href":"https:\/\/labunie.com.pl\/index.php?rest_route=\/wp\/v2\/types\/post"}],"author":[{"embeddable":true,"href":"https:\/\/labunie.com.pl\/index.php?rest_route=\/wp\/v2\/users\/11"}],"replies":[{"embeddable":true,"href":"https:\/\/labunie.com.pl\/index.php?rest_route=%2Fwp%2Fv2%2Fcomments&post=14171"}],"version-history":[{"count":5,"href":"https:\/\/labunie.com.pl\/index.php?rest_route=\/wp\/v2\/posts\/14171\/revisions"}],"predecessor-version":[{"id":14182,"href":"https:\/\/labunie.com.pl\/index.php?rest_route=\/wp\/v2\/posts\/14171\/revisions\/14182"}],"wp:featuredmedia":[{"embeddable":true,"href":"https:\/\/labunie.com.pl\/index.php?rest_route=\/wp\/v2\/media\/14179"}],"wp:attachment":[{"href":"https:\/\/labunie.com.pl\/index.php?rest_route=%2Fwp%2Fv2%2Fmedia&parent=14171"}],"wp:term":[{"taxonomy":"category","embeddable":true,"href":"https:\/\/labunie.com.pl\/index.php?rest_route=%2Fwp%2Fv2%2Fcategories&post=14171"},{"taxonomy":"post_tag","embeddable":true,"href":"https:\/\/labunie.com.pl\/index.php?rest_route=%2Fwp%2Fv2%2Ftags&post=14171"}],"curies":[{"name":"wp","href":"https:\/\/api.w.org\/{rel}","templated":true}]}}