{"id":15067,"date":"2019-10-10T09:49:40","date_gmt":"2019-10-10T07:49:40","guid":{"rendered":"https:\/\/www.labunie.com.pl\/?p=15067"},"modified":"2019-10-10T09:49:40","modified_gmt":"2019-10-10T07:49:40","slug":"malgorzata-czuj-profesorem-oswiaty","status":"publish","type":"post","link":"https:\/\/labunie.com.pl\/?p=15067","title":{"rendered":"Ma\u0142gorzata Czuj Profesorem O\u015bwiaty"},"content":{"rendered":"\n<p><strong>11  pa\u017adziernika 2019 r. podczas og\u00f3lnopolskich obchod\u00f3w Dnia Edukacji  Narodowej w\u00a0Kancelarii Prezesa Rady Ministr\u00f3w nadane zostan\u0105 tytu\u0142y  honorowe Profesora O\u015bwiaty. W tym roku do grona Profesor\u00f3w O\u015bwiaty do\u0142\u0105czy\u0142a Ma\u0142gorzata Czuj &#8211; nauczyciel Szko\u0142y Podstawowej w \u0141abuniach.<\/strong><\/p>\n\n\n\n<!--more-->\n\n\n\n<div style=\"height:60px\" aria-hidden=\"true\" class=\"wp-block-spacer\"><\/div>\n\n\n\n<p>Tytu\u0142 ten przyznawany jest nauczycielom, kt\u00f3rzy przez lata pracy  wyr\u00f3\u017cniali si\u0119 osi\u0105gni\u0119ciami dydaktycznymi i\u00a0wychowawczymi, dzielili si\u0119  swoj\u0105 wiedz\u0105 i\u00a0do\u015bwiadczeniem z innymi nauczycielami, a\u00a0swoj\u0105 postaw\u0105  tworzyli wzorzec nauczyciela i\u00a0wychowawcy.<\/p>\n\n\n\n<div style=\"height:20px\" aria-hidden=\"true\" class=\"wp-block-spacer\"><\/div>\n\n\n\n<p>Tytu\u0142\n honorowy Profesora O\u015bwiaty nadaje Minister Edukacji Narodowej na \nwniosek Kapitu\u0142y do spraw Profesor\u00f3w O\u015bwiaty. W ci\u0105gu dziesi\u0119ciu lat w \nPolsce nadano zaledwie 198 tytu\u0142\u00f3w profesora.<\/p>\n\n\n\n<div style=\"height:20px\" aria-hidden=\"true\" class=\"wp-block-spacer\"><\/div>\n\n\n\n<p>Ma\u0142gorzata Czuj jest autork\u0105 popularnego cyklu podr\u0119cznik\u00f3w,  zeszyt\u00f3w \u0107wicze\u0144 i\u00a0materia\u0142\u00f3w dydaktycznych do techniki, plastyki i  zaj\u0119\u0107 artystycznych dla szko\u0142y podstawowej i\u00a0gimnazjum dopuszczonych do  u\u017cytku szkolnego przez Ministra Edukacji Narodowej, wydanych przez  wydawnictwo\u00a0<em>MAC Edukacja<\/em>. Za osi\u0105gni\u0119cia dydaktyczne i\u00a0prac\u0119  wychowawcz\u0105 zosta\u0142a odznaczona Srebrnym Krzy\u017cem Zas\u0142ugi, Medalem Komisji  Edukacji Narodowej oraz wyr\u00f3\u017cniona Nagrod\u0105 Kuratora O\u015bwiaty i Nagrod\u0105  Ministra Edukacji Narodowej.<\/p>\n\n\n\n<div style=\"height:20px\" aria-hidden=\"true\" class=\"wp-block-spacer\"><\/div>\n\n\n\n<ul class=\"wp-block-gallery columns-1 is-cropped wp-block-gallery-1 is-layout-flex wp-block-gallery-is-layout-flex\"><li class=\"blocks-gallery-item\"><figure><img loading=\"lazy\" decoding=\"async\" width=\"800\" height=\"600\" src=\"https:\/\/www.labunie.com.pl\/wp-content\/uploads\/2019\/10\/20191009-120718.jpg\" alt=\"\" data-id=\"15069\" data-link=\"https:\/\/www.labunie.com.pl\/?attachment_id=15069\" class=\"wp-image-15069\" srcset=\"https:\/\/labunie.com.pl\/wp-content\/uploads\/2019\/10\/20191009-120718.jpg 800w, https:\/\/labunie.com.pl\/wp-content\/uploads\/2019\/10\/20191009-120718-300x225.jpg 300w, https:\/\/labunie.com.pl\/wp-content\/uploads\/2019\/10\/20191009-120718-768x576.jpg 768w\" sizes=\"auto, (max-width: 800px) 100vw, 800px\" \/><\/figure><\/li><li class=\"blocks-gallery-item\"><figure><img loading=\"lazy\" decoding=\"async\" width=\"800\" height=\"600\" src=\"https:\/\/www.labunie.com.pl\/wp-content\/uploads\/2019\/10\/20191009-120721.jpg\" alt=\"\" data-id=\"15070\" data-link=\"https:\/\/www.labunie.com.pl\/?attachment_id=15070\" class=\"wp-image-15070\" srcset=\"https:\/\/labunie.com.pl\/wp-content\/uploads\/2019\/10\/20191009-120721.jpg 800w, https:\/\/labunie.com.pl\/wp-content\/uploads\/2019\/10\/20191009-120721-300x225.jpg 300w, https:\/\/labunie.com.pl\/wp-content\/uploads\/2019\/10\/20191009-120721-768x576.jpg 768w\" sizes=\"auto, (max-width: 800px) 100vw, 800px\" \/><\/figure><\/li><li class=\"blocks-gallery-item\"><figure><img loading=\"lazy\" decoding=\"async\" width=\"800\" height=\"600\" src=\"https:\/\/www.labunie.com.pl\/wp-content\/uploads\/2019\/10\/20191009-120824.jpg\" alt=\"\" data-id=\"15071\" data-link=\"https:\/\/www.labunie.com.pl\/?attachment_id=15071\" class=\"wp-image-15071\" srcset=\"https:\/\/labunie.com.pl\/wp-content\/uploads\/2019\/10\/20191009-120824.jpg 800w, https:\/\/labunie.com.pl\/wp-content\/uploads\/2019\/10\/20191009-120824-300x225.jpg 300w, https:\/\/labunie.com.pl\/wp-content\/uploads\/2019\/10\/20191009-120824-768x576.jpg 768w\" sizes=\"auto, (max-width: 800px) 100vw, 800px\" \/><\/figure><\/li><\/ul>\n\n\n\n<p style=\"text-align:right\" class=\"has-small-font-size\"><em>\u017ar\u00f3d\u0142o: SP \u0141abunie<\/em><\/p>\n","protected":false},"excerpt":{"rendered":"<p>11 pa\u017adziernika 2019 r. podczas og\u00f3lnopolskich obchod\u00f3w Dnia Edukacji Narodowej w\u00a0Kancelarii Prezesa Rady Ministr\u00f3w nadane zostan\u0105 tytu\u0142y honorowe Profesora O\u015bwiaty. W tym roku do grona Profesor\u00f3w O\u015bwiaty do\u0142\u0105czy\u0142a Ma\u0142gorzata Czuj &#8211; nauczyciel Szko\u0142y Podstawowej w \u0141abuniach.<\/p>\n","protected":false},"author":7,"featured_media":15068,"comment_status":"closed","ping_status":"closed","sticky":false,"template":"","format":"standard","meta":{"footnotes":""},"categories":[1],"tags":[],"class_list":["post-15067","post","type-post","status-publish","format-standard","has-post-thumbnail","hentry","category-wpisy","clearfix"],"_links":{"self":[{"href":"https:\/\/labunie.com.pl\/index.php?rest_route=\/wp\/v2\/posts\/15067","targetHints":{"allow":["GET"]}}],"collection":[{"href":"https:\/\/labunie.com.pl\/index.php?rest_route=\/wp\/v2\/posts"}],"about":[{"href":"https:\/\/labunie.com.pl\/index.php?rest_route=\/wp\/v2\/types\/post"}],"author":[{"embeddable":true,"href":"https:\/\/labunie.com.pl\/index.php?rest_route=\/wp\/v2\/users\/7"}],"replies":[{"embeddable":true,"href":"https:\/\/labunie.com.pl\/index.php?rest_route=%2Fwp%2Fv2%2Fcomments&post=15067"}],"version-history":[{"count":3,"href":"https:\/\/labunie.com.pl\/index.php?rest_route=\/wp\/v2\/posts\/15067\/revisions"}],"predecessor-version":[{"id":15074,"href":"https:\/\/labunie.com.pl\/index.php?rest_route=\/wp\/v2\/posts\/15067\/revisions\/15074"}],"wp:featuredmedia":[{"embeddable":true,"href":"https:\/\/labunie.com.pl\/index.php?rest_route=\/wp\/v2\/media\/15068"}],"wp:attachment":[{"href":"https:\/\/labunie.com.pl\/index.php?rest_route=%2Fwp%2Fv2%2Fmedia&parent=15067"}],"wp:term":[{"taxonomy":"category","embeddable":true,"href":"https:\/\/labunie.com.pl\/index.php?rest_route=%2Fwp%2Fv2%2Fcategories&post=15067"},{"taxonomy":"post_tag","embeddable":true,"href":"https:\/\/labunie.com.pl\/index.php?rest_route=%2Fwp%2Fv2%2Ftags&post=15067"}],"curies":[{"name":"wp","href":"https:\/\/api.w.org\/{rel}","templated":true}]}}