{"id":15692,"date":"2019-11-18T13:55:12","date_gmt":"2019-11-18T12:55:12","guid":{"rendered":"https:\/\/www.labunie.com.pl\/?p=15692"},"modified":"2019-11-18T13:55:12","modified_gmt":"2019-11-18T12:55:12","slug":"10-lat-kgw-wierzbie","status":"publish","type":"post","link":"https:\/\/labunie.com.pl\/?p=15692","title":{"rendered":"10 lat KGW Wierzbie"},"content":{"rendered":"\n<p><strong>Ko\u0142o Gospody\u0144 Wiejskich w Wierzbiu ma ju\u017c 10 lat. Okr\u0105g\u0142y jubileusz obchodzi\u0142o w sobot\u0119, 16 listopada. Wydarzenie odby\u0142o si\u0119 z udzia\u0142em zaproszonych go\u015bci i przyjaci\u00f3\u0142 KGW.<\/strong><\/p>\n\n\n\n<div style=\"height:23px\" aria-hidden=\"true\" class=\"wp-block-spacer\"><\/div>\n\n\n\n<!--more-->\n\n\n\n<p>Uroczysto\u015bci jubileuszowe rozpocz\u0119\u0142y si\u0119 od cz\u0119\u015bci oficjalnej. Przewodnicz\u0105ca KGW Wierzbie &#8211; Monika Pokryszka przedstawi\u0142a kr\u00f3tki rys historyczny i histori\u0119 dzia\u0142alno\u015bci Ko\u0142a. By\u0142y te\u017c \u017cyczenia pisane wierszem skierowane do jubilat\u00f3w oraz prezenty. Te podarowa\u0142 m.in. W\u00f3jt Gminy \u0141abunie &#8211; Mariusz Kukie\u0142ka, Przewodnicz\u0105ca Rady Gminy &#8211; El\u017cbieta Ku\u017ama oraz Z-ca Przewodnicz\u0105cego RG &#8211; Mariusz Kliza. By\u0142y to elementy wyposa\u017cenia do kuchni oraz pami\u0105tkowy dyplom okoliczno\u015bciowy. Wierzbianki us\u0142ysza\u0142y r\u00f3wnie\u017c 100 lat m. in. od radnego &#8211; Kazimierza Szali, so\u0142tysa Wierzbia &#8211; Stanis\u0142awa Pysia, kierownika Biblioteki Publicznej &#8211; Bogdana Szyku\u0142y, delegacji K\u00f3\u0142 Gospody\u0144 Wiejskich z gminy \u0141abunie i by\u0142ych cz\u0142onk\u00f3w Ko\u0142a. Zgromadzeni mogli obejrze\u0107 tak\u017ce prezentacj\u0119 multimedialn\u0105 dokumentuj\u0105c\u0105 na zdj\u0119ciach wspomnienia z dzia\u0142alno\u015bci Ko\u0142a. Po cz\u0119\u015bci oficjalnej rozpocz\u0119\u0142o si\u0119 jubileuszowe przyj\u0119cie, do kt\u00f3rego przygrywa\u0142 zesp\u00f3\u0142 Jag\u00f3dki z Suchowoli Kolonii.\u00a0<\/p>\n<p>KGW Wierzbie powsta\u0142o 26 listopada 2009 r. Jednak jego pocz\u0105tki si\u0119gaj\u0105 znacznie wcze\u015bniej. Z publikacji &#8220;Wierzbie od kuchni&#8221; wynika, \u017ce historia powstania Ko\u0142a mo\u017ce si\u0119ga\u0107 lat &#8217;80. W\u00f3wczas by\u0142 to zesp\u00f3\u0142 \u015bpiewaczy Zorza. Po latach przerwy KGW Wierzbie zosta\u0142o reaktywowane. Jak mo\u017cna przeczyta\u0107 w Kronice Ko\u0142a, na pierwsze spotkanie za\u0142o\u017cycielskie przyby\u0142o 18 pa\u0144. Wybrano zarz\u0105d, na kt\u00f3rego czele stan\u0119\u0142a Maria Mozo\u0142a, z-c\u0105 przewodnicz\u0105cej zosta\u0142a Urszula Py\u015b, sekretarzem &#8211; Agnieszka Kudyk, a skarbnikiem &#8211; Ewa Kudyk. Kronikarzem zosta\u0142a Zdzis\u0142awa Chmura. KGW Wierzbie przez ca\u0142y okres dzia\u0142alno\u015bci organizowa\u0142o liczne wydarzenia dla mieszka\u0144c\u00f3w gminy: op\u0142atki, Noc \u015awi\u0119toja\u0144sk\u0105, Andrzejki, imprezy sylwestrowe, Wieczory Kol\u0119d Polskich czy Dzie\u0144 Kobiet. KGW Wierzbie uczestniczy\u0142o tak\u017ce w Do\u017cynkach Gminno-Parafialnych i w innych wydarzeniach kulturalnych organizowanych w gminie \u0141abunie. KGW Wierzbie s\u0142ynie z lokalnej potrawy: knyszy, kt\u00f3ra podbi\u0142a kubki smakowe podczas II Lubelskiego Kiermaszu Turystycznego. To pieczone pierogi z farszem sma\u017conej cebuli, posypane kminkiem, sezamem i gruboziarnist\u0105 sol\u0105. KGW Wierzbie mo\u017ce r\u00f3wnie\u017c pochwali\u0107 si\u0119 zdobytym w 2010 r. III miejscem w Gminie \u0141abunie, w plebiscycie Kroniki Tygodnia na najpopularniejsze na Zamojszczy\u017anie KGW i zespo\u0142y \u015bpiewacze. Jednym z wa\u017cnych wydarze\u0144 w historii dzia\u0142alno\u015bci Ko\u0142a by\u0142o otwarcie w grudniu 2013 r. przebudowanej \u015bwietlicy. W ramach inwestycji zakupiono nowoczesne wyposa\u017cenie do kuchni oraz meble.\u00a0<\/p>\n\n\n\n<div style=\"height:20px\" aria-hidden=\"true\" class=\"wp-block-spacer\"><\/div>\n\n\n\n<p>[lg_folder folder=&#8221;10 lat KGW Wierzbie\/&#8221; paging=&#8221;false&#8221;]<\/p>\n","protected":false},"excerpt":{"rendered":"<p>Ko\u0142o Gospody\u0144 Wiejskich w Wierzbiu ma ju\u017c 10 lat. Okr\u0105g\u0142y jubileusz obchodzi\u0142o w sobot\u0119, 16 listopada. Wydarzenie odby\u0142o si\u0119 z udzia\u0142em zaproszonych go\u015bci i przyjaci\u00f3\u0142 KGW.<\/p>\n","protected":false},"author":11,"featured_media":15694,"comment_status":"closed","ping_status":"closed","sticky":false,"template":"","format":"standard","meta":{"footnotes":""},"categories":[1],"tags":[],"class_list":["post-15692","post","type-post","status-publish","format-standard","has-post-thumbnail","hentry","category-wpisy","clearfix"],"_links":{"self":[{"href":"https:\/\/labunie.com.pl\/index.php?rest_route=\/wp\/v2\/posts\/15692","targetHints":{"allow":["GET"]}}],"collection":[{"href":"https:\/\/labunie.com.pl\/index.php?rest_route=\/wp\/v2\/posts"}],"about":[{"href":"https:\/\/labunie.com.pl\/index.php?rest_route=\/wp\/v2\/types\/post"}],"author":[{"embeddable":true,"href":"https:\/\/labunie.com.pl\/index.php?rest_route=\/wp\/v2\/users\/11"}],"replies":[{"embeddable":true,"href":"https:\/\/labunie.com.pl\/index.php?rest_route=%2Fwp%2Fv2%2Fcomments&post=15692"}],"version-history":[{"count":5,"href":"https:\/\/labunie.com.pl\/index.php?rest_route=\/wp\/v2\/posts\/15692\/revisions"}],"predecessor-version":[{"id":15706,"href":"https:\/\/labunie.com.pl\/index.php?rest_route=\/wp\/v2\/posts\/15692\/revisions\/15706"}],"wp:featuredmedia":[{"embeddable":true,"href":"https:\/\/labunie.com.pl\/index.php?rest_route=\/wp\/v2\/media\/15694"}],"wp:attachment":[{"href":"https:\/\/labunie.com.pl\/index.php?rest_route=%2Fwp%2Fv2%2Fmedia&parent=15692"}],"wp:term":[{"taxonomy":"category","embeddable":true,"href":"https:\/\/labunie.com.pl\/index.php?rest_route=%2Fwp%2Fv2%2Fcategories&post=15692"},{"taxonomy":"post_tag","embeddable":true,"href":"https:\/\/labunie.com.pl\/index.php?rest_route=%2Fwp%2Fv2%2Ftags&post=15692"}],"curies":[{"name":"wp","href":"https:\/\/api.w.org\/{rel}","templated":true}]}}