{"id":15812,"date":"2019-11-29T13:55:08","date_gmt":"2019-11-29T12:55:08","guid":{"rendered":"https:\/\/www.labunie.com.pl\/?p=15812"},"modified":"2019-11-29T13:57:44","modified_gmt":"2019-11-29T12:57:44","slug":"nowa-ksiazka-o-gminie-labunie","status":"publish","type":"post","link":"https:\/\/labunie.com.pl\/?p=15812","title":{"rendered":"Nowa ksi\u0105\u017cka o gminie \u0141abunie"},"content":{"rendered":"\n<p><strong>&#8220;Cmentarz parafii \u015bw. Dominika i Matki Bo\u017cej Szkaplerznej w \u0141abuniach. Zabytkowe nagrobki i najstarsze poch\u00f3wki (1862-1973)&#8221; &#8211; to tytu\u0142 najnowszej ksi\u0105\u017cki po\u015bwi\u0119conej kolejnej cz\u0119\u015bci historii gminy \u0141abunie. Publikacja autorstwa Agnieszki Szyku\u0142y-\u017bygawskiej ukaza\u0142a si\u0119 w serii \u0141abu\u0144ska Biblioteczka Regionalisty z numerem 31.<\/strong><\/p>\n\n\n\n<div style=\"height:39px\" aria-hidden=\"true\" class=\"wp-block-spacer\"><\/div>\n\n\n\n<div style=\"height:20px\" aria-hidden=\"true\" class=\"wp-block-spacer\"><\/div>\n\n\n\n<!--more-->\n\n\n\n<p>Promocja ksi\u0105\u017cki z udzia\u0142em jej autorki odby\u0142a si\u0119 we wtorek, 26 listopada w siedzibie Katolickiego Stowarzyszenia ,,Civitas Christiana\u201d w Zamo\u015bciu.&nbsp; By\u0142a po\u0142\u0105czona z prezentacj\u0105 multimedialn\u0105. Kto chcia\u0142by zg\u0142\u0119bi\u0107 histori\u0119 naszej gminy w d\u0142ugie, zimowe wieczory, polecamy wypo\u017cyczy\u0107 ksi\u0105\u017ck\u0119 w Bibliotece Publicznej Gminy \u0141abunie przy ul. Orzechowej 10 w \u0141abuniach.<\/p>\n<p>&nbsp;<\/p>\n<p>&nbsp;<\/p>\n<blockquote>\n<p><span style=\"color: #000000; background-color: #c3dee3;\"><strong>Poni\u017cej publikujemy fragment ze wst\u0119pu<\/strong><\/span><\/p>\n<p><span style=\"color: #000000; background-color: #c3dee3;\">&#8220;Cmentarz parafii \u015bw. Dominika i Matki Bo\u017cej Szkaplerznej w \u0141abuniach nale\u017cy do typowych wiejskich miejsc poch\u00f3wku. Jest niewielki, odpowiada zapotrzebowaniu parafian. Jako trzeci \u2013 parafialny, funkcjonuje w obecnym miejscu od prawie 170 lat. Dla ka\u017cdego, kto interesuje si\u0119 dziejami swojej Ma\u0142ej Ojczyzny mo\u017ce by\u0107 te\u017c dodatkowym \u017ar\u00f3d\u0142em informacji. Znajduj\u0105 si\u0119 tutaj przecie\u017c mogi\u0142y i grobowce os\u00f3b niegdy\u015b mieszkaj\u0105cych na tych terenach, \u201ewsp\u00f3\u0142tworz\u0105cych\u201d histori\u0119 tego miejsca, wp\u0142ywaj\u0105cych na jego krajobraz spo\u0142eczny. Motywowana ch\u0119ci\u0105 poznania dziej\u00f3w \u0141abu\u0144 i okolic ko\u0144ca XIX i 1. po\u0142owy XX wieku przez pryzmat miejsc poch\u00f3wk\u00f3w, postanowi\u0142am skatalogowa\u0107 owe najstarsze nagrobki, odczyta\u0107 zawarte na nich inskrypcje, odszuka\u0107 w \u017ar\u00f3d\u0142ach informacje o parafianach. Sk\u0105d przybyli, czym si\u0119 trudnili, jakie okoliczno\u015bci towarzyszy\u0142y \u017cegnaniu ich bliskich?<\/span><\/p>\n<p><span style=\"color: #000000; background-color: #c3dee3;\">Warte uwagi s\u0105 ponadto walory historyczno-artystyczne dawnych nagrobk\u00f3w, zar\u00f3wno tych zachowanych, jak i znanych tylko z fotografii. Dlatego najobszerniejsz\u0105 cz\u0119\u015b\u0107 ksi\u0105\u017cki tworzy katalog nagrobk\u00f3w zawieraj\u0105cy ich fotografie, opis i dane pochowanej osoby.<\/span><\/p>\n<p><span style=\"color: #000000; background-color: #c3dee3;\">Zapraszam na spacer alejami \u0142abu\u0144skiego cmentarza. Do zapoznania si\u0119 z histori\u0105 ukryt\u0105 w kamieniach.&#8221;<\/span><\/p>\n<\/blockquote>\n\n\n\n<div style=\"height:20px\" aria-hidden=\"true\" class=\"wp-block-spacer\"><\/div>\n\n\n\n<ul class=\"wp-block-gallery columns-2 is-cropped wp-block-gallery-1 is-layout-flex wp-block-gallery-is-layout-flex\"><li class=\"blocks-gallery-item\"><figure><a href=\"https:\/\/www.labunie.com.pl\/wp-content\/uploads\/2019\/11\/2f9a34ef2997b52e9565b50afe38d452_XL-714x1024.jpg\" data-rel=\"lightbox-gallery-ZLuuRjqk\" data-rl_title=\"\" data-rl_caption=\"\" title=\"\"><img loading=\"lazy\" decoding=\"async\" width=\"714\" height=\"1024\" src=\"https:\/\/www.labunie.com.pl\/wp-content\/uploads\/2019\/11\/2f9a34ef2997b52e9565b50afe38d452_XL-714x1024.jpg\" alt=\"\" data-id=\"15813\" data-link=\"https:\/\/www.labunie.com.pl\/?attachment_id=15813\" class=\"wp-image-15813\" srcset=\"https:\/\/labunie.com.pl\/wp-content\/uploads\/2019\/11\/2f9a34ef2997b52e9565b50afe38d452_XL-714x1024.jpg 714w, https:\/\/labunie.com.pl\/wp-content\/uploads\/2019\/11\/2f9a34ef2997b52e9565b50afe38d452_XL-209x300.jpg 209w, https:\/\/labunie.com.pl\/wp-content\/uploads\/2019\/11\/2f9a34ef2997b52e9565b50afe38d452_XL-768x1101.jpg 768w, https:\/\/labunie.com.pl\/wp-content\/uploads\/2019\/11\/2f9a34ef2997b52e9565b50afe38d452_XL.jpg 1920w\" sizes=\"auto, (max-width: 714px) 100vw, 714px\" \/><\/a><\/figure><\/li><li class=\"blocks-gallery-item\"><figure><a href=\"https:\/\/www.labunie.com.pl\/wp-content\/uploads\/2019\/11\/dsc04258-1024x768.jpg\" data-rel=\"lightbox-gallery-ZLuuRjqk\" data-rl_title=\"\" data-rl_caption=\"\" title=\"\"><img loading=\"lazy\" decoding=\"async\" width=\"1024\" height=\"768\" src=\"https:\/\/www.labunie.com.pl\/wp-content\/uploads\/2019\/11\/dsc04258-1024x768.jpg\" alt=\"\" data-id=\"15815\" data-link=\"https:\/\/www.labunie.com.pl\/?attachment_id=15815\" class=\"wp-image-15815\" srcset=\"https:\/\/labunie.com.pl\/wp-content\/uploads\/2019\/11\/dsc04258-1024x768.jpg 1024w, https:\/\/labunie.com.pl\/wp-content\/uploads\/2019\/11\/dsc04258-300x225.jpg 300w, https:\/\/labunie.com.pl\/wp-content\/uploads\/2019\/11\/dsc04258-768x576.jpg 768w, https:\/\/labunie.com.pl\/wp-content\/uploads\/2019\/11\/dsc04258.jpg 1200w\" sizes=\"auto, (max-width: 1024px) 100vw, 1024px\" \/><\/a><figcaption>fot. www.biblabunie.naszabiblioteka.com<br><\/figcaption><\/figure><\/li><\/ul>\n","protected":false},"excerpt":{"rendered":"<p>&#8220;Cmentarz parafii \u015bw. Dominika i Matki Bo\u017cej Szkaplerznej w \u0141abuniach. Zabytkowe nagrobki i najstarsze poch\u00f3wki (1862-1973)&#8221; &#8211; to tytu\u0142 najnowszej ksi\u0105\u017cki po\u015bwi\u0119conej kolejnej cz\u0119\u015bci historii gminy \u0141abunie. Publikacja autorstwa Agnieszki Szyku\u0142y-\u017bygawskiej ukaza\u0142a si\u0119 w serii \u0141abu\u0144ska Biblioteczka Regionalisty z numerem 31.<\/p>\n","protected":false},"author":11,"featured_media":15821,"comment_status":"closed","ping_status":"closed","sticky":false,"template":"","format":"standard","meta":{"footnotes":""},"categories":[1],"tags":[],"class_list":["post-15812","post","type-post","status-publish","format-standard","has-post-thumbnail","hentry","category-wpisy","clearfix"],"_links":{"self":[{"href":"https:\/\/labunie.com.pl\/index.php?rest_route=\/wp\/v2\/posts\/15812","targetHints":{"allow":["GET"]}}],"collection":[{"href":"https:\/\/labunie.com.pl\/index.php?rest_route=\/wp\/v2\/posts"}],"about":[{"href":"https:\/\/labunie.com.pl\/index.php?rest_route=\/wp\/v2\/types\/post"}],"author":[{"embeddable":true,"href":"https:\/\/labunie.com.pl\/index.php?rest_route=\/wp\/v2\/users\/11"}],"replies":[{"embeddable":true,"href":"https:\/\/labunie.com.pl\/index.php?rest_route=%2Fwp%2Fv2%2Fcomments&post=15812"}],"version-history":[{"count":5,"href":"https:\/\/labunie.com.pl\/index.php?rest_route=\/wp\/v2\/posts\/15812\/revisions"}],"predecessor-version":[{"id":15828,"href":"https:\/\/labunie.com.pl\/index.php?rest_route=\/wp\/v2\/posts\/15812\/revisions\/15828"}],"wp:featuredmedia":[{"embeddable":true,"href":"https:\/\/labunie.com.pl\/index.php?rest_route=\/wp\/v2\/media\/15821"}],"wp:attachment":[{"href":"https:\/\/labunie.com.pl\/index.php?rest_route=%2Fwp%2Fv2%2Fmedia&parent=15812"}],"wp:term":[{"taxonomy":"category","embeddable":true,"href":"https:\/\/labunie.com.pl\/index.php?rest_route=%2Fwp%2Fv2%2Fcategories&post=15812"},{"taxonomy":"post_tag","embeddable":true,"href":"https:\/\/labunie.com.pl\/index.php?rest_route=%2Fwp%2Fv2%2Ftags&post=15812"}],"curies":[{"name":"wp","href":"https:\/\/api.w.org\/{rel}","templated":true}]}}