{"id":15852,"date":"2019-12-05T13:16:12","date_gmt":"2019-12-05T12:16:12","guid":{"rendered":"https:\/\/www.labunie.com.pl\/?p=15852"},"modified":"2019-12-05T14:16:51","modified_gmt":"2019-12-05T13:16:51","slug":"pamieci-dzieciom-zamojszczyzny","status":"publish","type":"post","link":"https:\/\/labunie.com.pl\/?p=15852","title":{"rendered":"Pami\u0119ci Dzieciom Zamojszczyzny"},"content":{"rendered":"\n<p><strong>W 2019 r. przypada 77. rocznica rozpocz\u0119cia wysiedle\u0144 i pacyfikacji na Zamojszczy\u017anie. Uczcijmy wsp\u00f3lnie ich pami\u0119\u0107.<\/strong><\/p>\n<p>\u00a0<\/p>\n\n\n\n<div style=\"height:102px\" aria-hidden=\"true\" class=\"wp-block-spacer\"><\/div>\n\n\n\n<!--more-->\n\n\n\n<div style=\"height:20px\" aria-hidden=\"true\" class=\"wp-block-spacer\"><\/div>\n\n\n<p>Obchody odb\u0119d\u0105 si\u0119 w niedziel\u0119, 8 grudnia w ko\u015bciele parafialnym w \u0141abuniach. O godz. 10.00 odb\u0119dzie si\u0119 Msza \u015aw. W programie r\u00f3wnie\u017c z\u0142o\u017cenie wie\u0144c\u00f3w przy tablicach w ko\u015bciele oraz przy tablicy pami\u0105tkowej po\u015bwi\u0119conej Dzieciom Zamojszczyzny na cmentarzu parafialnym w \u0141abuniach.<\/p>\n<p>\u00a0<\/p>\n<p>Na uroczysto\u015bci mieszka\u0144c\u00f3w gminy \u0141abunie zapraszaj\u0105: Polski Zwi\u0105zek b. Wi\u0119\u017ani\u00f3w Politycznych Hitlerowskich Wi\u0119zie\u0144 i Oboz\u00f3w Koncentracyjnych Ko\u0142o Gminne \u0141abunie, W\u00f3jt Gminy \u0141abunie i Rada Gminy \u0141abunie.<\/p>","protected":false},"excerpt":{"rendered":"<p>W 2019 r. przypada 77. rocznica rozpocz\u0119cia wysiedle\u0144 i pacyfikacji na Zamojszczy\u017anie. Uczcijmy wsp\u00f3lnie ich pami\u0119\u0107. \u00a0<\/p>\n","protected":false},"author":11,"featured_media":15854,"comment_status":"closed","ping_status":"closed","sticky":false,"template":"","format":"standard","meta":{"footnotes":""},"categories":[1],"tags":[],"class_list":["post-15852","post","type-post","status-publish","format-standard","has-post-thumbnail","hentry","category-wpisy","clearfix"],"_links":{"self":[{"href":"https:\/\/labunie.com.pl\/index.php?rest_route=\/wp\/v2\/posts\/15852","targetHints":{"allow":["GET"]}}],"collection":[{"href":"https:\/\/labunie.com.pl\/index.php?rest_route=\/wp\/v2\/posts"}],"about":[{"href":"https:\/\/labunie.com.pl\/index.php?rest_route=\/wp\/v2\/types\/post"}],"author":[{"embeddable":true,"href":"https:\/\/labunie.com.pl\/index.php?rest_route=\/wp\/v2\/users\/11"}],"replies":[{"embeddable":true,"href":"https:\/\/labunie.com.pl\/index.php?rest_route=%2Fwp%2Fv2%2Fcomments&post=15852"}],"version-history":[{"count":5,"href":"https:\/\/labunie.com.pl\/index.php?rest_route=\/wp\/v2\/posts\/15852\/revisions"}],"predecessor-version":[{"id":15858,"href":"https:\/\/labunie.com.pl\/index.php?rest_route=\/wp\/v2\/posts\/15852\/revisions\/15858"}],"wp:featuredmedia":[{"embeddable":true,"href":"https:\/\/labunie.com.pl\/index.php?rest_route=\/wp\/v2\/media\/15854"}],"wp:attachment":[{"href":"https:\/\/labunie.com.pl\/index.php?rest_route=%2Fwp%2Fv2%2Fmedia&parent=15852"}],"wp:term":[{"taxonomy":"category","embeddable":true,"href":"https:\/\/labunie.com.pl\/index.php?rest_route=%2Fwp%2Fv2%2Fcategories&post=15852"},{"taxonomy":"post_tag","embeddable":true,"href":"https:\/\/labunie.com.pl\/index.php?rest_route=%2Fwp%2Fv2%2Ftags&post=15852"}],"curies":[{"name":"wp","href":"https:\/\/api.w.org\/{rel}","templated":true}]}}