{"id":15860,"date":"2019-12-09T09:20:27","date_gmt":"2019-12-09T08:20:27","guid":{"rendered":"https:\/\/www.labunie.com.pl\/?p=15860"},"modified":"2019-12-10T09:07:52","modified_gmt":"2019-12-10T08:07:52","slug":"oddalismy-hold-dzieciom-zamojszczyzny","status":"publish","type":"post","link":"https:\/\/labunie.com.pl\/?p=15860","title":{"rendered":"Oddali\u015bmy ho\u0142d Dzieciom Zamojszczyzny"},"content":{"rendered":"\n<p><strong>Ponad 3,5 tys. \u2013 tyle os\u00f3b w grudniu 1942 r. wysiedlono z gminy \u0141abunie. W niedziel\u0119, 8 grudnia oddali\u015bmy im ho\u0142d.<\/strong><\/p>\n\n\n\n<div style=\"height:43px\" aria-hidden=\"true\" class=\"wp-block-spacer\"><\/div>\n\n\n\n<!--more-->\n\n\n\n<div style=\"height:100px\" aria-hidden=\"true\" class=\"wp-block-spacer\"><\/div>\n\n\n\n<p>Uroczysto\u015bci rozpocz\u0119\u0142y si\u0119 od z\u0142o\u017cenia wi\u0105zanki i zapalenia zniczy przy tablicy pami\u0105tkowej w ko\u015bciele parafialnym w \u0141abuniach. Przed rozpocz\u0119ciem Mszy uczniowie ze Szko\u0142y Podstawowej w \u0141abuniach w ramach uroczystej akademii zaprezentowali rys historyczny po\u015bwi\u0119cony wysiedlonym. Po nabo\u017ce\u0144stwie, kt\u00f3remu przewodniczy\u0142 ks. dr Piotr Brodziak, dyrektor Wydzia\u0142u Nauki i Wychowania Katolickiego Kurii Diecezjalnej w Zamo\u015bciu, z\u0142o\u017cono wie\u0144ce i zapalono znicze przy tablicy pami\u0105tkowej na cmentarzu parafialnym w \u0141abuniach.<\/p>\n<p>Udzia\u0142 w uroczysto\u015bciach wzi\u0119li: W\u00f3jt gminy \u0141abunie \u2013 Mariusz Kukie\u0142ka, Przewodnicz\u0105ca Rady Gminy \u2013 El\u017cbieta Ku\u017ama, Wiceprzewodnicz\u0105cy Rady Gminy \u2013 Mariusz Kliza, sekretarz gminy \u2013 Bogumi\u0142a Maziarczuk, a tak\u017ce dyrektorzy \u0142abu\u0144skich szk\u00f3\u0142 oraz poczty sztandarowe: \u015awiatowego Zwi\u0105zku \u017bo\u0142nierzy Armii Krajowej Okr\u0119gu Zamo\u015b\u0107, Polskiego Zwi\u0105zku By\u0142ych Wi\u0119\u017ani\u00f3w Politycznych&nbsp; Hitlerowskich Wi\u0119zie\u0144 i Oboz\u00f3w Koncentracyjnych Okr\u0119gu Zamo\u015b\u0107, NSZZ Rolnik\u00f3w Indywidualnych \u201eSolidarno\u015b\u0107\u201d, Ochotniczych Stra\u017cy Po\u017carnych z terenu gminy \u0141abunie, Szko\u0142y Podstawowej w \u0141abuniach i Szko\u0142y Podstawowej w \u0141abu\u0144kach Pierwszych.<\/p>\n\n\n\n<div style=\"height:20px\" aria-hidden=\"true\" class=\"wp-block-spacer\"><\/div>\n\n\n\n<p><span style=\"color: #008000;\">Akcja wysiedle\u0144cza w gminie \u0141abunie odbywa\u0142a si\u0119 10, 12 i 22 grudnia 1942 r. Udzia\u0142 w niej bra\u0142o gestapo, SS, Ukrai\u0144cy w s\u0142u\u017cbie niemieckiej. Na dziesi\u0119\u0107 gromad, na kt\u00f3re sk\u0142ada\u0142a si\u0119 gmina \u0141abunie, wysiedlono: Jatut\u00f3w, \u0141abunie, \u0141abu\u0144ki, Rusz\u00f3w, Rusz\u00f3w-Koloni\u0119, Wierzbie i cz\u0119\u015b\u0107 Moc\u00f3wki. W czasie wysiedlenia \u0141abuniek (po raz trzeci 12 stycznia 1943 r. ) zabito 11 os\u00f3b: 8 m\u0119\u017cczyzn i 3 kobiety (. Og\u00f3\u0142em wysiedlono z gminy \u0141abunie 3576 os\u00f3b. W ich miejsce osadzono ok. 600 Niemc\u00f3w z Rumunii, Bu\u0142garii, Jugos\u0142awii, Rosji, Besarabii oraz miejscowych volksdeutsch\u00f3w.\u00a0<\/span><\/p>\n<p><span style=\"color: #003300;\"><strong>\u0179r\u00f3d\u0142o:<\/strong> Biuletyn G\u0142\u00f3wnej Komisji Badania Zbrodni Niemieckich w Polsce, tom II, Pozna\u0144 1947 r.<\/span><\/p>\n<p>\u00a0<\/p>\n\n\n\n<div style=\"height:20px\" aria-hidden=\"true\" class=\"wp-block-spacer\"><\/div>\n\n\n\n<p>[lg_folder folder=&#8221;2019-12-08\/&#8221; paging=&#8221;false&#8221;]<\/p>\n\n\n\n<div style=\"height:20px\" aria-hidden=\"true\" class=\"wp-block-spacer\"><\/div>\n\n\n\n<figure class=\"wp-block-embed-youtube wp-block-embed is-type-video is-provider-youtube wp-embed-aspect-16-9 wp-has-aspect-ratio\"><div class=\"wp-block-embed__wrapper\">\n<iframe loading=\"lazy\" title=\"77. rocznica rozpocz\u0119cia wysiedle\u0144 i pacyfikacji na Zamojszczy\u017anie\" width=\"1280\" height=\"720\" src=\"https:\/\/www.youtube.com\/embed\/GGX5JJDXLV4?feature=oembed\" frameborder=\"0\" allow=\"accelerometer; autoplay; clipboard-write; encrypted-media; gyroscope; picture-in-picture\" allowfullscreen><\/iframe>\n<\/div><\/figure>\n","protected":false},"excerpt":{"rendered":"<p>Ponad 3,5 tys. \u2013 tyle os\u00f3b w grudniu 1942 r. wysiedlono z gminy \u0141abunie. W niedziel\u0119, 8 grudnia oddali\u015bmy im ho\u0142d.<\/p>\n","protected":false},"author":11,"featured_media":15865,"comment_status":"closed","ping_status":"closed","sticky":false,"template":"","format":"standard","meta":{"footnotes":""},"categories":[1],"tags":[],"class_list":["post-15860","post","type-post","status-publish","format-standard","has-post-thumbnail","hentry","category-wpisy","clearfix"],"_links":{"self":[{"href":"https:\/\/labunie.com.pl\/index.php?rest_route=\/wp\/v2\/posts\/15860","targetHints":{"allow":["GET"]}}],"collection":[{"href":"https:\/\/labunie.com.pl\/index.php?rest_route=\/wp\/v2\/posts"}],"about":[{"href":"https:\/\/labunie.com.pl\/index.php?rest_route=\/wp\/v2\/types\/post"}],"author":[{"embeddable":true,"href":"https:\/\/labunie.com.pl\/index.php?rest_route=\/wp\/v2\/users\/11"}],"replies":[{"embeddable":true,"href":"https:\/\/labunie.com.pl\/index.php?rest_route=%2Fwp%2Fv2%2Fcomments&post=15860"}],"version-history":[{"count":5,"href":"https:\/\/labunie.com.pl\/index.php?rest_route=\/wp\/v2\/posts\/15860\/revisions"}],"predecessor-version":[{"id":15882,"href":"https:\/\/labunie.com.pl\/index.php?rest_route=\/wp\/v2\/posts\/15860\/revisions\/15882"}],"wp:featuredmedia":[{"embeddable":true,"href":"https:\/\/labunie.com.pl\/index.php?rest_route=\/wp\/v2\/media\/15865"}],"wp:attachment":[{"href":"https:\/\/labunie.com.pl\/index.php?rest_route=%2Fwp%2Fv2%2Fmedia&parent=15860"}],"wp:term":[{"taxonomy":"category","embeddable":true,"href":"https:\/\/labunie.com.pl\/index.php?rest_route=%2Fwp%2Fv2%2Fcategories&post=15860"},{"taxonomy":"post_tag","embeddable":true,"href":"https:\/\/labunie.com.pl\/index.php?rest_route=%2Fwp%2Fv2%2Ftags&post=15860"}],"curies":[{"name":"wp","href":"https:\/\/api.w.org\/{rel}","templated":true}]}}