{"id":15871,"date":"2019-12-09T12:04:36","date_gmt":"2019-12-09T11:04:36","guid":{"rendered":"https:\/\/www.labunie.com.pl\/?p=15871"},"modified":"2019-12-09T12:04:36","modified_gmt":"2019-12-09T11:04:36","slug":"pomoz-dzieciom-przetrwac-zime","status":"publish","type":"post","link":"https:\/\/labunie.com.pl\/?p=15871","title":{"rendered":"Pom\u00f3\u017c Dzieciom Przetrwa\u0107 Zim\u0119"},"content":{"rendered":"\n<p><strong>Charytatywna Aukcja Przedmiot\u00f3w &#8211; Dar z Serca za Dar Serca. To has\u0142o wydarzenia organizowanego w ramach akcji &#8220;Pom\u00f3\u017c Dzieciom Przetrwa\u0107 Zim\u0119&#8221;, na kt\u00f3re w imieniu organizator\u00f3w zapraszamy przedsi\u0119biorc\u00f3w z gminy \u0141abunie. Dzi\u0119ki aktywnemu uczestnictwu w aukcji macie Pa\u0144stwo mo\u017cliwo\u015b\u0107 wsparcia potrzebuj\u0105cych pomocy mieszka\u0144c\u00f3w naszego regionu.<\/strong><\/p>\n\n\n\n<div style=\"height:20px\" aria-hidden=\"true\" class=\"wp-block-spacer\"><\/div>\n\n\n\n\n\n<!--more-->\n\n\n\n<p>Aukcja odb\u0119dzie si\u0119 w czwartek, 12 grudnia o godz. 15.00 w Sali B\u0142\u0119kitnej Lubelskiego Urz\u0119du Wojew\u00f3dzkiego przy ul. Spokojnej w Lublinie. W ramach wydarzenia zostan\u0105 wystawione do licytacji przedmioty, kt\u00f3re b\u0119dzie mo\u017cna naby\u0107 za &#8220;Dary serca&#8217; &#8211; przede wszystkim w postaci artyku\u0142\u00f3w spo\u017cywczych m. in. cukru, m\u0105ki, ry\u017cu, oleju, kasz, s\u0142odyczy. Pozyskane produkty trafi\u0105 do dzieci wychowuj\u0105cych si\u0119 w rodzinach wielodzietnych, niepe\u0142nych, b\u0119d\u0105cych w trudnej sytuacji materialnej lub \u017cyciowej. Paczki zostan\u0105 przekazane tak\u017ce do rodzin\u00a0 zast\u0119pczych i plac\u00f3wek opieku\u0144czo-wychowawczych. Ka\u017cdy uczestnik b\u0119dzie m\u00f3g\u0142 wylicytowa\u0107 np. ksi\u0105\u017cki, albumy, fotografie, p\u0142yty i maskotki przekazane przez znanych i lubianych artyst\u00f3w, sportowc\u00f3w oraz przedstawicieli\u00a0 w\u0142adz administracji publicznej z terenu wojew\u00f3dztwa i kraju.<\/p>\n<p>Wszystkie wystawione przedmioty b\u0119dzie mo\u017cna zobaczy\u0107 na stronie internetowej www.pdpz.pl oraz bezpo\u015brednio w Sali B\u0142\u0119kitnej LUW\u00a0 wdniu aukcji.<\/p>\n<p>Organizatorem wydarzenia jest Spo\u0142eczny Komitet Og\u00f3lnopolskiej Akcji PDPZ 2019, kt\u00f3rego przewodnicz\u0105c\u0105 jest <span class=\"st\">polska dziennikarka zwi\u0105zana z PR Lublin i inicjatorka tej og\u00f3lnopolskiej akcji. Odbywa si\u0119 pod patronatem Wojewody Lubelskiego Lecha Sprawki. <\/span><\/p>\n","protected":false},"excerpt":{"rendered":"<p>Charytatywna Aukcja Przedmiot\u00f3w &#8211; Dar z Serca za Dar Serca. To has\u0142o wydarzenia organizowanego w ramach akcji &#8220;Pom\u00f3\u017c Dzieciom Przetrwa\u0107 Zim\u0119&#8221;, na kt\u00f3re w imieniu organizator\u00f3w zapraszamy przedsi\u0119biorc\u00f3w z gminy \u0141abunie. Dzi\u0119ki aktywnemu uczestnictwu w aukcji macie Pa\u0144stwo mo\u017cliwo\u015b\u0107 wsparcia potrzebuj\u0105cych pomocy mieszka\u0144c\u00f3w naszego regionu.<\/p>\n","protected":false},"author":11,"featured_media":15873,"comment_status":"closed","ping_status":"closed","sticky":false,"template":"","format":"standard","meta":{"footnotes":""},"categories":[1],"tags":[],"class_list":["post-15871","post","type-post","status-publish","format-standard","has-post-thumbnail","hentry","category-wpisy","clearfix"],"_links":{"self":[{"href":"https:\/\/labunie.com.pl\/index.php?rest_route=\/wp\/v2\/posts\/15871","targetHints":{"allow":["GET"]}}],"collection":[{"href":"https:\/\/labunie.com.pl\/index.php?rest_route=\/wp\/v2\/posts"}],"about":[{"href":"https:\/\/labunie.com.pl\/index.php?rest_route=\/wp\/v2\/types\/post"}],"author":[{"embeddable":true,"href":"https:\/\/labunie.com.pl\/index.php?rest_route=\/wp\/v2\/users\/11"}],"replies":[{"embeddable":true,"href":"https:\/\/labunie.com.pl\/index.php?rest_route=%2Fwp%2Fv2%2Fcomments&post=15871"}],"version-history":[{"count":1,"href":"https:\/\/labunie.com.pl\/index.php?rest_route=\/wp\/v2\/posts\/15871\/revisions"}],"predecessor-version":[{"id":15872,"href":"https:\/\/labunie.com.pl\/index.php?rest_route=\/wp\/v2\/posts\/15871\/revisions\/15872"}],"wp:featuredmedia":[{"embeddable":true,"href":"https:\/\/labunie.com.pl\/index.php?rest_route=\/wp\/v2\/media\/15873"}],"wp:attachment":[{"href":"https:\/\/labunie.com.pl\/index.php?rest_route=%2Fwp%2Fv2%2Fmedia&parent=15871"}],"wp:term":[{"taxonomy":"category","embeddable":true,"href":"https:\/\/labunie.com.pl\/index.php?rest_route=%2Fwp%2Fv2%2Fcategories&post=15871"},{"taxonomy":"post_tag","embeddable":true,"href":"https:\/\/labunie.com.pl\/index.php?rest_route=%2Fwp%2Fv2%2Ftags&post=15871"}],"curies":[{"name":"wp","href":"https:\/\/api.w.org\/{rel}","templated":true}]}}