{"id":15886,"date":"2020-01-03T06:58:02","date_gmt":"2020-01-03T05:58:02","guid":{"rendered":"https:\/\/www.labunie.com.pl\/?p=15886"},"modified":"2020-01-03T07:15:29","modified_gmt":"2020-01-03T06:15:29","slug":"pokoledujmy-razem","status":"publish","type":"post","link":"https:\/\/labunie.com.pl\/?p=15886","title":{"rendered":"Pokol\u0119dujmy razem"},"content":{"rendered":"\n<p><strong>Zapraszamy roz\u015bpiewanych mieszka\u0144c\u00f3w gminy \u0141abunie do udzia\u0142u w XI edycji Gminnego Przegl\u0105du Kol\u0119d i Pastora\u0142ek. W tym roku wydarzenie odb\u0119dzie si\u0119 w niedziel\u0119, 12 stycznia. Zg\u0142oszenia przyjmowane b\u0119d\u0105 do pi\u0105tku, 3 stycznia.<\/strong><\/p>\n\n\n\n<!--more-->\n\n\n\n<div style=\"height:100px\" aria-hidden=\"true\" class=\"wp-block-spacer\"><\/div>\n\n\n\n<p>Zg\u0142oszenia przyjmuje Stowarzyszenie Na Rzecz Rozwoju Gminy \u0141abunie pod nr tel. 510 246 264. O tym, kto mo\u017ce wzi\u0105\u0107 udzia\u0142 w przegl\u0105dzie i jakie s\u0105 pozosta\u0142e zasady udzia\u0142u, przeczytacie w poni\u017cszym Regulaminie.<\/p>\n<p><strong><em>Organizatorzy:<\/em> <span style=\"color: #000000;\">W\u00f3jt Gminy \u0141abunie oraz Stowarzyszenie na Rzecz Rozwoju Gminy \u0141abunie, zapewniaj\u0105 atmosfer\u0119, kt\u00f3ra przypomni nam o magii \u015bwi\u0105t Bo\u017cego Narodzenia.<\/span><\/strong><\/p>\n\n\n\n<div style=\"height:20px\" aria-hidden=\"true\" class=\"wp-block-spacer\"><\/div>\n\n\n\n<hr>\n<p align=\"CENTER\"><span style=\"font-family: Times New Roman, serif;\"><span style=\"font-size: medium;\"><b>REGULAMIN <\/b><\/span><\/span><\/p>\n<p align=\"CENTER\"><span style=\"font-family: Times New Roman, serif;\"><span style=\"font-size: medium;\"><b>Gminnego Przegl\u0105du Kol\u0119d i Pastora\u0142ek w \u0141abuniach<\/b><\/span><\/span><\/p>\n<p align=\"JUSTIFY\"><span style=\"font-family: Times New Roman, serif;\"><span style=\"font-size: medium;\">Organizatorzy, tj. Wojt Gminy \u0141abunie oraz Stowarzyszenie na Rzecz Rozwoju Gminy \u0141abunie, w celu sprawnego przeprowadzenia przegl\u0105du, prosi uczestnik\u00f3w o przestrzeganie nast\u0119puj\u0105cych ustale\u0144: <\/span><\/span><\/p>\n<p align=\"JUSTIFY\"><span style=\"font-family: Times New Roman, serif;\"><span style=\"font-size: medium;\">1. Wydarzenie to odb\u0119dzie si\u0119 w formie przegl\u0105du \u2013 uczestnicy nie b\u0119d\u0105 klasyfikowani i nie b\u0119d\u0105 przyznawane nagrody za zdobyte miejsca. <\/span><\/span><\/p>\n<p align=\"JUSTIFY\"><span style=\"font-family: Times New Roman, serif;\"><span style=\"font-size: medium;\">2. Przegl\u0105d odb\u0119dzie si\u0119 <b>12 stycznia 2020 roku o godzinie 14.00<\/b> w Domu Kultury<br>w \u0141abuniach. <\/span><\/span><\/p>\n<p align=\"JUSTIFY\"><span style=\"font-family: Times New Roman, serif;\"><span style=\"font-size: medium;\">3. Uczestnikiem przegl\u0105du mog\u0105 zosta\u0107 dzieci, uczniowie, m\u0142odzie\u017c oraz doro\u015bli z gminy \u0141abunie. <\/span><\/span><\/p>\n<p align=\"JUSTIFY\"><span style=\"font-family: Times New Roman, serif;\"><span style=\"font-size: medium;\">4. Osoby ch\u0119tne do uczestnictwa w Przegl\u0105dzie zobowi\u0105zane s\u0105 do zg\u0142oszenia Solisty\/Zespo\u0142u, w terminie do 03.01.2020 r. pod nr tel.: 510 246 264. <\/span><\/span><\/p>\n<p align=\"JUSTIFY\"><span style=\"font-family: Times New Roman, serif;\"><span style=\"font-size: medium;\">5. Ka\u017cdy uczestnik przygotowuje tylko jeden utw\u00f3r, a czas ca\u0142kowitej prezentacji nie mo\u017ce przekroczy\u0107 5 minut. <\/span><\/span><\/p>\n<p align=\"JUSTIFY\"><span style=\"font-family: Times New Roman, serif;\"><span style=\"font-size: medium;\">7. Osoby chc\u0105ce korzysta\u0107 z gotowych podk\u0142ad\u00f3w do wykonywanych utwor\u00f3w, proszone s\u0105 o dostarczenie ich na no\u015bniku wymiennym (p\u0142yty CD, pendrive). Na dostarczonym no\u015bniku powinny znajdowa\u0107 si\u0119 tylko pliki z podk\u0142adami (nie mog\u0105 si\u0119 tam znajdowa\u0107 inne pliki)<br>i powinny by\u0107 ustawione w kolejno\u015bci odtwarzania. Podk\u0142ady powinny by\u0107 przygotowane tylko w formacie MP3. <\/span><\/span><\/p>\n<p align=\"JUSTIFY\"><span style=\"font-family: Times New Roman, serif;\"><span style=\"font-size: medium;\">8. No\u015bniki dostarczane s\u0105 do operatora tu\u017c przed wyst\u0119pem. Mo\u017cliwe jest sprawdzenie poprawno\u015bci odtwarzania przed rozpocz\u0119ciem Przegl\u0105du. <\/span><\/span><\/p>\n<p align=\"JUSTIFY\"><span style=\"font-family: Times New Roman, serif;\"><span style=\"font-size: medium;\">9. Organizator nie bierze odpowiedzialno\u015bci za problemy z odtwarzaniem dostarczonych podk\u0142ad\u00f3w, uczestnik zobowi\u0105zany jest do starannego przygotowania podk\u0142adu i u\u017cycia dobrych no\u015bnik\u00f3w. <\/span><\/span><\/p>\n<p align=\"JUSTIFY\"><span style=\"font-family: Times New Roman, serif;\"><span style=\"font-size: medium;\">10. Osoby zg\u0142aszaj\u0105ce si\u0119 do przegl\u0105du zgadzaj\u0105 si\u0119 z postanowieniami niniejszego Regulaminu, oraz zgadzaj\u0105 si\u0119 na ewentualne u\u017cycie swoich wizerunk\u00f3w w formie zdj\u0119\u0107<br>i film\u00f3w, w publikacjach promuj\u0105cych Przegl\u0105d. <\/span><\/span><\/p>\n<hr>\n<p align=\"JUSTIFY\"><br><br><\/p>\n\n\n\n<div style=\"height:20px\" aria-hidden=\"true\" class=\"wp-block-spacer\"><\/div>\n\n\n\n<figure class=\"wp-block-image\"><img loading=\"lazy\" decoding=\"async\" width=\"702\" height=\"1024\" src=\"https:\/\/www.labunie.com.pl\/wp-content\/uploads\/2019\/12\/Image00001-5-702x1024.jpg\" alt=\"\" class=\"wp-image-15888\" srcset=\"https:\/\/labunie.com.pl\/wp-content\/uploads\/2019\/12\/Image00001-5-702x1024.jpg 702w, https:\/\/labunie.com.pl\/wp-content\/uploads\/2019\/12\/Image00001-5-206x300.jpg 206w, https:\/\/labunie.com.pl\/wp-content\/uploads\/2019\/12\/Image00001-5-768x1120.jpg 768w, https:\/\/labunie.com.pl\/wp-content\/uploads\/2019\/12\/Image00001-5.jpg 1029w\" sizes=\"auto, (max-width: 702px) 100vw, 702px\" \/><figcaption>fot. na plakat freepik.com<\/figcaption><\/figure>\n","protected":false},"excerpt":{"rendered":"<p>Zapraszamy roz\u015bpiewanych mieszka\u0144c\u00f3w gminy \u0141abunie do udzia\u0142u w XI edycji Gminnego Przegl\u0105du Kol\u0119d i Pastora\u0142ek. W tym roku wydarzenie odb\u0119dzie si\u0119 w niedziel\u0119, 12 stycznia. Zg\u0142oszenia przyjmowane b\u0119d\u0105 do pi\u0105tku, 3 stycznia.<\/p>\n","protected":false},"author":11,"featured_media":15932,"comment_status":"closed","ping_status":"closed","sticky":false,"template":"","format":"standard","meta":{"footnotes":""},"categories":[1],"tags":[],"class_list":["post-15886","post","type-post","status-publish","format-standard","has-post-thumbnail","hentry","category-wpisy","clearfix"],"_links":{"self":[{"href":"https:\/\/labunie.com.pl\/index.php?rest_route=\/wp\/v2\/posts\/15886","targetHints":{"allow":["GET"]}}],"collection":[{"href":"https:\/\/labunie.com.pl\/index.php?rest_route=\/wp\/v2\/posts"}],"about":[{"href":"https:\/\/labunie.com.pl\/index.php?rest_route=\/wp\/v2\/types\/post"}],"author":[{"embeddable":true,"href":"https:\/\/labunie.com.pl\/index.php?rest_route=\/wp\/v2\/users\/11"}],"replies":[{"embeddable":true,"href":"https:\/\/labunie.com.pl\/index.php?rest_route=%2Fwp%2Fv2%2Fcomments&post=15886"}],"version-history":[{"count":5,"href":"https:\/\/labunie.com.pl\/index.php?rest_route=\/wp\/v2\/posts\/15886\/revisions"}],"predecessor-version":[{"id":16066,"href":"https:\/\/labunie.com.pl\/index.php?rest_route=\/wp\/v2\/posts\/15886\/revisions\/16066"}],"wp:featuredmedia":[{"embeddable":true,"href":"https:\/\/labunie.com.pl\/index.php?rest_route=\/wp\/v2\/media\/15932"}],"wp:attachment":[{"href":"https:\/\/labunie.com.pl\/index.php?rest_route=%2Fwp%2Fv2%2Fmedia&parent=15886"}],"wp:term":[{"taxonomy":"category","embeddable":true,"href":"https:\/\/labunie.com.pl\/index.php?rest_route=%2Fwp%2Fv2%2Fcategories&post=15886"},{"taxonomy":"post_tag","embeddable":true,"href":"https:\/\/labunie.com.pl\/index.php?rest_route=%2Fwp%2Fv2%2Ftags&post=15886"}],"curies":[{"name":"wp","href":"https:\/\/api.w.org\/{rel}","templated":true}]}}