{"id":15902,"date":"2019-12-12T12:03:06","date_gmt":"2019-12-12T11:03:06","guid":{"rendered":"https:\/\/www.labunie.com.pl\/?p=15902"},"modified":"2020-01-01T10:47:22","modified_gmt":"2020-01-01T09:47:22","slug":"szkola-podstawowa-w-labuniach-ma-patrona","status":"publish","type":"post","link":"https:\/\/labunie.com.pl\/?p=15902","title":{"rendered":"Szko\u0142a Podstawowa w \u0141abuniach ma Patrona"},"content":{"rendered":"\n<p align=\"JUSTIFY\"><strong>Wtorek, 10 grudnia 2019 r. &#8211; to by\u0142 wyj\u0105tkowy dzie\u0144 dla Szko\u0142y Podstawowej w \u0141abuniach. Plac\u00f3wka otrzyma\u0142a Patrona i sztandar.<\/strong><\/p>\n\n\n\n<div style=\"height:76px\" aria-hidden=\"true\" class=\"wp-block-spacer\"><\/div>\n\n\n\n<!--more-->\n\n\n\n<p align=\"JUSTIFY\">Przygotowania do tej historycznej dla ca\u0142ej spo\u0142eczno\u015bci szkolnej uroczysto\u015bci trwa\u0142y kilkana\u015bcie miesi\u0119cy. W tym czasie podj\u0119to szereg dzia\u0142a\u0144 maj\u0105cych na celu zapoznanie uczni\u00f3w, rodzic\u00f3w oraz wszystkich pracownik\u00f3w szko\u0142y z wybranym Patronem. Uroczysto\u015b\u0107 nadania imienia poprzedzi\u0142a w niedziel\u0119, 8 grudnia Msza \u015bw. w 77. rocznic\u0119 wysiedle\u0144 mieszka\u0144c\u00f3w Gminy \u0141abunie oraz w intencji Szko\u0142y Podstawowej w \u0141abuniach z okazji otrzymania Patrona. W oficjalnych uroczysto\u015bciach wzi\u0119li udzia\u0142 przedstawiciele w\u0142adz pa\u0144stwowych, m.in. wiceminister Obrony Narodowej, przedstawiciele kuratora o\u015bwiaty w Lublinie i zamojskiej delegatury, przedstawiciel wojewody lubelskiego, pose\u0142 na Sejm RP IX kadencji, w\u0142adze samorz\u0105dowe, ksi\u0119\u017ca, w\u0142adze i cz\u0142onkowie Polskiego Zwi\u0105zku By\u0142ych Wi\u0119\u017ani\u00f3w Politycznych Hitlerowskich Wi\u0119zie\u0144 i Oboz\u00f3w Koncentracyjnych, kierownicy jednostek organizacyjnych gminy, poczty sztandarowe zaprzyja\u017anionych szk\u00f3\u0142, a tak\u017ce nauczyciele, uczniowie i rodzice.<\/p>\n<p align=\"JUSTIFY\">Podczas uroczysto\u015bci odby\u0142a si\u0119 prezentacja multimedialna dotycz\u0105ca historii dzia\u0142a\u0144 szko\u0142y w kierunku nadania imienia. Odczytano r\u00f3wnie\u017c uchwa\u0142\u0119 Rady Gminy \u0141abunie o nadaniu imienia. Najwa\u017cniejszym punktem uroczysto\u015bci by\u0142o po\u015bwi\u0119cenie i przekazanie sztandaru spo\u0142eczno\u015bci szkolnej. Podczas wydarzenia wr\u0119czono r\u00f3wnie\u017c odznaczenia, kt\u00f3re otrzymali cz\u0142onkowie Polskiego Zwi\u0105zku By\u0142ych Wi\u0119\u017ani\u00f3w Politycznych Hitlerowskich Wi\u0119zie\u0144 i Oboz\u00f3w Koncentracyjnych Okr\u0119gu Zamo\u015b\u0107, Ko\u0142o Terenowe \u0141abunie. Uroczysto\u015b\u0107 u\u015bwietni\u0142 spektakl przygotowany przez uczni\u00f3w i nauczycieli oraz wystawy po\u015bwi\u0119cone losom Dzieci Zamojszczyzny.<\/p>\n<p align=\"JUSTIFY\">\u00a0<\/p>\n\n\n\n<div style=\"height:20px\" aria-hidden=\"true\" class=\"wp-block-spacer\"><\/div>\n\n\n\n<p>[lg_folder folder=&#8221;2019-12-10\/&#8221; paging=&#8221;false&#8221;]<\/p>\n","protected":false},"excerpt":{"rendered":"<p>Wtorek, 10 grudnia 2019 r. &#8211; to by\u0142 wyj\u0105tkowy dzie\u0144 dla Szko\u0142y Podstawowej w \u0141abuniach. Plac\u00f3wka otrzyma\u0142a Patrona i sztandar.<\/p>\n","protected":false},"author":11,"featured_media":15904,"comment_status":"closed","ping_status":"closed","sticky":false,"template":"","format":"standard","meta":{"footnotes":""},"categories":[1],"tags":[],"class_list":["post-15902","post","type-post","status-publish","format-standard","has-post-thumbnail","hentry","category-wpisy","clearfix"],"_links":{"self":[{"href":"https:\/\/labunie.com.pl\/index.php?rest_route=\/wp\/v2\/posts\/15902","targetHints":{"allow":["GET"]}}],"collection":[{"href":"https:\/\/labunie.com.pl\/index.php?rest_route=\/wp\/v2\/posts"}],"about":[{"href":"https:\/\/labunie.com.pl\/index.php?rest_route=\/wp\/v2\/types\/post"}],"author":[{"embeddable":true,"href":"https:\/\/labunie.com.pl\/index.php?rest_route=\/wp\/v2\/users\/11"}],"replies":[{"embeddable":true,"href":"https:\/\/labunie.com.pl\/index.php?rest_route=%2Fwp%2Fv2%2Fcomments&post=15902"}],"version-history":[{"count":5,"href":"https:\/\/labunie.com.pl\/index.php?rest_route=\/wp\/v2\/posts\/15902\/revisions"}],"predecessor-version":[{"id":16053,"href":"https:\/\/labunie.com.pl\/index.php?rest_route=\/wp\/v2\/posts\/15902\/revisions\/16053"}],"wp:featuredmedia":[{"embeddable":true,"href":"https:\/\/labunie.com.pl\/index.php?rest_route=\/wp\/v2\/media\/15904"}],"wp:attachment":[{"href":"https:\/\/labunie.com.pl\/index.php?rest_route=%2Fwp%2Fv2%2Fmedia&parent=15902"}],"wp:term":[{"taxonomy":"category","embeddable":true,"href":"https:\/\/labunie.com.pl\/index.php?rest_route=%2Fwp%2Fv2%2Fcategories&post=15902"},{"taxonomy":"post_tag","embeddable":true,"href":"https:\/\/labunie.com.pl\/index.php?rest_route=%2Fwp%2Fv2%2Ftags&post=15902"}],"curies":[{"name":"wp","href":"https:\/\/api.w.org\/{rel}","templated":true}]}}