{"id":15910,"date":"2019-12-12T12:38:40","date_gmt":"2019-12-12T11:38:40","guid":{"rendered":"https:\/\/www.labunie.com.pl\/?p=15910"},"modified":"2019-12-12T12:38:40","modified_gmt":"2019-12-12T11:38:40","slug":"wszystko-o-oszczednych-technologiach","status":"publish","type":"post","link":"https:\/\/labunie.com.pl\/?p=15910","title":{"rendered":"Wszystko o oszcz\u0119dnych technologiach"},"content":{"rendered":"\n<p><strong>W pi\u0105tek, 13 grudnia w Lubelskim Parku Naukowo-Technologicznym przy ul. Dobrza\u0144skiego 3 w Lublinie rozpoczn\u0105 si\u0119 bezp\u0142atne warsztaty i seminaria po\u015bwi\u0119cone tematyce elektromobilno\u015bci. Projekt skierowany jest m. in. do mieszka\u0144c\u00f3w Lubelszczyzny i\u00a0 lokalnych przedsi\u0119biorc\u00f3w.<\/strong><\/p>\n\n\n\n<div style=\"height:26px\" aria-hidden=\"true\" class=\"wp-block-spacer\"><\/div>\n\n\n\n\n\n<!--more-->\n\n\n\n<p>Podstawowym zadaniem tego projektu jest rozpowszechnienie wiedzy na temat rozwoju elektromobilno\u015bci oraz prezentacja rozwi\u0105za\u0144 i dobrych praktyk integruj\u0105cych nowoczesne, przyjazne \u015brodowisku i oszcz\u0119dne technologie. Jednym z zada\u0144 projektu b\u0119dzie prezentacja rozwi\u0105zania umo\u017cliwiaj\u0105cego zasilanie stacji \u0142adowania samochod\u00f3w elektrycznych z instalacji paneli fotowoltaicznych. Uczestnicy poszerz\u0105 wiedz\u0119 nt. odpowiedzialnego rozwoju systemu transportowego, poprzez promocj\u0119 dzia\u0142a\u0144 sprzyjaj\u0105cych wzrostowi udzia\u0142u pojazd\u00f3w elektrycznych w obs\u0142udze transportowej gospodarki oraz spo\u0142ecze\u0144stwa jest jednym z element\u00f3w zgodnym z za\u0142o\u017ceniami strategii spo\u0142ecznej odpowiedzialno\u015bci. \u00a0<\/p>\n<p>Szkolenia i seminaria b\u0119d\u0105 odbywa\u0107 si\u0119 do 20 grudnia.<\/p>\n","protected":false},"excerpt":{"rendered":"<p>W pi\u0105tek, 13 grudnia w Lubelskim Parku Naukowo-Technologicznym przy ul. Dobrza\u0144skiego 3 w Lublinie rozpoczn\u0105 si\u0119 bezp\u0142atne warsztaty i seminaria po\u015bwi\u0119cone tematyce elektromobilno\u015bci. Projekt skierowany jest m. in. do mieszka\u0144c\u00f3w Lubelszczyzny i\u00a0 lokalnych przedsi\u0119biorc\u00f3w.<\/p>\n","protected":false},"author":11,"featured_media":15912,"comment_status":"closed","ping_status":"closed","sticky":false,"template":"","format":"standard","meta":{"footnotes":""},"categories":[1],"tags":[],"class_list":["post-15910","post","type-post","status-publish","format-standard","has-post-thumbnail","hentry","category-wpisy","clearfix"],"_links":{"self":[{"href":"https:\/\/labunie.com.pl\/index.php?rest_route=\/wp\/v2\/posts\/15910","targetHints":{"allow":["GET"]}}],"collection":[{"href":"https:\/\/labunie.com.pl\/index.php?rest_route=\/wp\/v2\/posts"}],"about":[{"href":"https:\/\/labunie.com.pl\/index.php?rest_route=\/wp\/v2\/types\/post"}],"author":[{"embeddable":true,"href":"https:\/\/labunie.com.pl\/index.php?rest_route=\/wp\/v2\/users\/11"}],"replies":[{"embeddable":true,"href":"https:\/\/labunie.com.pl\/index.php?rest_route=%2Fwp%2Fv2%2Fcomments&post=15910"}],"version-history":[{"count":2,"href":"https:\/\/labunie.com.pl\/index.php?rest_route=\/wp\/v2\/posts\/15910\/revisions"}],"predecessor-version":[{"id":15913,"href":"https:\/\/labunie.com.pl\/index.php?rest_route=\/wp\/v2\/posts\/15910\/revisions\/15913"}],"wp:featuredmedia":[{"embeddable":true,"href":"https:\/\/labunie.com.pl\/index.php?rest_route=\/wp\/v2\/media\/15912"}],"wp:attachment":[{"href":"https:\/\/labunie.com.pl\/index.php?rest_route=%2Fwp%2Fv2%2Fmedia&parent=15910"}],"wp:term":[{"taxonomy":"category","embeddable":true,"href":"https:\/\/labunie.com.pl\/index.php?rest_route=%2Fwp%2Fv2%2Fcategories&post=15910"},{"taxonomy":"post_tag","embeddable":true,"href":"https:\/\/labunie.com.pl\/index.php?rest_route=%2Fwp%2Fv2%2Ftags&post=15910"}],"curies":[{"name":"wp","href":"https:\/\/api.w.org\/{rel}","templated":true}]}}