{"id":15921,"date":"2019-12-13T07:46:27","date_gmt":"2019-12-13T06:46:27","guid":{"rendered":"https:\/\/www.labunie.com.pl\/?p=15921"},"modified":"2019-12-13T07:57:35","modified_gmt":"2019-12-13T06:57:35","slug":"pamietajmy-o-ofiarach-stanu-wojennego-13-grudnia-zapalmy-swiatlo-wolnosci","status":"publish","type":"post","link":"https:\/\/labunie.com.pl\/?p=15921","title":{"rendered":"Pami\u0119tajmy o ofiarach stanu wojennego \u2013 13 grudnia zapalmy \u015awiat\u0142o Wolno\u015bci"},"content":{"rendered":"\n<p><strong>13 grudnia o 19.30, dla upami\u0119tnienia tragicznych wydarze\u0144 sprzed 38 lat, w oknach polskich dom\u00f3w zapalmy \u015bwiece.<\/strong><\/p>\n<p><strong>Internaut\u00f3w zach\u0119camy do zapalenia wirtualnego \u015awiat\u0142a Wolno\u015bci na stronie IPN.<\/strong><\/p>\n<p><strong>To apel Instytutu Pami\u0119ci Narodowej, by w ten spos\u00f3b uczci\u0107 ofiary wprowadzenia stanu wojennego w Polsce.<\/strong><\/p>\n\n\n\n<!--more-->\n\n\n\n<div style=\"height:40px\" aria-hidden=\"true\" class=\"wp-block-spacer\"><\/div>\n\n\n\n<p>Zainicjowana przez Instytut Pami\u0119ci Narodowej kilka lat temu akcja spo\u0142eczna \u201eOfiarom stanu wojennego. Zapal \u015awiat\u0142o Wolno\u015bci\u201d nawi\u0105zuje do gestu, jakim na pocz\u0105tku lat osiemdziesi\u0105tych Polacy, ale te\u017c inni mieszka\u0144cy Wolnego \u015awiata wyra\u017cali sprzeciw wobec brutalnej polityki w\u0142adz PRL. Aby da\u0107 wyraz solidarno\u015bci z tysi\u0105cami internowanych i ich rodzinami, w oknach stawiano symboliczne \u015bwieczki. Do podobnego gestu jedno\u015bci z \u017cyj\u0105cymi w rzeczywisto\u015bci stanu wojennego w odezwie do narodu wzywa\u0142 wtedy Amerykan\u00f3w prezydent Ronald Reagan.<\/p>\n\n\n\n<div style=\"height:30px\" aria-hidden=\"true\" class=\"wp-block-spacer\"><\/div>\n\n\n\n<figure class=\"wp-block-image\"><img loading=\"lazy\" decoding=\"async\" width=\"1024\" height=\"389\" src=\"https:\/\/www.labunie.com.pl\/wp-content\/uploads\/2019\/12\/1-368247_g-1024x389.jpg\" alt=\"\" class=\"wp-image-15924\"\/><\/figure>\n\n\n\n<div style=\"height:20px\" aria-hidden=\"true\" class=\"wp-block-spacer\"><\/div>\n\n\n\n<div class=\"naglowek\">\n<p><strong>13 grudnia 1981 r. Wojskowa Rada Ocalenia Narodowego, na czele z gen. Wojciechem Jaruzelskim, wprowadzi\u0142a w Polsce stan wojenny. Tego dnia z\u0142amano nadzieje milion\u00f3w Polak\u00f3w i na wiele lat odsuni\u0119to szans\u0119 na demokratyczne przemiany. Stan wojenny przyni\u00f3s\u0142 tysi\u0105com os\u00f3b i ich rodzinom wielkie cierpienie \u2013 izolacj\u0119 w obozach internowania, uwi\u0119zienie, pozbawienie pracy, inne represje, za\u015b dziesi\u0105tki niewinnych straci\u0142y \u017cycie.<\/strong><\/p>\n<\/div>\n<div class=\"mLeft\">\n<div>\n<div>\n<div>\n<div>\n<div>\n<div class=\"media_embed\">\n<p class=\"txt\"><strong> W czasie stanu wojennego internowano ponad 10 tys. os\u00f3b w tym niekt\u00f3re wi\u0119cej ni\u017c raz.<\/strong><\/p>\n<p>\u00a0<\/p>\n<\/div>\n<\/div>\n<\/div>\n<\/div>\n<\/div>\n<\/div>\n<\/div>\n<div class=\"mRight\">\n<div class=\"clear\" style=\"text-align: right;\">\u0179r\u00f3d\u0142o: ipn.gov.pl, 13grudnia81.pl,<\/div>\n<div class=\"clear\" style=\"text-align: right;\">Fot.: ipn.gov.pl<\/div>\n<\/div>\n\n\n\n<div style=\"height:28px\" aria-hidden=\"true\" class=\"wp-block-spacer\"><\/div>\n\n\n","protected":false},"excerpt":{"rendered":"<p>13 grudnia o 19.30, dla upami\u0119tnienia tragicznych wydarze\u0144 sprzed 38 lat, w oknach polskich dom\u00f3w zapalmy \u015bwiece. Internaut\u00f3w zach\u0119camy do zapalenia wirtualnego \u015awiat\u0142a Wolno\u015bci na stronie IPN. To apel Instytutu Pami\u0119ci Narodowej, by w ten spos\u00f3b uczci\u0107 ofiary wprowadzenia stanu wojennego w Polsce.<\/p>\n","protected":false},"author":11,"featured_media":15929,"comment_status":"closed","ping_status":"closed","sticky":false,"template":"","format":"standard","meta":{"footnotes":""},"categories":[1],"tags":[],"class_list":["post-15921","post","type-post","status-publish","format-standard","has-post-thumbnail","hentry","category-wpisy","clearfix"],"_links":{"self":[{"href":"https:\/\/labunie.com.pl\/index.php?rest_route=\/wp\/v2\/posts\/15921","targetHints":{"allow":["GET"]}}],"collection":[{"href":"https:\/\/labunie.com.pl\/index.php?rest_route=\/wp\/v2\/posts"}],"about":[{"href":"https:\/\/labunie.com.pl\/index.php?rest_route=\/wp\/v2\/types\/post"}],"author":[{"embeddable":true,"href":"https:\/\/labunie.com.pl\/index.php?rest_route=\/wp\/v2\/users\/11"}],"replies":[{"embeddable":true,"href":"https:\/\/labunie.com.pl\/index.php?rest_route=%2Fwp%2Fv2%2Fcomments&post=15921"}],"version-history":[{"count":4,"href":"https:\/\/labunie.com.pl\/index.php?rest_route=\/wp\/v2\/posts\/15921\/revisions"}],"predecessor-version":[{"id":15930,"href":"https:\/\/labunie.com.pl\/index.php?rest_route=\/wp\/v2\/posts\/15921\/revisions\/15930"}],"wp:featuredmedia":[{"embeddable":true,"href":"https:\/\/labunie.com.pl\/index.php?rest_route=\/wp\/v2\/media\/15929"}],"wp:attachment":[{"href":"https:\/\/labunie.com.pl\/index.php?rest_route=%2Fwp%2Fv2%2Fmedia&parent=15921"}],"wp:term":[{"taxonomy":"category","embeddable":true,"href":"https:\/\/labunie.com.pl\/index.php?rest_route=%2Fwp%2Fv2%2Fcategories&post=15921"},{"taxonomy":"post_tag","embeddable":true,"href":"https:\/\/labunie.com.pl\/index.php?rest_route=%2Fwp%2Fv2%2Ftags&post=15921"}],"curies":[{"name":"wp","href":"https:\/\/api.w.org\/{rel}","templated":true}]}}