{"id":15960,"date":"2019-12-17T07:26:51","date_gmt":"2019-12-17T06:26:51","guid":{"rendered":"https:\/\/www.labunie.com.pl\/?p=15960"},"modified":"2019-12-17T07:26:51","modified_gmt":"2019-12-17T06:26:51","slug":"labunski-akcent-na-koledowaniu-w-krasnobrodzie","status":"publish","type":"post","link":"https:\/\/labunie.com.pl\/?p=15960","title":{"rendered":"\u0141abu\u0144ski akcent na kol\u0119dowaniu w Krasnobrodzie"},"content":{"rendered":"\n<p><strong>Agnieszka Furma\u0144czuk z \u0141abu\u0144 reprezentowa\u0142a nasz\u0105 gmin\u0119 na eliminacjach rejonowych XXVI Mi\u0119dzynarodowego Festiwalu Kol\u0119d i Pastora\u0142ek im. Ks. Kazimierza Szwarlika &#8211; B\u0119dzin 2020.<\/strong><\/p>\n\n\n\n<div style=\"height:86px\" aria-hidden=\"true\" class=\"wp-block-spacer\"><\/div>\n\n\n\n<!--more-->\n\n\n\n<p>W sobot\u0119 14 grudnia 2019 r. w Krasnobrodzkim Domu Kultury odby\u0142y si\u0119 Eliminacje Rejonowe XXVI Mi\u0119dzynarodowego Festiwalu Kol\u0119d i Pastora\u0142ek im. Ks. Kazimierza Szwarlika &#8211; B\u0119dzin 2020. W eliminacjach wzi\u0119\u0142o udzia\u0142 27 podmiot\u00f3w wykonawczych, spo\u015br\u00f3d kt\u00f3rych zdecydowan\u0105 wi\u0119kszo\u015b\u0107 stanowili soli\u015bci. Gmin\u0119 \u0141abunie reprezentowa\u0142a solistka &#8211; Pani Agnieszka Furma\u0144czuk i wykona\u0142a dwa utwory: kol\u0119d\u0119 &#8220;Lulaj\u017ce Jezuniu&#8221; i &#8220;Kol\u0119d\u0119 dla Nieobecnych&#8221;.<br \/>Gratulujemy i \u017cyczymy dalszych sukces\u00f3w!<\/p>\n\n\n\n<div style=\"height:20px\" aria-hidden=\"true\" class=\"wp-block-spacer\"><\/div>\n\n\n\n\n\n<ul class=\"wp-block-gallery columns-2 is-cropped wp-block-gallery-1 is-layout-flex wp-block-gallery-is-layout-flex\"><li class=\"blocks-gallery-item\"><figure><img loading=\"lazy\" decoding=\"async\" width=\"745\" height=\"1024\" src=\"https:\/\/www.labunie.com.pl\/wp-content\/uploads\/2019\/12\/Image00001-10-745x1024.jpg\" alt=\"\" data-id=\"15961\" data-link=\"https:\/\/www.labunie.com.pl\/?attachment_id=15961\" class=\"wp-image-15961\" srcset=\"https:\/\/labunie.com.pl\/wp-content\/uploads\/2019\/12\/Image00001-10-745x1024.jpg 745w, https:\/\/labunie.com.pl\/wp-content\/uploads\/2019\/12\/Image00001-10-218x300.jpg 218w, https:\/\/labunie.com.pl\/wp-content\/uploads\/2019\/12\/Image00001-10-768x1056.jpg 768w, https:\/\/labunie.com.pl\/wp-content\/uploads\/2019\/12\/Image00001-10.jpg 1091w\" sizes=\"auto, (max-width: 745px) 100vw, 745px\" \/><\/figure><\/li><li class=\"blocks-gallery-item\"><figure><img loading=\"lazy\" decoding=\"async\" width=\"768\" height=\"1024\" src=\"https:\/\/www.labunie.com.pl\/wp-content\/uploads\/2019\/12\/Image00002-768x1024.jpg\" alt=\"\" data-id=\"15962\" data-link=\"https:\/\/www.labunie.com.pl\/?attachment_id=15962\" class=\"wp-image-15962\" srcset=\"https:\/\/labunie.com.pl\/wp-content\/uploads\/2019\/12\/Image00002-768x1024.jpg 768w, https:\/\/labunie.com.pl\/wp-content\/uploads\/2019\/12\/Image00002-225x300.jpg 225w, https:\/\/labunie.com.pl\/wp-content\/uploads\/2019\/12\/Image00002.jpg 1125w\" sizes=\"auto, (max-width: 768px) 100vw, 768px\" \/><\/figure><\/li><\/ul>\n","protected":false},"excerpt":{"rendered":"<p>Agnieszka Furma\u0144czuk z \u0141abu\u0144 reprezentowa\u0142a nasz\u0105 gmin\u0119 na eliminacjach rejonowych XXVI Mi\u0119dzynarodowego Festiwalu Kol\u0119d i Pastora\u0142ek im. Ks. Kazimierza Szwarlika &#8211; B\u0119dzin 2020.<\/p>\n","protected":false},"author":11,"featured_media":15964,"comment_status":"closed","ping_status":"closed","sticky":false,"template":"","format":"standard","meta":{"footnotes":""},"categories":[1],"tags":[],"class_list":["post-15960","post","type-post","status-publish","format-standard","has-post-thumbnail","hentry","category-wpisy","clearfix"],"_links":{"self":[{"href":"https:\/\/labunie.com.pl\/index.php?rest_route=\/wp\/v2\/posts\/15960","targetHints":{"allow":["GET"]}}],"collection":[{"href":"https:\/\/labunie.com.pl\/index.php?rest_route=\/wp\/v2\/posts"}],"about":[{"href":"https:\/\/labunie.com.pl\/index.php?rest_route=\/wp\/v2\/types\/post"}],"author":[{"embeddable":true,"href":"https:\/\/labunie.com.pl\/index.php?rest_route=\/wp\/v2\/users\/11"}],"replies":[{"embeddable":true,"href":"https:\/\/labunie.com.pl\/index.php?rest_route=%2Fwp%2Fv2%2Fcomments&post=15960"}],"version-history":[{"count":4,"href":"https:\/\/labunie.com.pl\/index.php?rest_route=\/wp\/v2\/posts\/15960\/revisions"}],"predecessor-version":[{"id":15967,"href":"https:\/\/labunie.com.pl\/index.php?rest_route=\/wp\/v2\/posts\/15960\/revisions\/15967"}],"wp:featuredmedia":[{"embeddable":true,"href":"https:\/\/labunie.com.pl\/index.php?rest_route=\/wp\/v2\/media\/15964"}],"wp:attachment":[{"href":"https:\/\/labunie.com.pl\/index.php?rest_route=%2Fwp%2Fv2%2Fmedia&parent=15960"}],"wp:term":[{"taxonomy":"category","embeddable":true,"href":"https:\/\/labunie.com.pl\/index.php?rest_route=%2Fwp%2Fv2%2Fcategories&post=15960"},{"taxonomy":"post_tag","embeddable":true,"href":"https:\/\/labunie.com.pl\/index.php?rest_route=%2Fwp%2Fv2%2Ftags&post=15960"}],"curies":[{"name":"wp","href":"https:\/\/api.w.org\/{rel}","templated":true}]}}