{"id":15987,"date":"2019-12-18T12:25:06","date_gmt":"2019-12-18T11:25:06","guid":{"rendered":"https:\/\/www.labunie.com.pl\/?p=15987"},"modified":"2019-12-18T12:54:33","modified_gmt":"2019-12-18T11:54:33","slug":"rejestr-bdo-informacja-dla-przedsiebiorcow","status":"publish","type":"post","link":"https:\/\/labunie.com.pl\/?p=15987","title":{"rendered":"Rejestr BDO &#8211; informacja dla przedsi\u0119biorc\u00f3w"},"content":{"rendered":"\n<p><strong>Od 1 stycznia 2020 r. znaczna grupa przedsi\u0119biorc\u00f3w b\u0119dzie musia\u0142a prowadzi\u0107 ewidencj\u0119 i sprawozdawczo\u015b\u0107 odpad\u00f3w, dlatego do ko\u0144ca roku powinni wpisa\u0107 si\u0119 do elektronicznego Rejestru BDO. <\/strong><\/p>\n\n\n\n<!--more-->\n\n\n\n<div style=\"height:100px\" aria-hidden=\"true\" class=\"wp-block-spacer\"><\/div>\n\n\n\n<p class=\"has-text-color has-background has-very-dark-gray-color has-luminous-vivid-amber-background-color\"><strong><span style=\"color:#000000\" class=\"tadv-color\">Wnioski o rejestracj\u0119 do bazy danych o produktach i opakowaniach oraz gospodarce odpadami mo\u017cna sk\u0142ada\u0107 do 31 grudnia br. w zamojskiej filii Urz\u0119du Marsza\u0142kowskiego Wojew\u00f3dztwa Lubelskiego (Zamo\u015b\u0107 ul. Partyzant\u00f3w 94).<\/span><\/strong><\/p>\n\n\n\n<div style=\"height:50px\" aria-hidden=\"true\" class=\"wp-block-spacer\"><\/div>\n\n\n\n<figure class=\"wp-block-image\"><img loading=\"lazy\" decoding=\"async\" width=\"752\" height=\"1024\" src=\"https:\/\/www.labunie.com.pl\/wp-content\/uploads\/2019\/12\/BDO_plakat-752x1024.png\" alt=\"\" class=\"wp-image-15989\" srcset=\"https:\/\/labunie.com.pl\/wp-content\/uploads\/2019\/12\/BDO_plakat-752x1024.png 752w, https:\/\/labunie.com.pl\/wp-content\/uploads\/2019\/12\/BDO_plakat-220x300.png 220w, https:\/\/labunie.com.pl\/wp-content\/uploads\/2019\/12\/BDO_plakat-768x1046.png 768w, https:\/\/labunie.com.pl\/wp-content\/uploads\/2019\/12\/BDO_plakat.png 1000w\" sizes=\"auto, (max-width: 752px) 100vw, 752px\" \/><\/figure>\n\n\n\n<div style=\"height:20px\" aria-hidden=\"true\" class=\"wp-block-spacer\"><\/div>\n\n\n\n<h1><strong>Czym jest Rejestr BDO<\/strong><\/h1>\n<p>Rejestr BDO to Rejestr podmiot\u00f3w wprowadzaj\u0105cych produkty, produkty w opakowaniach i gospodaruj\u0105cych odpadami. Stanowi integraln\u0105 cz\u0119\u015b\u0107 bazy danych o produktach i opakowaniach oraz o gospodarce odpadami, tzw. BDO. BDO pozwala na gromadzenie i zarz\u0105dzanie informacjami, kt\u00f3re dotycz\u0105 gospodarki odpadami i ma zapewni\u0107 elektroniczn\u0105 realizacj\u0119 obowi\u0105zk\u00f3w rejestrowych, ewidencyjnych i sprawozdawczych.<\/p>\n<p>Przedsi\u0119biorcy wpisani do Rejestru BDO b\u0119d\u0105 w nim prowadzi\u0107 &#8211; od 1 stycznia 2020 r. elektroniczn\u0105 ewidencj\u0119 i sprawozdawczo\u015b\u0107 odpad\u00f3w.<\/p>\n<h1><span style=\"color: #ffffff;\">BDO<\/span><\/h1>\n<h1><strong>Obowi\u0105zek tak\u017ce dla firm jednoosobowych<\/strong><\/h1>\n<p>Obowi\u0105zek dotyczy nie tylko du\u017cych firm, ale te\u017c os\u00f3b prowadz\u0105cych jednoosobow\u0105 dzia\u0142alno\u015b\u0107 gospodarcz\u0105, kt\u00f3re wytwarzaj\u0105 \u015bmieci nie b\u0119d\u0105ce zwyk\u0142ymi odpadami komunalnymi.<\/p>\n<p>Do tej pory przedsi\u0119biorcy podpisywali umowy na ich odbi\u00f3r, od 2020 r. b\u0119d\u0105 musieli prowadzi\u0107 ewidencj\u0119 odpad\u00f3w i wystawia\u0107 karty przekazania w elektronicznym systemie BDO.<\/p>\n<h1><span style=\"color: #ffffff;\">BDO<\/span><\/h1>\n<h1><strong>Olbrzymie kary<\/strong><\/h1>\n<p>Przedsi\u0119biorcom, kt\u00f3rzy nie dope\u0142ni\u0105 formalno\u015bci, grozi kara administracyjna od 5 tys. do nawet miliona z\u0142otych. Na dodatek nikt od nich nie odbierze odpad\u00f3w.<\/p>\n<h1><span style=\"color: #ffffff;\">BDO<\/span><\/h1>\n<h1><strong>Kto musi z\u0142o\u017cy\u0107 wniosek o wpis do Rejestru BDO<\/strong><\/h1>\n<p>Obowi\u0105zkiem wpisu do Rejestru-BDO obj\u0119te s\u0105 nie tylko podmioty, kt\u00f3re wytwarzaj\u0105 odpady oraz prowadz\u0105 ewidencj\u0119 tych odpad\u00f3w, ale r\u00f3wnie\u017c wprowadzaj\u0105cy na terytorium kraju produkty w opakowaniach, opony, oleje smarowe, pojazdy, baterie lub akumulatory, sprz\u0119t elektryczny i elektroniczny, producenci, importerzy i wewn\u0105trzwsp\u00f3lnotowi nabywcy opakowa\u0144.<\/p>\n<p>Oto lista przyk\u0142adowych podmiot\u00f3w, kt\u00f3re s\u0105 zobowi\u0105zane do uzyskania wpisu do Rejestru BDO:<\/p>\n<ul>\n<li>sklepy spo\u017cywcze<\/li>\n<li>sklepy wielkopowierzchniowe<\/li>\n<li>firmy budowlane, remontowe<\/li>\n<li>gabinety lekarskie<\/li>\n<li>gabinety stomatologiczne<\/li>\n<li>gabinety kosmetyczne<\/li>\n<li>zak\u0142ady fryzjerskie<\/li>\n<li>producenci baterii i akumulator\u00f3w<\/li>\n<li>producenci pojazd\u00f3w<\/li>\n<li>producenci opakowa\u0144<\/li>\n<li>producenci sprz\u0119tu elektrycznego i elektronicznego<\/li>\n<li>importerzy wprowadzaj\u0105cy produkty w opakowaniach<\/li>\n<li>rolnicy powy\u017cej 75 ha ziemi<\/li>\n<li>warsztaty samochodowe<\/li>\n<li>warsztaty rzemie\u015blnicze<\/li>\n<li>zak\u0142ady produkcyjne<\/li>\n<li>prowadz\u0105cy profesjonaln\u0105 dzia\u0142alno\u015b\u0107 w zakresie transportu odpad\u00f3w.<\/li>\n<\/ul>\n<p>Szczeg\u00f3\u0142ow\u0105 list\u0119 podmiot\u00f3w, kt\u00f3re musz\u0105 by\u0107 wpisane do Rejestru BDO, mo\u017cna znale\u017a\u0107 na stronie <strong><a href=\"https:\/\/www.biznes.gov.pl\/pl\/firma\/obowiazki-przedsiebiorcy\/chce-wypelniac-obowiazki-srodowiskowe\/proc_170-wpis-do-rejestru-bdo-podmioty-wprowadzajace-produkty-produkty-w-opakowaniach-i-gospodarujace-odpadami\">biznes.gov.pl<\/a><\/strong><\/p>\n<h1><span style=\"color: #ffffff;\">BDO<\/span><\/h1>\n<h1><strong>Jak uzyska\u0107 <a href=\"http:\/\/czluchow.naszemiasto.pl\/artykul\/1061207,czluchow-zycza-sobie-zaplaty-za-wpis-do-rejestru,id,t.html#utm_medium=alz&amp;utm_source=gazetalubuska.pl&amp;utm_campaign=artykul\">wpis do Rejestru<\/a> BDO<\/strong><\/h1>\n<p>Je\u015bli chcesz z\u0142o\u017cy\u0107 wniosek o wpis do rejestru osobi\u015bcie albo listownie, skorzystaj z formularza zamieszczonego na stronie <strong><a href=\"https:\/\/www.biznes.gov.pl\/pl\/firma\/obowiazki-przedsiebiorcy\/chce-wypelniac-obowiazki-srodowiskowe\/proc_170-wpis-do-rejestru-bdo-podmioty-wprowadzajace-produkty-produkty-w-opakowaniach-i-gospodarujace-odpadami\">biznes.gov.pl<\/a><\/strong>. Sprawd\u017a te\u017c, jakie dokumenty musisz do\u0142\u0105czy\u0107. Za po\u015brednictwem tej strony mo\u017cesz te\u017c spraw\u0119 za\u0142atwi\u0107 przez internet.<\/p>\n<h1><span style=\"color: #ffffff;\">BDO<\/span><\/h1>\n<h1><strong>Op\u0142ata rejestrowa<\/strong><\/h1>\n<p>Op\u0142at\u0119 rejestrow\u0105 zap\u0142a\u0107 na rachunek bankowy w\u0142a\u015bciwego urz\u0119du marsza\u0142kowskiego, w kwocie:<\/p>\n<ul>\n<li>100 z\u0142 \u2013 je\u015bli &nbsp;jeste\u015b &nbsp;mikroprzedsi\u0119biorc\u0105<\/li>\n<li>300 z\u0142 \u2013 je\u015bli &nbsp;nie jeste\u015b &nbsp;mikroprzedsi\u0119biorc\u0105<\/li>\n<\/ul>\n<p>Op\u0142ata rejestrowa obowi\u0105zuje przedsi\u0119biorc\u00f3w:<\/p>\n<ul>\n<li>wprowadzaj\u0105cych sprz\u0119t i autoryzowanych przedstawicieli<\/li>\n<li>wprowadzaj\u0105cych baterie lub akumulatory<\/li>\n<li>wprowadzaj\u0105cych pojazdy<\/li>\n<li>producent\u00f3w, importer\u00f3w i wewn\u0105trzwsp\u00f3lnotowych nabywc\u00f3w opakowa\u0144<\/li>\n<li>wprowadzaj\u0105cych na terytorium kraju produkty w opakowaniach<\/li>\n<li>wprowadzaj\u0105cych na terytorium kraju opony<\/li>\n<li>wprowadzaj\u0105cych na terytorium kraju oleje smarowe<\/li>\n<li>Je\u017celi prowadzisz dzia\u0142alno\u015b\u0107 podlegaj\u0105c\u0105 wpisowi do Rejestru BDO w wi\u0119cej ni\u017c jednym zakresie &#8211; jeste\u015b zobowi\u0105zany do wp\u0142aty jednej, najwy\u017cszej op\u0142aty rejestrowej.<\/li>\n<\/ul>\n<p>Wi\u0119cej szczeg\u00f3\u0142\u00f3w na stronie <strong><a href=\"https:\/\/www.biznes.gov.pl\/pl\/firma\/obowiazki-przedsiebiorcy\/chce-wypelniac-obowiazki-srodowiskowe\/proc_170-wpis-do-rejestru-bdo-podmioty-wprowadzajace-produkty-produkty-w-opakowaniach-i-gospodarujace-odpadami\">biznes.gov.pl<\/a><\/strong><\/p>\n<p><strong>Rejestr BDO, czyli Rejestr podmiot\u00f3w wprowadzaj\u0105cych produkty, produkty w opakowaniach i gospodaruj\u0105cych odpadami, wywo\u0142uje w\u0105tpliwo\u015bci wielu przedsi\u0119biorc\u00f3w. Niekt\u00f3rzy nie wiedz\u0105, czy musz\u0105 w ko\u0144cu dokona\u0107 wpisu do rejestru, czy te\u017c ten obowi\u0105zek ich nie dotyczy.&nbsp;<\/strong><\/p>\n<h1><span style=\"color: #ffffff;\">BDO<\/span><\/h1>\n<h1><span style=\"color: #ffffff;\">BDO<\/span><\/h1>\n<h1><strong>Rejestr BDO: czym w\u0142a\u015bciwie jest i czemu ma s\u0142u\u017cy\u0107?<\/strong><\/h1>\n<p>Rejestr BDO stanowi cz\u0119\u015b\u0107 bazy danych o produktach i opakowaniach oraz o gospodarce odpadami (w skr\u00f3cie: BDO). Baza ma na celu gromadzenie informacji i zapewnienie elektronicznej realizacji obowi\u0105zk\u00f3w rejestrowych, ewidencyjnych i sprawozdawczych.<\/p>\n<p>Rejestr BDO zosta\u0142 uruchomiony ju\u017c 1 stycznia 2018 r., jednak dopiero od 1 stycznia 2020 r. przedsi\u0119biorcy wpisani do rejestru b\u0119d\u0105 w nim prowadzi\u0107 ewidencj\u0119 i sprawozdawczo\u015b\u0107 odpad\u00f3w. Z tego powodu to w\u0142a\u015bnie teraz mno\u017c\u0105 si\u0119 w\u0105tpliwo\u015bci przedsi\u0119biorc\u00f3w, kt\u00f3rzy zastanawiaj\u0105 si\u0119,&nbsp;czy powinni dokona\u0107 wpisu do tego rejestru.<\/p>\n<p>Nazwa rejestru sugeruje, \u017ce obowi\u0105zek spoczywa w\u0142a\u015bciwie na wszystkich firmach, kt\u00f3re produkuj\u0105 lub wprowadzaj\u0105 na rynek jakiekolwiek towary posiadaj\u0105ce opakowanie. To samo zreszt\u0105 sugeruje strona <a href=\"https:\/\/bezprawnik.pl\/tag\/ministerstwo-finansow\/\">Ministerstwa Finans\u00f3w<\/a>. Jak mo\u017cna przeczyta\u0107, obowi\u0105zek dokonania wpisu do rejestru obejmuje przedsi\u0119biorc\u00f3w, kt\u00f3rzy:<\/p>\n<ul>\n<li>wytwarzaj\u0105 odpady i dokonuj\u0105 ich ewidencji,<\/li>\n<li>wprowadzaj\u0105 na terytorium kraju produkty w opakowaniach\/opony\/oleje smarowe\/pojazdy\/sprz\u0119t elektryczny i elektroniczny\/baterie\/akumulatory,<\/li>\n<li>produkuj\u0105 opakowania, importuj\u0105 je lub kupuj\u0105 w ramach transakcji wewn\u0105trzwsp\u00f3lnotowych UE.<\/li>\n<\/ul>\n<p>Drugi i trzeci punkt raczej nie pozostawia w\u0105tpliwo\u015bci. Nieco gorzej jest z punktem pierwszym, czyli ewidencj\u0105 odpad\u00f3w. Pom\u00f3c mo\u017ce odpowied\u017a na pytanie, kto musi prowadzi\u0107 ewidencj\u0119 odpad\u00f3w. W tym celu warto zajrze\u0107 do ustawy o odpadach.<\/p>\n<h1><span style=\"color: #ffffff;\">BDO<\/span><\/h1>\n<h1><strong>Kto jest zwolniony z prowadzenia ewidencji odpad\u00f3w?<\/strong><\/h1>\n<p>W art. 66 ust. 4 ustawy o odpadach znajdziemy odpowied\u017a na pytanie, kto jest zwolniony z ewidencji odpad\u00f3w.<\/p>\n<ol start=\"4\">\n<li>Obowi\u0105zek prowadzenia ewidencji odpad\u00f3w nie dotyczy:<br>1) wytw\u00f3rc\u00f3w:<br>a) odpad\u00f3w komunalnych,<br>b) odpad\u00f3w w postaci pojazd\u00f3w wycofanych z eksploatacji, je\u017celi pojazdy te zosta\u0142y przekazane do przedsi\u0119biorcy prowadz\u0105cego stacj\u0119 demonta\u017cu lub przedsi\u0119biorcy prowadz\u0105cego punkt zbierania pojazd\u00f3w,<br>c) b\u0119d\u0105cych rolnikami gospodaruj\u0105cymi na powierzchni u\u017cytk\u00f3w rolnych poni\u017cej 75 ha, o ile nie podlegaj\u0105 wpisowi do rejestru na podstawie art. 51 ust. 1;<br>2) os\u00f3b fizycznych i jednostek organizacyjnych nieb\u0119d\u0105cych przedsi\u0119biorcami, kt\u00f3re wykorzystuj\u0105 odpady na potrzeby w\u0142asne, zgodnie z art. 27 ust. 8;<br>3) podmiot\u00f3w, o kt\u00f3rych mowa w art. 45 ust. 1 pkt 1;<br>4) rodzaj\u00f3w odpad\u00f3w lub ilo\u015bci odpad\u00f3w okre\u015blonych w przepisach wydanych na podstawie ust. 5.<\/li>\n<\/ol>\n<p>Istotny jest w tym kontek\u015bcie ust. 5 art. 66 ustawy o odpadach:<\/p>\n<p>Minister w\u0142a\u015bciwy do spraw \u015brodowiska okre\u015bli, w drodze rozporz\u0105dzenia, rodzaje odpad\u00f3w lub ilo\u015bci odpad\u00f3w, dla kt\u00f3rych nie ma obowi\u0105zku prowadzenia ewidencji odpad\u00f3w, kieruj\u0105c si\u0119 ich szkodliwo\u015bci\u0105 oraz potrzeb\u0105 wprowadzenia u\u0142atwie\u0144 w przypadku wytwarzania niewielkich ilo\u015bci odpad\u00f3w.<\/p>\n<p>Zagl\u0105damy zatem do rozporz\u0105dzenia ministra \u015brodowiska z dnia 12 grudnia 2014 r.&nbsp;w sprawie rodzaj\u00f3w odpad\u00f3w i ilo\u015bci odpad\u00f3w, dla kt\u00f3rych nie ma obowi\u0105zku prowadzenia ewidencji odpad\u00f3w. W za\u0142\u0105czniku do rozporz\u0105dzenia okre\u015blono rodzaj odpad\u00f3w i ilo\u015b\u0107 w skali roku, jakiej nie mo\u017cna przekroczy\u0107, by m\u00f3c korzysta\u0107 z prawa do nieprowadzenia ewidencji odpad\u00f3w. Wymieniono m.in. odpadowy toner drukarki, drewno, szk\u0142o czy tworzywa sztuczne. Narzucono jednak konkretne ograniczenia (odpowiednio 0,1 mg na rok w wypadku tonera i do 5 Mg na rok w pozosta\u0142ych wymienionych wy\u017cej wypadkach).<\/p>\n<h1><span style=\"color: #ffffff;\">BDO<\/span><\/h1>\n<h1><strong>Kto nie musi dokonywa\u0107 wpisu do rejestru BDO?<\/strong><\/h1>\n<p>Na stronie MF znajdziemy te\u017c dodatkow\u0105 wskaz\u00f3wk\u0119, kt\u00f3rzy przedsi\u0119biorcy nie musz\u0105 dokonywa\u0107 wpisu do rejestru BDO. Pomijaj\u0105c firmy, kt\u00f3re na mocy ustawy o odpadach i przywo\u0142anego rozporz\u0105dzenia nie musz\u0105 prowadzi\u0107 ewidencji odpad\u00f3w, s\u0105 to tak\u017ce&nbsp;osoby fizyczne prowadz\u0105ce dzia\u0142alno\u015b\u0107 gospodarcz\u0105 lub przedsi\u0119biorcy, kt\u00f3rzy w ramach prowadzonej dzia\u0142alno\u015bci wytwarzaj\u0105 jedynie odpady o sk\u0142adzie i charakterze odpad\u00f3w komunalnych i obj\u0119ci s\u0105 systemem odbioru odpad\u00f3w komunalnych (np. drobne us\u0142ugi, dzia\u0142alno\u015b\u0107 administracyjno-biurowa, kancelarie prawne, biura rachunkowe, zak\u0142ady fryzjerskie, kosmetyczne, o ile nie wytwarzaj\u0105 np. odpad\u00f3w niebezpiecznych). Tym samym wiele mniejszych firm mo\u017ce odetchn\u0105\u0107 z ulg\u0105.<\/p>\n<p>Ponadto MF przypomina r\u00f3wnie\u017c, \u017ce odpady, kt\u00f3re powstaj\u0105 w cz\u0119\u015bci socjalnej dla pracownik\u00f3w nie podlegaj\u0105 ewidencji. S\u0105 traktowane tak samo jak odpady komunalne w gospodarstwach domowych. Nie trzeba si\u0119 zatem obawia\u0107, \u017ce sam fakt zatrudniania pracownik\u00f3w i \u201egenerowania przez nich odpad\u00f3w\u201d zmusza do wpisu do rejestru BDO.<\/p>\n<p>Z obowi\u0105zku dokonywania wpisu do BDO zwolnione s\u0105 r\u00f3wnie\u017c firmy,&nbsp;kt\u00f3re podpisz\u0105 umow\u0119 na \u015bwiadczenie us\u0142ug w zakresie budowy, rozbi\u00f3rki, remontu obiekt\u00f3w, czyszczenia zbiornik\u00f3w lub urz\u0105dze\u0144 oraz sprz\u0105tania, konserwacji i napraw. W takim przypadku wytw\u00f3rc\u0105 odpad\u00f3w b\u0119dzie podmiot, kt\u00f3ry \u015bwiadczy us\u0142ug\u0119. Je\u015bli zatem co\u015b si\u0119 zepsuje i trzeba b\u0119dzie to wymieni\u0107, a naprawy i wymiany dokona zewn\u0119trzna firma, to w\u0142a\u015bnie ona b\u0119dzie wytw\u00f3rc\u0105 odpad\u00f3w.<\/p>\n<h1><span style=\"color: #ffffff;\">BDO<\/span><\/h1>\n<h1><strong>Nawet przewodnik MF budzi w\u0105tpliwo\u015bci, dlatego rzecznik M\u015aP chce zwolnienia ma\u0142ych i \u015brednich firm z obowi\u0105zku<\/strong><\/h1>\n<p>O ile prze\u015bledzenie odpowiednich przepis\u00f3w i zapoznanie si\u0119 z poradnikiem MF mo\u017ce rozwia\u0107 niekt\u00f3re w\u0105tpliwo\u015bci, o tyle \u2013 na pewno nie wszystkie. Z tego wzgl\u0119du <a href=\"https:\/\/bezprawnik.pl\/tag\/rzecznik-msp\/\">Rzecznik M\u015aP<\/a> apeluje do ministra klimatu, by w og\u00f3le wy\u0142\u0105czy\u0107 z obowi\u0105zku wpisu do rejestru BDO ma\u0142e i \u015brednie firmy. Biuro rzecznika informuje, \u017ce do tej pory nie dotar\u0142y do przedsi\u0119biorc\u00f3w bardziej szczeg\u00f3\u0142owe wytyczne. Sam rzecznik wskazuje z kolei, \u017ce faktycznie granice podlegania obowi\u0105zkowi nie zosta\u0142y dostatecznie zarysowane. Argumentuje r\u00f3wnie\u017c, \u017ce samo prowadzenie ci\u0105g\u0142ej ewidencji w formie elektronicznej mo\u017ce by\u0107 kolejnym ju\u017c obowi\u0105zkiem dla przedsi\u0119biorc\u00f3w. Dla ma\u0142ych firm oznacza to spore obci\u0105\u017cenie.<\/p>\n<p>Zamiast ministra klimatu do sprawy odnios\u0142a si\u0119 minister rozwoju Jadwiga Emilewicz. Stwierdzi\u0142a, \u017ce \u201etaki gest\u201d, czyli wy\u0142\u0105czenie niekt\u00f3rych firm z obowi\u0105zku wpisu do rejestru BDO, by\u0107 mo\u017ce zostanie wykonany. Mog\u0142oby to si\u0119 sta\u0107 jeszcze pod koniec 2019 r. Jednocze\u015bnie zaznaczy\u0142a, \u017ce mimo wszystko konieczne jest uszczelnienie rynku odpadami.<\/p>\n<p>Wychodzi zatem na to, \u017ce przedsi\u0119biorcy, kt\u00f3rzy nadal maj\u0105 w\u0105tpliwo\u015bci co do wpisu do rejestru, musz\u0105 uzbroi\u0107 si\u0119 w cierpliwo\u015b\u0107. Mo\u017cna te\u017c spr\u00f3bowa\u0107 wykona\u0107 <a href=\"https:\/\/bdo.mos.gov.pl\/home\/obowiazek_rejestracji\/\">test na stronie BDO<\/a>, a w razie dalszych w\u0105tpliwo\u015bci \u2013 skontaktowa\u0107 si\u0119 z w\u0142a\u015bciwym Urz\u0119dem Marsza\u0142kowskim.<\/p>\n\n\n\n<div style=\"height:50px\" aria-hidden=\"true\" class=\"wp-block-spacer\"><\/div>\n\n\n\n<p><strong>Art. 50. &#8211; Wpis do rejestru na wniosek &#8211; Odpady.<\/strong><\/p>\n<p><strong>Dz.U.2019.701 t.j.<\/strong><\/p>\n<p>| Akt obowi\u0105zuj\u0105cy<\/p>\n<p>Wersja od: 6 wrze\u015bnia 2019 r. do: 31 grudnia 2019 r.<\/p>\n<p><strong>Art.&nbsp; 50.&nbsp; [Wpis do rejestru na wniosek] <\/strong><\/p>\n<ol>\n<li>Marsza\u0142ek wojew\u00f3dztwa dokonuje wpisu do rejestru na wniosek:<\/li>\n<\/ol>\n<p>1) z zakresu <a href=\"https:\/\/sip.lex.pl\/akty-prawne\/dzu-dziennik-ustaw\/obowiazki-przedsiebiorcow-w-zakresie-gospodarowania-niektorymi-16901930\">ustawy<\/a> z dnia 11 maja 2001 r. o obowi\u0105zkach przedsi\u0119biorc\u00f3w w zakresie gospodarowania niekt\u00f3rymi odpadami oraz o op\u0142acie produktowej (Dz. U. z 2018 r. poz. 1932):<\/p>\n<ol>\n<li>a) wprowadzaj\u0105cych na terytorium kraju produkty,<\/li>\n<li>b) prowadz\u0105cych odzysk lub recykling odpad\u00f3w powsta\u0142ych z produkt\u00f3w,<\/li>\n<li>c) organizacji odzysku,<\/li>\n<li>d) dokonuj\u0105cych eksportu oraz wewn\u0105trzwsp\u00f3lnotowej dostawy odpad\u00f3w powsta\u0142ych z produkt\u00f3w w celu poddania ich odzyskowi lub recyklingowi;<\/li>\n<\/ol>\n<p>2) z zakresu <a href=\"https:\/\/sip.lex.pl\/akty-prawne\/dzu-dziennik-ustaw\/recykling-pojazdow-wycofanych-z-eksploatacji-17161587\">ustawy<\/a> z dnia 20 stycznia 2005 r. o recyklingu pojazd\u00f3w wycofanych z eksploatacji (Dz. U. z 2018 r. poz. 578 i 1479):<\/p>\n<ol>\n<li>a) wprowadzaj\u0105cych pojazdy,<\/li>\n<li>b) prowadz\u0105cych punkty zbierania pojazd\u00f3w,<\/li>\n<li>c) prowadz\u0105cych stacje demonta\u017cu,<\/li>\n<li>d) prowadz\u0105cych strz\u0119piarki;<\/li>\n<\/ol>\n<p>3) z zakresu <a href=\"https:\/\/sip.lex.pl\/akty-prawne\/dzu-dziennik-ustaw\/zuzyty-sprzet-elektryczny-i-elektroniczny-18233050\">ustawy<\/a> z dnia 11 wrze\u015bnia 2015 r. o zu\u017cytym sprz\u0119cie elektrycznym i elektronicznym:<\/p>\n<ol>\n<li>a) wprowadzaj\u0105cych sprz\u0119t lub autoryzowanych przedstawicieli;<\/li>\n<li>b) zbieraj\u0105cych zu\u017cyty sprz\u0119t,<\/li>\n<li>c) prowadz\u0105cych zak\u0142ad przetwarzania,<\/li>\n<li>d) organizacji odzysku sprz\u0119tu elektrycznego i elektronicznego,<\/li>\n<li>e) prowadz\u0105cych dzia\u0142alno\u015b\u0107 w zakresie recyklingu,<\/li>\n<li>f) prowadz\u0105cych dzia\u0142alno\u015b\u0107 w zakresie innych ni\u017c recykling proces\u00f3w odzysku;<\/li>\n<\/ol>\n<p>4) z zakresu <a href=\"https:\/\/sip.lex.pl\/akty-prawne\/dzu-dziennik-ustaw\/baterie-i-akumulatory-17545060\">ustawy<\/a> z dnia 24 kwietnia 2009 r. o bateriach i akumulatorach (Dz. U. z 2016 r. poz. 1803 oraz z 2018 r. poz. 650 i 1479):<\/p>\n<ol>\n<li>a) wprowadzaj\u0105cych baterie lub akumulatory,<\/li>\n<li>b) prowadz\u0105cych zak\u0142ady przetwarzania zu\u017cytych baterii lub zu\u017cytych akumulator\u00f3w,<\/li>\n<li>c) podmiot\u00f3w po\u015brednicz\u0105cych;<\/li>\n<\/ol>\n<p>5) z zakresu niniejszej ustawy:<\/p>\n<ol>\n<li>a) posiadaczy odpad\u00f3w prowadz\u0105cych przetwarzanie odpad\u00f3w zwolnionych z obowi\u0105zku uzyskania zezwolenia na przetwarzanie odpad\u00f3w, z wyj\u0105tkiem wymienionych w art. 45 ust. 1 pkt 2 i 3,<\/li>\n<li>b) transportuj\u0105cych odpady,<\/li>\n<li>c) sprzedawc\u00f3w odpad\u00f3w i po\u015brednik\u00f3w w obrocie odpadami, o ile nie podlegaj\u0105 wpisowi do rejestru na podstawie pkt 1 i 3 lub z urz\u0119du,<\/li>\n<li>d) prowadz\u0105cych zak\u0142ady recyklingu statk\u00f3w,<\/li>\n<li>e) wytw\u00f3rc\u00f3w odpad\u00f3w obowi\u0105zanych do prowadzenia ewidencji odpad\u00f3w, z wy\u0142\u0105czeniem posiadaczy odpad\u00f3w wymienionych w art. 51 ust. 1 pkt 1 i 2;<\/li>\n<\/ol>\n<p>6) z zakresu <a href=\"https:\/\/sip.lex.pl\/akty-prawne\/dzu-dziennik-ustaw\/gospodarka-opakowaniami-i-odpadami-opakowaniowymi-18015362\">ustawy<\/a> z dnia 13 czerwca 2013 r. o gospodarce opakowaniami i odpadami opakowaniowymi (Dz. U. z 2018 r. poz. 150, 650 i 1479 oraz z 2019 r. poz. 51) &#8211; organizacji samorz\u0105du gospodarczego, o kt\u00f3rych mowa w <a href=\"https:\/\/sip.lex.pl\/akty-prawne\/dzu-dziennik-ustaw\/gospodarka-opakowaniami-i-odpadami-opakowaniowymi-18015362\/art-25\">art. 25 ust. 1<\/a> tej ustawy, a tak\u017ce przedsi\u0119biorc\u00f3w:<\/p>\n<ol>\n<li>a) b\u0119d\u0105cych organizacjami odzysku opakowa\u0144,<\/li>\n<li>b) dokonuj\u0105cych wewn\u0105trzwsp\u00f3lnotowej dostawy:<\/li>\n<\/ol>\n<p>\u2013 odpad\u00f3w opakowaniowych,<\/p>\n<p>\u2013 produkt\u00f3w w opakowaniach,<\/p>\n<ol>\n<li>c) eksportuj\u0105cych:<\/li>\n<\/ol>\n<p>\u2013 odpady opakowaniowe,<\/p>\n<p>\u2013 opakowania,<\/p>\n<p>\u2013 produkty w opakowaniach,<\/p>\n<ol>\n<li>d) prowadz\u0105cych recykling lub inny ni\u017c recykling proces odzysku odpad\u00f3w opakowaniowych,<\/li>\n<li>e) wprowadzaj\u0105cych opakowania,<\/li>\n<li>f) wprowadzaj\u0105cych produkty w opakowaniach.<\/li>\n<li>g) 95 &nbsp;przedsi\u0119biorc\u00f3w prowadz\u0105cych jednostki handlu detalicznego lub hurtowego, w kt\u00f3rych s\u0105 oferowane torby na zakupy z tworzywa sztucznego, obj\u0119te op\u0142at\u0105 recyklingow\u0105, o kt\u00f3rej mowa w <a href=\"https:\/\/sip.lex.pl\/akty-prawne\/dzu-dziennik-ustaw\/gospodarka-opakowaniami-i-odpadami-opakowaniowymi-18015362\/art-40-a\"> 40a<\/a> ustawy z dnia 13 czerwca 2013 r. o gospodarce opakowaniami i odpadami opakowaniowymi;<\/li>\n<li>Przed rozpocz\u0119ciem dzia\u0142alno\u015bci w zakresie, o kt\u00f3rym mowa w ust. 1, podmiot jest obowi\u0105zany uzyska\u0107 wpis do rejestru.<\/li>\n<li>Dzia\u0142alno\u015b\u0107 w zakresie, o kt\u00f3rym mowa w ust. 1, mo\u017ce prowadzi\u0107 wy\u0142\u0105cznie podmiot wpisany do rejestru.<\/li>\n<li>Przepis\u00f3w ust. 2 i 3 nie stosuje si\u0119 do wprowadzaj\u0105cego sprz\u0119t, kt\u00f3ry korzysta z uprawnienia okre\u015blonego w <a href=\"https:\/\/sip.lex.pl\/akty-prawne\/dzu-dziennik-ustaw\/zuzyty-sprzet-elektryczny-i-elektroniczny-18233050\/art-25\">art. 25 ust. 1<\/a> ustawy z dnia 11 wrze\u015bnia 2015 r. o zu\u017cytym sprz\u0119cie elektrycznym i elektronicznym.<\/li>\n<li>Autoryzowany przedstawiciel jest obowi\u0105zany zamie\u015bci\u0107 w rejestrze wykaz wprowadzaj\u0105cych sprz\u0119t, kt\u00f3rzy przekazali mu informacje, o kt\u00f3rych mowa w <a href=\"https:\/\/sip.lex.pl\/akty-prawne\/dzu-dziennik-ustaw\/zuzyty-sprzet-elektryczny-i-elektroniczny-18233050\/art-25\">art. 25 ust. 1 pkt 2<\/a> ustawy z dnia 11 wrze\u015bnia 2015 r. o zu\u017cytym sprz\u0119cie elektrycznym i elektronicznym.<\/li>\n<li>Organizacja samorz\u0105du gospodarczego, o kt\u00f3rej mowa w <a href=\"https:\/\/sip.lex.pl\/akty-prawne\/dzu-dziennik-ustaw\/gospodarka-opakowaniami-i-odpadami-opakowaniowymi-18015362\/art-25\">art. 25 ust. 1<\/a> ustawy z dnia 13 czerwca 2013 r. o gospodarce opakowaniami i odpadami opakowaniowymi, sk\u0142ada wniosek o wpis do rejestru niezw\u0142ocznie po zawarciu porozumienia, o kt\u00f3rym mowa w tym przepisie.<\/li>\n<\/ol>\n<p>95&nbsp;Art. 50 ust. 1 pkt 6 lit. g dodana przez art. 6 pkt 27 ustawy z dnia 19 lipca 2019 r. (Dz.U.2019.1579) zmieniaj\u0105cej nin. ustaw\u0119 z dniem 1 wrze\u015bnia 2019 r.<\/p>\n\n\n\n<div style=\"height:20px\" aria-hidden=\"true\" class=\"wp-block-spacer\"><\/div>\n\n\n\n<p><strong>Dokumenty powi\u0105zane<\/strong><\/p>\n\n\n\n<p><strong>Akty prawne&nbsp;(200)<\/strong><\/p>\n\n\n\n<p><strong>Akty wykonawcze&nbsp;(74)<\/strong><\/p>\n\n\n\n<ul class=\"wp-block-list\"><li><a href=\"https:\/\/sip.lex.pl\/akty-prawne\/dzu-dziennik-ustaw\/wizyjny-system-kontroli-miejsca-magazynowania-lub-skladowania-odpadow-18892115\">Wizyjny system kontroli miejsca magazynowania lub\n     sk\u0142adowania odpad\u00f3w.<\/a><\/li><li><a href=\"https:\/\/sip.lex.pl\/akty-prawne\/dzu-dziennik-ustaw\/zmiana-rozporzadzenia-w-sprawie-wzorow-formularza-rejestrowego-18853629\">Zmiana rozporz\u0105dzenia w sprawie wzor\u00f3w formularza\n     rejestrowego, formularza aktualizacyjnego i formularza o wykre\u015bleniu z\n     rejestru prowadzonego w ramach Bazy danych o produktach i opakowaniach\n     oraz o gospodarce odpadami.<\/a><\/li><li><a href=\"https:\/\/sip.lex.pl\/akty-prawne\/dzu-dziennik-ustaw\/wzory-dokumentow-stosowanych-na-potrzeby-ewidencji-odpadow-18848404\">Wzory dokument\u00f3w stosowanych na potrzeby ewidencji\n     odpad\u00f3w.<\/a><\/li><\/ul>\n\n\n\n<p><strong>Akty zmieniaj\u0105ce&nbsp;(28)<\/strong><\/p>\n\n\n\n<ul class=\"wp-block-list\"><li><a href=\"https:\/\/sip.lex.pl\/akty-prawne\/dzu-dziennik-ustaw\/zmiana-ustawy-o-utrzymaniu-czystosci-i-porzadku-w-gminach-oraz-18884468\">Zmiana ustawy o utrzymaniu czysto\u015bci i porz\u0105dku w\n     gminach oraz niekt\u00f3rych innych ustaw.<\/a><\/li><li><a href=\"https:\/\/sip.lex.pl\/akty-prawne\/dzu-dziennik-ustaw\/zmiana-ustawy-o-odpadach-oraz-niektorych-innych-ustaw-18878761\">Zmiana ustawy o odpadach oraz niekt\u00f3rych innych ustaw.<\/a><\/li><li><a href=\"https:\/\/sip.lex.pl\/akty-prawne\/dzu-dziennik-ustaw\/zmiana-niektorych-ustaw-w-zwiazku-z-zapewnieniem-stosowania-18844575\">Zmiana niekt\u00f3rych ustaw w zwi\u0105zku z zapewnieniem\n     stosowania rozporz\u0105dzenia Parlamentu Europejskiego i Rady (UE) 2016\/679 z\n     dnia 27 kwietnia 2016 r. w sprawie ochrony os\u00f3b fizycznych w zwi\u0105zku z\n     przetwarzaniem danych osobowych i w sprawie swobodnego przep\u0142ywu takich\n     danych oraz uchylenia dyrektywy 95\/46\/WE (og\u00f3lne rozporz\u0105dzenie o ochronie\n     danych).<\/a><\/li><\/ul>\n\n\n\n<p><strong>Akty zmieniane&nbsp;(16)<\/strong><\/p>\n\n\n\n<ul class=\"wp-block-list\"><li><a href=\"https:\/\/sip.lex.pl\/akty-prawne\/dzu-dziennik-ustaw\/prawo-geologiczne-i-gornicze-17724218\">Prawo geologiczne i g\u00f3rnicze.<\/a><\/li><li><a href=\"https:\/\/sip.lex.pl\/akty-prawne\/dzu-dziennik-ustaw\/baterie-i-akumulatory-17545060\">Baterie i akumulatory.<\/a><\/li><li><a href=\"https:\/\/sip.lex.pl\/akty-prawne\/dzu-dziennik-ustaw\/udostepnianie-informacji-o-srodowisku-i-jego-ochronie-udzial-17497783\">Udost\u0119pnianie informacji o \u015brodowisku i jego ochronie,\n     udzia\u0142 spo\u0142ecze\u0144stwa w ochronie \u015brodowiska oraz oceny oddzia\u0142<\/a><\/li><\/ul>\n","protected":false},"excerpt":{"rendered":"<p>Od 1 stycznia 2020 r. znaczna grupa przedsi\u0119biorc\u00f3w b\u0119dzie musia\u0142a prowadzi\u0107 ewidencj\u0119 i sprawozdawczo\u015b\u0107 odpad\u00f3w, dlatego do ko\u0144ca roku powinni wpisa\u0107 si\u0119 do elektronicznego Rejestru BDO.<\/p>\n","protected":false},"author":7,"featured_media":15988,"comment_status":"closed","ping_status":"closed","sticky":false,"template":"","format":"standard","meta":{"footnotes":""},"categories":[1],"tags":[],"class_list":["post-15987","post","type-post","status-publish","format-standard","has-post-thumbnail","hentry","category-wpisy","clearfix"],"_links":{"self":[{"href":"https:\/\/labunie.com.pl\/index.php?rest_route=\/wp\/v2\/posts\/15987","targetHints":{"allow":["GET"]}}],"collection":[{"href":"https:\/\/labunie.com.pl\/index.php?rest_route=\/wp\/v2\/posts"}],"about":[{"href":"https:\/\/labunie.com.pl\/index.php?rest_route=\/wp\/v2\/types\/post"}],"author":[{"embeddable":true,"href":"https:\/\/labunie.com.pl\/index.php?rest_route=\/wp\/v2\/users\/7"}],"replies":[{"embeddable":true,"href":"https:\/\/labunie.com.pl\/index.php?rest_route=%2Fwp%2Fv2%2Fcomments&post=15987"}],"version-history":[{"count":5,"href":"https:\/\/labunie.com.pl\/index.php?rest_route=\/wp\/v2\/posts\/15987\/revisions"}],"predecessor-version":[{"id":16005,"href":"https:\/\/labunie.com.pl\/index.php?rest_route=\/wp\/v2\/posts\/15987\/revisions\/16005"}],"wp:featuredmedia":[{"embeddable":true,"href":"https:\/\/labunie.com.pl\/index.php?rest_route=\/wp\/v2\/media\/15988"}],"wp:attachment":[{"href":"https:\/\/labunie.com.pl\/index.php?rest_route=%2Fwp%2Fv2%2Fmedia&parent=15987"}],"wp:term":[{"taxonomy":"category","embeddable":true,"href":"https:\/\/labunie.com.pl\/index.php?rest_route=%2Fwp%2Fv2%2Fcategories&post=15987"},{"taxonomy":"post_tag","embeddable":true,"href":"https:\/\/labunie.com.pl\/index.php?rest_route=%2Fwp%2Fv2%2Ftags&post=15987"}],"curies":[{"name":"wp","href":"https:\/\/api.w.org\/{rel}","templated":true}]}}