{"id":16008,"date":"2019-12-19T13:51:21","date_gmt":"2019-12-19T12:51:21","guid":{"rendered":"https:\/\/www.labunie.com.pl\/?p=16008"},"modified":"2019-12-19T13:51:21","modified_gmt":"2019-12-19T12:51:21","slug":"ksiazka-pod-choinke","status":"publish","type":"post","link":"https:\/\/labunie.com.pl\/?p=16008","title":{"rendered":"Ksi\u0105\u017cka pod choink\u0119"},"content":{"rendered":"\n<p><strong>W Bibliotece Publicznej Gminy \u0141abunie zrobi\u0142o si\u0119 \u015bwi\u0105tecznie. Stan\u0119\u0142a choinka, a pod ni\u0105 jak przysta\u0142o na bibliotek\u0119&#8230;a jak\u017ce, ksi\u0105\u017cki.<\/strong><\/p>\n<p>\u00a0<\/p>\n\n\n\n<div style=\"height:81px\" aria-hidden=\"true\" class=\"wp-block-spacer\"><\/div>\n\n\n\n<!--more-->\n\n\n\n<p>Warto wpa\u015b\u0107 do \u0142abu\u0144skiej biblioteki i zaopatrzy\u0107 si\u0119 w ksi\u0105\u017cki do poczytania na \u015bwi\u0119ta w chwilach odpoczynku od go\u015bciny, rodzinnego gwaru a w przypadku zapewne pa\u0144 &#8211; od stania przy kuchni i szykowania wypiek\u00f3w oraz \u015bwi\u0105tecznych potraw.\u00a0 Do czytania jest wiele \u015bwi\u0105tecznych dni. Polecamy i zapraszamy bo&#8230;<em><strong><span style=\"color: #ff0000;\">na Orzechow\u0105 zagl\u0105da\u0107 jest zdrowo!<\/span> <\/strong><\/em><\/p>\n\n\n\n<div style=\"height:20px\" aria-hidden=\"true\" class=\"wp-block-spacer\"><\/div>\n\n\n\n\n\n<figure class=\"wp-block-image\"><img loading=\"lazy\" decoding=\"async\" width=\"1024\" height=\"768\" src=\"https:\/\/www.labunie.com.pl\/wp-content\/uploads\/2019\/12\/Image00001-14-1024x768.jpg\" alt=\"\" class=\"wp-image-16009\" srcset=\"https:\/\/labunie.com.pl\/wp-content\/uploads\/2019\/12\/Image00001-14-1024x768.jpg 1024w, https:\/\/labunie.com.pl\/wp-content\/uploads\/2019\/12\/Image00001-14-300x225.jpg 300w, https:\/\/labunie.com.pl\/wp-content\/uploads\/2019\/12\/Image00001-14-768x576.jpg 768w, https:\/\/labunie.com.pl\/wp-content\/uploads\/2019\/12\/Image00001-14.jpg 2000w\" sizes=\"auto, (max-width: 1024px) 100vw, 1024px\" \/><figcaption>fot. Biblioteka Publiczna Gmina \u0141abunie<\/figcaption><\/figure>\n","protected":false},"excerpt":{"rendered":"<p>W Bibliotece Publicznej Gminy \u0141abunie zrobi\u0142o si\u0119 \u015bwi\u0105tecznie. Stan\u0119\u0142a choinka, a pod ni\u0105 jak przysta\u0142o na bibliotek\u0119&#8230;a jak\u017ce, ksi\u0105\u017cki. \u00a0<\/p>\n","protected":false},"author":11,"featured_media":16010,"comment_status":"closed","ping_status":"closed","sticky":false,"template":"","format":"standard","meta":{"footnotes":""},"categories":[1],"tags":[],"class_list":["post-16008","post","type-post","status-publish","format-standard","has-post-thumbnail","hentry","category-wpisy","clearfix"],"_links":{"self":[{"href":"https:\/\/labunie.com.pl\/index.php?rest_route=\/wp\/v2\/posts\/16008","targetHints":{"allow":["GET"]}}],"collection":[{"href":"https:\/\/labunie.com.pl\/index.php?rest_route=\/wp\/v2\/posts"}],"about":[{"href":"https:\/\/labunie.com.pl\/index.php?rest_route=\/wp\/v2\/types\/post"}],"author":[{"embeddable":true,"href":"https:\/\/labunie.com.pl\/index.php?rest_route=\/wp\/v2\/users\/11"}],"replies":[{"embeddable":true,"href":"https:\/\/labunie.com.pl\/index.php?rest_route=%2Fwp%2Fv2%2Fcomments&post=16008"}],"version-history":[{"count":3,"href":"https:\/\/labunie.com.pl\/index.php?rest_route=\/wp\/v2\/posts\/16008\/revisions"}],"predecessor-version":[{"id":16013,"href":"https:\/\/labunie.com.pl\/index.php?rest_route=\/wp\/v2\/posts\/16008\/revisions\/16013"}],"wp:featuredmedia":[{"embeddable":true,"href":"https:\/\/labunie.com.pl\/index.php?rest_route=\/wp\/v2\/media\/16010"}],"wp:attachment":[{"href":"https:\/\/labunie.com.pl\/index.php?rest_route=%2Fwp%2Fv2%2Fmedia&parent=16008"}],"wp:term":[{"taxonomy":"category","embeddable":true,"href":"https:\/\/labunie.com.pl\/index.php?rest_route=%2Fwp%2Fv2%2Fcategories&post=16008"},{"taxonomy":"post_tag","embeddable":true,"href":"https:\/\/labunie.com.pl\/index.php?rest_route=%2Fwp%2Fv2%2Ftags&post=16008"}],"curies":[{"name":"wp","href":"https:\/\/api.w.org\/{rel}","templated":true}]}}