{"id":16018,"date":"2019-12-19T14:27:39","date_gmt":"2019-12-19T13:27:39","guid":{"rendered":"https:\/\/www.labunie.com.pl\/?p=16018"},"modified":"2019-12-19T14:27:39","modified_gmt":"2019-12-19T13:27:39","slug":"zaproszenie-na-przeglad-koled-do-nielisza","status":"publish","type":"post","link":"https:\/\/labunie.com.pl\/?p=16018","title":{"rendered":"Zaproszenie na Przegl\u0105d Kol\u0119d do Nielisza"},"content":{"rendered":"\n<p><strong>Gminny O\u015brodek Kultury w Nieliszu zaprasza wszystkich zainteresowanych do udzia\u0142u w S\u0105siedzkim Przegl\u0105dzie Kol\u0119d, Pastora\u0142ek i Pie\u015bni Bo\u017conarodzeniowych &#8220;Narodzi\u0142a nam si\u0119 Dobro\u0107&#8221;.<\/strong><\/p>\n<p style=\"margin: 0cm; margin-bottom: .0001pt; text-align: center;\" align=\"center\">\u00a0<\/p>\n\n\n\n<div style=\"height:42px\" aria-hidden=\"true\" class=\"wp-block-spacer\"><\/div>\n\n\n\n\n\n<!--more-->\n\n\n\n<p style=\"text-align: center;\"><strong>Regulamin i karty uczestnictwa do pobrania poni\u017cej<\/strong><\/p>\n\n\n\n<div style=\"height:20px\" aria-hidden=\"true\" class=\"wp-block-spacer\"><\/div>\n\n\n\n\n\n<div class=\"wp-block-file\"><a href=\"https:\/\/www.labunie.com.pl\/wp-content\/uploads\/2019\/12\/Regulamin-pdf.pdf\">Regulamin<\/a><a href=\"https:\/\/www.labunie.com.pl\/wp-content\/uploads\/2019\/12\/Regulamin-pdf.pdf\" class=\"wp-block-file__button\" download>Pobierz<\/a><\/div>\n\n\n\n<div class=\"wp-block-file\"><a href=\"https:\/\/www.labunie.com.pl\/wp-content\/uploads\/2019\/12\/Karta-uczestnictwa-solisty-wokalisty.pdf\">Karta uczestnictwa solisty &#8211; wokalisty<\/a><a href=\"https:\/\/www.labunie.com.pl\/wp-content\/uploads\/2019\/12\/Karta-uczestnictwa-solisty-wokalisty.pdf\" class=\"wp-block-file__button\" download>Pobierz<\/a><\/div>\n\n\n\n<div class=\"wp-block-file\"><a href=\"https:\/\/www.labunie.com.pl\/wp-content\/uploads\/2019\/12\/Karta-uczestnictwa-zespo\u0142u-ch\u00f3ru.pdf\">Karta uczestnictwa zespo\u0142u, ch\u00f3ru<\/a><a href=\"https:\/\/www.labunie.com.pl\/wp-content\/uploads\/2019\/12\/Karta-uczestnictwa-zespo\u0142u-ch\u00f3ru.pdf\" class=\"wp-block-file__button\" download>Pobierz<\/a><\/div>\n\n\n\n<div class=\"wp-block-file\"><a href=\"https:\/\/www.labunie.com.pl\/wp-content\/uploads\/2019\/12\/Klauzula-zgody.pdf\">Klauzula zgody<\/a><a href=\"https:\/\/www.labunie.com.pl\/wp-content\/uploads\/2019\/12\/Klauzula-zgody.pdf\" class=\"wp-block-file__button\" download>Pobierz<\/a><\/div>\n","protected":false},"excerpt":{"rendered":"<p>Gminny O\u015brodek Kultury w Nieliszu zaprasza wszystkich zainteresowanych do udzia\u0142u w S\u0105siedzkim Przegl\u0105dzie Kol\u0119d, Pastora\u0142ek i Pie\u015bni Bo\u017conarodzeniowych &#8220;Narodzi\u0142a nam si\u0119 Dobro\u0107&#8221;. \u00a0<\/p>\n","protected":false},"author":11,"featured_media":16023,"comment_status":"closed","ping_status":"closed","sticky":false,"template":"","format":"standard","meta":{"footnotes":""},"categories":[1],"tags":[],"class_list":["post-16018","post","type-post","status-publish","format-standard","has-post-thumbnail","hentry","category-wpisy","clearfix"],"_links":{"self":[{"href":"https:\/\/labunie.com.pl\/index.php?rest_route=\/wp\/v2\/posts\/16018","targetHints":{"allow":["GET"]}}],"collection":[{"href":"https:\/\/labunie.com.pl\/index.php?rest_route=\/wp\/v2\/posts"}],"about":[{"href":"https:\/\/labunie.com.pl\/index.php?rest_route=\/wp\/v2\/types\/post"}],"author":[{"embeddable":true,"href":"https:\/\/labunie.com.pl\/index.php?rest_route=\/wp\/v2\/users\/11"}],"replies":[{"embeddable":true,"href":"https:\/\/labunie.com.pl\/index.php?rest_route=%2Fwp%2Fv2%2Fcomments&post=16018"}],"version-history":[{"count":4,"href":"https:\/\/labunie.com.pl\/index.php?rest_route=\/wp\/v2\/posts\/16018\/revisions"}],"predecessor-version":[{"id":16028,"href":"https:\/\/labunie.com.pl\/index.php?rest_route=\/wp\/v2\/posts\/16018\/revisions\/16028"}],"wp:featuredmedia":[{"embeddable":true,"href":"https:\/\/labunie.com.pl\/index.php?rest_route=\/wp\/v2\/media\/16023"}],"wp:attachment":[{"href":"https:\/\/labunie.com.pl\/index.php?rest_route=%2Fwp%2Fv2%2Fmedia&parent=16018"}],"wp:term":[{"taxonomy":"category","embeddable":true,"href":"https:\/\/labunie.com.pl\/index.php?rest_route=%2Fwp%2Fv2%2Fcategories&post=16018"},{"taxonomy":"post_tag","embeddable":true,"href":"https:\/\/labunie.com.pl\/index.php?rest_route=%2Fwp%2Fv2%2Ftags&post=16018"}],"curies":[{"name":"wp","href":"https:\/\/api.w.org\/{rel}","templated":true}]}}