{"id":16054,"date":"2019-12-31T11:11:08","date_gmt":"2019-12-31T10:11:08","guid":{"rendered":"https:\/\/www.labunie.com.pl\/?p=16054"},"modified":"2020-01-15T07:55:45","modified_gmt":"2020-01-15T06:55:45","slug":"harmonogram-zebran-wiejskich-w-2020-r","status":"publish","type":"post","link":"https:\/\/labunie.com.pl\/?p=16054","title":{"rendered":"Harmonogram zebra\u0144 wiejskich w 2020 r."},"content":{"rendered":"\n<p><strong>W\u00f3jt Gminy \u0141abunie informuje, \u017ce w dniach 7-14 stycznia 2020 r. w poszczeg\u00f3lnych miejscowo\u015bciach odbywa\u0107 si\u0119 b\u0119d\u0105 zebrania wiejskie. <\/strong><br><strong>Terminy zebra\u0144 &#8211; w harmonogramie poni\u017cej.<\/strong><\/p>\n\n\n\n<!--more-->\n\n\n\n<div style=\"height:130px\" aria-hidden=\"true\" class=\"wp-block-spacer\"><\/div>\n\n\n<table class=\"aligncenter\" cellpadding=\"5\" border=\"1\">\n<thead>\n<tr style=\"background-color: #055089;\">\n<td><span style=\"color: #ffffff;\"><strong><em>L.p.<\/em><\/strong><\/span><\/td>\n<td><span style=\"color: #ffffff;\"><strong><em>Miejscowo\u015b\u0107<\/em><\/strong><\/span><\/td>\n<td><span style=\"color: #ffffff;\"><strong><em>Data zebrania<\/em><\/strong><\/span><\/td>\n<td><span style=\"color: #ffffff;\"><strong><em>Godzina<br>zebrania<\/em><\/strong><\/span><\/td>\n<td><span style=\"color: #ffffff;\"><strong><em>Miejsce zebrania<\/em><\/strong><\/span><\/td>\n<\/tr>\n<\/thead>\n<tbody>\n<tr>\n<td>1.<\/td>\n<td>W\u00f3lka \u0141abu\u0144ska<\/td>\n<td>7 stycznia 2020 r.<\/td>\n<td>16:30<\/td>\n<td>Remiza OSP<\/td>\n<\/tr>\n<tr style=\"background-color: #c0dbf0;\">\n<td>2.<\/td>\n<td>\u0141abunie<\/td>\n<td>7 stycznia 2020 r.<\/td>\n<td>18:00<\/td>\n<td>Dom Kultury<\/td>\n<\/tr>\n<tr>\n<td>3.<\/td>\n<td>\u0141abu\u0144ki Pierwsze<\/td>\n<td>8 stycznia 2020 r.<\/td>\n<td>16:30<\/td>\n<td>Remiza OSP<\/td>\n<\/tr>\n<tr style=\"background-color: #c0dbf0;\">\n<td>4.<\/td>\n<td>Barchacz\u00f3w<\/td>\n<td>8 stycznia 2020 r.<\/td>\n<td>18:00<\/td>\n<td>Remiza OSP<\/td>\n<\/tr>\n<tr>\n<td>5.<\/td>\n<td>Br\u00f3dek<\/td>\n<td>9 stycznia 2020 r.<\/td>\n<td>16:30<\/td>\n<td>Remiza OSP<\/td>\n<\/tr>\n<tr style=\"background-color: #c0dbf0;\">\n<td>6.<\/td>\n<td>D\u0105browa<\/td>\n<td>9 stycznia 2020 r.<\/td>\n<td>18:00<\/td>\n<td>\u015awietlica wiejska<\/td>\n<\/tr>\n<tr>\n<td>7.<\/td>\n<td>Rusz\u00f3w<br>Rusz\u00f3w-Kolonia<\/td>\n<td>10 stycznia 2020 r.<\/td>\n<td>16:30<\/td>\n<td>Remiza OSP<\/td>\n<\/tr>\n<tr style=\"background-color: #c0dbf0;\">\n<td>8.<\/td>\n<td>Wierzbie<\/td>\n<td>10 stycznia 2020 r.<\/td>\n<td>18:00<\/td>\n<td>\u015awietlica wiejska<\/td>\n<\/tr>\n<tr>\n<td>9.<\/td>\n<td>Moc\u00f3wka<\/td>\n<td>13 stycznia 2020 r.<\/td>\n<td>16:30<\/td>\n<td>\u015awietlica wiejska<\/td>\n<\/tr>\n<tr style=\"background-color: #c0dbf0;\">\n<td>10.<\/td>\n<td>\u0141abu\u0144ki Drugie<\/td>\n<td>13 stycznia 2020 r.<\/td>\n<td>18:00<\/td>\n<td>\u015awietlica wiejska<\/td>\n<\/tr>\n<tr>\n<td>11.<\/td>\n<td>Majdan Ruszowski<\/td>\n<td>14 stycznia 2020 r.<\/td>\n<td>16:30<\/td>\n<td>Remiza OSP<\/td>\n<\/tr>\n<tr style=\"background-color: #c0dbf0;\">\n<td>12.<\/td>\n<td>\u0141abunie-Reforma<\/td>\n<td>14 stycznia 2020 r.<\/td>\n<td>18:00<\/td>\n<td>\u015awietlica wiejska<\/td>\n<\/tr>\n<\/tbody>\n<\/table>","protected":false},"excerpt":{"rendered":"<p>W\u00f3jt Gminy \u0141abunie informuje, \u017ce w dniach 7-14 stycznia 2020 r. w poszczeg\u00f3lnych miejscowo\u015bciach odbywa\u0107 si\u0119 b\u0119d\u0105 zebrania wiejskie. Terminy zebra\u0144 &#8211; w harmonogramie poni\u017cej.<\/p>\n","protected":false},"author":7,"featured_media":1476,"comment_status":"closed","ping_status":"closed","sticky":false,"template":"","format":"standard","meta":{"footnotes":""},"categories":[1],"tags":[],"class_list":["post-16054","post","type-post","status-publish","format-standard","has-post-thumbnail","hentry","category-wpisy","clearfix"],"_links":{"self":[{"href":"https:\/\/labunie.com.pl\/index.php?rest_route=\/wp\/v2\/posts\/16054","targetHints":{"allow":["GET"]}}],"collection":[{"href":"https:\/\/labunie.com.pl\/index.php?rest_route=\/wp\/v2\/posts"}],"about":[{"href":"https:\/\/labunie.com.pl\/index.php?rest_route=\/wp\/v2\/types\/post"}],"author":[{"embeddable":true,"href":"https:\/\/labunie.com.pl\/index.php?rest_route=\/wp\/v2\/users\/7"}],"replies":[{"embeddable":true,"href":"https:\/\/labunie.com.pl\/index.php?rest_route=%2Fwp%2Fv2%2Fcomments&post=16054"}],"version-history":[{"count":5,"href":"https:\/\/labunie.com.pl\/index.php?rest_route=\/wp\/v2\/posts\/16054\/revisions"}],"predecessor-version":[{"id":28367,"href":"https:\/\/labunie.com.pl\/index.php?rest_route=\/wp\/v2\/posts\/16054\/revisions\/28367"}],"wp:featuredmedia":[{"embeddable":true,"href":"https:\/\/labunie.com.pl\/index.php?rest_route=\/wp\/v2\/media\/1476"}],"wp:attachment":[{"href":"https:\/\/labunie.com.pl\/index.php?rest_route=%2Fwp%2Fv2%2Fmedia&parent=16054"}],"wp:term":[{"taxonomy":"category","embeddable":true,"href":"https:\/\/labunie.com.pl\/index.php?rest_route=%2Fwp%2Fv2%2Fcategories&post=16054"},{"taxonomy":"post_tag","embeddable":true,"href":"https:\/\/labunie.com.pl\/index.php?rest_route=%2Fwp%2Fv2%2Ftags&post=16054"}],"curies":[{"name":"wp","href":"https:\/\/api.w.org\/{rel}","templated":true}]}}