{"id":16075,"date":"2020-01-08T12:30:33","date_gmt":"2020-01-08T11:30:33","guid":{"rendered":"https:\/\/www.labunie.com.pl\/?p=16075"},"modified":"2020-01-08T12:36:05","modified_gmt":"2020-01-08T11:36:05","slug":"orszak-trzech-kroli-przeszedl-ulicami-labun","status":"publish","type":"post","link":"https:\/\/labunie.com.pl\/?p=16075","title":{"rendered":"Orszak Trzech Kr\u00f3li przeszed\u0142 ulicami \u0141abu\u0144"},"content":{"rendered":"\n<p><strong>Kilkudziesi\u0119ciu aktor\u00f3w, barwne stroje, \u017cywa szopka, kol\u0119dy rozbrzmiewaj\u0105ce w \u0142abu\u0144skim plenerze oraz du\u017ca frekwencja dzieci i m\u0142odzie\u017cy. W poniedzia\u0142ek, 6 stycznia ulicami \u0141abu\u0144 przeszed\u0142 Orszak Trzech Kr\u00f3li. W tym roku odbywa\u0142 si\u0119 pod has\u0142em &#8220;Cuda, cuda og\u0142aszaj\u0105&#8221;.<\/strong><\/p>\n\n\n\n<!--more-->\n\n\n\n<div style=\"height:61px\" aria-hidden=\"true\" class=\"wp-block-spacer\"><\/div>\n\n\n\n<figure class=\"wp-block-embed-youtube wp-block-embed is-type-video is-provider-youtube wp-embed-aspect-16-9 wp-has-aspect-ratio\"><div class=\"wp-block-embed__wrapper\">\n<iframe loading=\"lazy\" title=\"Orszak Trzech Kr\u00f3li - \u0141abunie, 6 stycznia 2020 r.\" width=\"1280\" height=\"720\" src=\"https:\/\/www.youtube.com\/embed\/1heTzEj8Zbs?feature=oembed\" frameborder=\"0\" allow=\"accelerometer; autoplay; clipboard-write; encrypted-media; gyroscope; picture-in-picture\" allowfullscreen><\/iframe>\n<\/div><\/figure>\n\n\n\n<div style=\"height:20px\" aria-hidden=\"true\" class=\"wp-block-spacer\"><\/div>\n\n\n\n<p>Uroczysto\u015bci rozpocz\u0119\u0142y si\u0119 w po\u0142udnie od mszy \u015bw. odprawionej w ko\u015bciele parafialnym w \u0141abuniach. Po nabo\u017ce\u0144stwie Orszak z\u00a0 mieszka\u0144cami wyruszy\u0142 w kierunku \u017cywej stajenki. Przeszed\u0142 ulic\u0105 Ko\u015bcieln\u0105 i Parkow\u0105 udaj\u0105c si\u0119 pod Dom Kultury w \u0141abuniach. W trakcie kolorowego pochodu rozbrzmiewa\u0142y kol\u0119dy, za spraw\u0105 kt\u00f3rych w\u015br\u00f3d uczestnik\u00f3w zago\u015bci\u0142a \u015bwi\u0105teczna atmosfera. Pierwsi \u015awi\u0119t\u0105 Rodzin\u0119 znale\u017ali pastuszkowie. Punktem kulminacyjnym wydarzenia by\u0142o podarowanie Jezusowi go\u0142\u0119bi, kt\u00f3re symbolicznie zosta\u0142y wypuszczone w niebo. Uczestnicy wydarzenia mogli obejrze\u0107 r\u00f3wnie\u017c poloneza zata\u0144czonego przy d\u017awi\u0119kach kol\u0119dy &#8220;B\u00f3g si\u0119 rodzi&#8221;.\u00a0 Na zako\u0144czenie odby\u0142o si\u0119 ognisko, przy kt\u00f3rym mo\u017cna by\u0142o posili\u0107 si\u0119 i ogrza\u0107.<\/p>\n<p>Organizatorami wydarzenia byli: W\u00f3jt Gminy \u0141abunie &#8211; Mariusz Kukie\u0142ka oraz Stowarzyszenie na Rzecz Rozwoju Gminy \u0141abunie, kt\u00f3rzy s\u0142owa podzi\u0119kowania kieruj\u0105 osobom oraz instytucjom zaanga\u017cowanym w organizacj\u0119 oraz realizacj\u0119 przedsi\u0119wzi\u0119cia.\u00a0 Poni\u017cej publikujemy list\u0119 zaanga\u017cowanych w Orszak Trzech Kr\u00f3li.<\/p>\n\n\n\n<div style=\"height:20px\" aria-hidden=\"true\" class=\"wp-block-spacer\"><\/div>\n\n\n\n<p style=\"text-align: center;\"><span style=\"color: #0000ff;\"><strong>Obsada<\/strong><\/span><\/p>\n<p><strong>Maryja<\/strong> &#8211; Diana Szumska<br><strong>J\u00f3zef<\/strong> &#8211; Grzegorz Szumski<br><strong>Dzieci\u0105tko Jezus<\/strong> &#8211; Oskar Szumski<br><strong>Kr\u00f3l Melchio<\/strong>r &#8211; Stanis\u0142aw Kycko<br><strong>Kr\u00f3l Baltazar<\/strong> &#8211; Andrzej Kapera<br><strong>Kr\u00f3l Kacper<\/strong> &#8211; Grzegorz Synowiec<br><strong>Herod<\/strong> &#8211; Piotr Pi\u0142at<br><strong>Dworzanin<\/strong> &#8211; Mariusz Kliza<br><strong>Anio\u0142owie<\/strong> &#8211; El\u017cbieta Ku\u017ama, Dorota Szczepuch, Helena Wa\u0142aszyk<br><strong>Diab\u0142<\/strong>y &#8211; S\u0142awomir Kostrubiec, Marek G\u00f3ra<br><strong>Pasterze<\/strong> &#8211; Artur Branecki, Pawe\u0142 Mr\u00f3z, Bogus\u0142aw Szast<br><strong>Lektor<\/strong> &#8211; Piotr Witkowski<br><strong>Orszak Anielski, Pastuszkowie, Diab\u0142y<\/strong> &#8211; Dzieci i m\u0142odzie\u017c ze Szko\u0142y Podstawowej w \u0141abuniach pod kierunkiem Danuty Bosiak<br><strong>Soli\u015bci i Ch\u00f3r<\/strong> &#8211; Kamila Wr\u00f3blewska, Stanis\u0142aw Bo\u0107, Amelia G\u00f3rska, Bo\u017cena Wr\u00f3blewska, Halina Dybzi\u0144ska, Halina Piskorz, Renata Nicpo\u0144, Danuta Bosiak, Wioletta Witkowska, Siostry Franciszkanki Misjonarki Maryi<\/p>\n<p><strong>Re\u017cyseria i oprawa muzyczna<\/strong> &#8211; Halina Piskorz, Bo\u017cena Wr\u00f3blewska<\/p>\n<p><strong>Obs\u0142uga nag\u0142o\u015bnienia<\/strong> &#8211; Wies\u0142aw Zimerman, Miros\u0142aw Policha<\/p>\n<p><strong>Wykonanie w\u00f3zka do przewozu sprz\u0119tu nag\u0142a\u015bniaj\u0105cego<\/strong> &#8211; Andrzej Kapera<\/p>\n<p><strong>Przygotowanie szopki<\/strong> &#8211; ks. Micha\u0142 Przybysz, Pawe\u0142 Mr\u00f3z, Mariusz Kliza, Kamil Kliza, Bogus\u0142aw Szast, S\u0142awomir Jesionowski<\/p>\n<p><strong>Pomoc w organizacji Orszaku i ogniska<\/strong> &#8211; S\u0142awomir Umyla\u0144ski, Roman Dobek, Konrad H\u0142obi\u0142, Dominik Pitak, Adam Pacaj, Kacper Pacaj, Adam Cho\u0142ody, Dawid Cho\u0142ody, Sebastian Cho\u0142ody, Aleksander Ho\u0142ys, Karol Paszt, Pawe\u0142 Paszt, Aleksandra Mulawa, Marzena Nawrocka, Krzysztof Nawrocki<br>i Stra\u017cacy Ochotniczej Stra\u017cy Po\u017carnej z gminy \u0141abunie<\/p>\n<p><strong>Zorganizowanie przejazdu dla trzech Kr\u00f3li<\/strong> &#8211; S\u0142awomir Kurz\u0119pa, Andrzej Helman, Pawe\u0142 Helman<\/p>\n<p><strong>Koordynowanie organizacji Orszaku<\/strong> &#8211; Stowarzyszenie na rzeczRozwoju Gminy \u0141abunie we wsp\u00f3\u0142pracy z: Gmin\u0105 \u0141abunie, Parafi\u0105 w \u0141abuniach, Fundacj\u0105 Orszak Trzech Kr\u00f3li, OSP Gminy \u0141abunie, Hospicjum Santa Galla w \u0141abu\u0144kach Pierwszych, Posterunkiem Policji w \u0141abuniach.<\/p>\n\n\n\n<div style=\"height:20px\" aria-hidden=\"true\" class=\"wp-block-spacer\"><\/div>\n\n\n\n<figure class=\"wp-block-image\"><a href=\"https:\/\/www.labunie.com.pl\/wp-content\/uploads\/2020\/01\/0055.jpg\" target=\"_blank\" rel=\"noreferrer noopener\" data-rel=\"lightbox-gallery-2Ah4q7Rr\" data-rl_title=\"\" data-rl_caption=\"\" title=\"\"><img loading=\"lazy\" decoding=\"async\" width=\"1024\" height=\"682\" src=\"https:\/\/www.labunie.com.pl\/wp-content\/uploads\/2020\/01\/0055-1024x682.jpg\" alt=\"\" class=\"wp-image-16094\" srcset=\"https:\/\/labunie.com.pl\/wp-content\/uploads\/2020\/01\/0055-1024x682.jpg 1024w, https:\/\/labunie.com.pl\/wp-content\/uploads\/2020\/01\/0055-300x200.jpg 300w, https:\/\/labunie.com.pl\/wp-content\/uploads\/2020\/01\/0055-768x512.jpg 768w, https:\/\/labunie.com.pl\/wp-content\/uploads\/2020\/01\/0055.jpg 2000w\" sizes=\"auto, (max-width: 1024px) 100vw, 1024px\" \/><\/a><\/figure>\n\n\n\n<div style=\"height:20px\" aria-hidden=\"true\" class=\"wp-block-spacer\"><\/div>\n\n\n\n<p>\n[lg_folder folder=&#8221;20200106\/&#8221; count=&#8221;59&#8243; paging=&#8221;false&#8221;] \n\n<\/p>\n","protected":false},"excerpt":{"rendered":"<p>Kilkudziesi\u0119ciu aktor\u00f3w, barwne stroje, \u017cywa szopka, kol\u0119dy rozbrzmiewaj\u0105ce w \u0142abu\u0144skim plenerze oraz du\u017ca frekwencja dzieci i m\u0142odzie\u017cy. W poniedzia\u0142ek, 6 stycznia ulicami \u0141abu\u0144 przeszed\u0142 Orszak Trzech Kr\u00f3li. W tym roku odbywa\u0142 si\u0119 pod has\u0142em &#8220;Cuda, cuda og\u0142aszaj\u0105&#8221;.<\/p>\n","protected":false},"author":11,"featured_media":16085,"comment_status":"closed","ping_status":"closed","sticky":false,"template":"","format":"standard","meta":{"footnotes":""},"categories":[1],"tags":[],"class_list":["post-16075","post","type-post","status-publish","format-standard","has-post-thumbnail","hentry","category-wpisy","clearfix"],"_links":{"self":[{"href":"https:\/\/labunie.com.pl\/index.php?rest_route=\/wp\/v2\/posts\/16075","targetHints":{"allow":["GET"]}}],"collection":[{"href":"https:\/\/labunie.com.pl\/index.php?rest_route=\/wp\/v2\/posts"}],"about":[{"href":"https:\/\/labunie.com.pl\/index.php?rest_route=\/wp\/v2\/types\/post"}],"author":[{"embeddable":true,"href":"https:\/\/labunie.com.pl\/index.php?rest_route=\/wp\/v2\/users\/11"}],"replies":[{"embeddable":true,"href":"https:\/\/labunie.com.pl\/index.php?rest_route=%2Fwp%2Fv2%2Fcomments&post=16075"}],"version-history":[{"count":5,"href":"https:\/\/labunie.com.pl\/index.php?rest_route=\/wp\/v2\/posts\/16075\/revisions"}],"predecessor-version":[{"id":16460,"href":"https:\/\/labunie.com.pl\/index.php?rest_route=\/wp\/v2\/posts\/16075\/revisions\/16460"}],"wp:featuredmedia":[{"embeddable":true,"href":"https:\/\/labunie.com.pl\/index.php?rest_route=\/wp\/v2\/media\/16085"}],"wp:attachment":[{"href":"https:\/\/labunie.com.pl\/index.php?rest_route=%2Fwp%2Fv2%2Fmedia&parent=16075"}],"wp:term":[{"taxonomy":"category","embeddable":true,"href":"https:\/\/labunie.com.pl\/index.php?rest_route=%2Fwp%2Fv2%2Fcategories&post=16075"},{"taxonomy":"post_tag","embeddable":true,"href":"https:\/\/labunie.com.pl\/index.php?rest_route=%2Fwp%2Fv2%2Ftags&post=16075"}],"curies":[{"name":"wp","href":"https:\/\/api.w.org\/{rel}","templated":true}]}}