{"id":16142,"date":"2020-01-09T08:02:42","date_gmt":"2020-01-09T07:02:42","guid":{"rendered":"https:\/\/www.labunie.com.pl\/?p=16142"},"modified":"2020-01-09T08:02:42","modified_gmt":"2020-01-09T07:02:42","slug":"koncert-z-duetem-chorow","status":"publish","type":"post","link":"https:\/\/labunie.com.pl\/?p=16142","title":{"rendered":"Koncert z duetem ch\u00f3r\u00f3w"},"content":{"rendered":"\n<p><strong>Ch\u00f3r z Konsonans z gminy \u0141abunie i Ch\u00f3r Tarna Vox z Tarnawatki zapraszaj\u0105 na koncert. Muzyczne wydarzenie b\u0119dzie podsumowaniem dwudniowych warsztat\u00f3w.<\/strong><\/p>\n\n\n\n<div style=\"height:60px\" aria-hidden=\"true\" class=\"wp-block-spacer\"><\/div>\n\n\n\n<!--more-->\n\n\n\n<p><b> Koncert\u00a0 ch\u00f3ru Konsonans i Tarna Vox odb\u0119dzie si\u0119 w niedziel\u0119, 12 stycznia w Gminnym O\u015brodku Kultury w Tarnawatce. Wydarzenie b\u0119dzie podsumowaniem\u00a0 Warsztat\u00f3w Ch\u00f3ralnych, kt\u00f3re poprowadzi Pani dr Anna Marek \u2013 Kami\u0144ska \u2013 dyrektorka Studium Muzyki Liturgicznej w Rzeszowie, absolwentka Edukacji artystycznej, stypendystka Universit\u00e4t f\u00fcr musik und derstellende Kunst w Wiedniu, a tak\u017ce absolwentka Studi\u00f3w Podyplomowych w Zakresie Ch\u00f3rmistrzostwa na Akademii Muzycznej w Bydgoszczy.<\/b><b> <\/b><\/p>\n<p><b>Wst\u0119p wolny!\u00a0<\/b><\/p>\n\n\n\n<div style=\"height:26px\" aria-hidden=\"true\" class=\"wp-block-spacer\"><\/div>\n\n\n\n<h1 style=\"text-align: center;\"><span style=\"background-color: #ffffff; color: #ff0000;\"><strong>UWAGA !!!<\/strong><\/span><\/h1>\n<h1>Ch\u00f3r Konsonans nadal prowadzi nab\u00f3r.\u00a0\u00a0\u00a0\u00a0\u00a0\u00a0<\/h1>\n<h1><em><span style=\"color: #ff0000;\"><strong>Pilnie poszukiwane s\u0105 m\u0119skie g\u0142osy !<br \/><\/strong><\/span><\/em><\/h1>\n<h1>Je\u017celi w gminie \u0141abunie s\u0105 Panowie, kt\u00f3rzy lubi\u0105 \u015bpiewa\u0107, pasjonuj\u0105 si\u0119 muzyk\u0105, a przy okazji chc\u0105 nawi\u0105za\u0107 nowe znajomo\u015bci\u00a0 &#8211; zapraszamy. Pr\u00f3by odbywaj\u0105 si\u0119 we wtorki i w czwartki w budynku wielofunkcyjnym w \u0141abuniach, w kt\u00f3rym mie\u015bci si\u0119 m. in. biblioteka i GOPS. Przed przybyciem nale\u017cy zadzwoni\u0107 pod nr tel.: <strong><span style=\"color: #ff0000;\">505 777 900<\/span><\/strong> i zg\u0142osi\u0107 swoj\u0105 ch\u0119\u0107 przyst\u0105pienia do Ch\u00f3ru Konsonans.\u00a0\u00a0<\/h1>\n<h1><span style=\"color: #ff0000;\">Do\u0142\u0105cz do grona os\u00f3b, kt\u00f3re tworz\u0105 zgrany muzyczny zesp\u00f3\u0142 opieraj\u0105cy si\u0119 nie tylko na pr\u00f3bach i wyst\u0119pach, ale i wsp\u00f3lnej integracji. \u00a0 <\/span><\/h1>\n","protected":false},"excerpt":{"rendered":"<p>Ch\u00f3r z Konsonans z gminy \u0141abunie i Ch\u00f3r Tarna Vox z Tarnawatki zapraszaj\u0105 na koncert. Muzyczne wydarzenie b\u0119dzie podsumowaniem dwudniowych warsztat\u00f3w.<\/p>\n","protected":false},"author":11,"featured_media":16144,"comment_status":"closed","ping_status":"closed","sticky":false,"template":"","format":"standard","meta":{"footnotes":""},"categories":[1],"tags":[],"class_list":["post-16142","post","type-post","status-publish","format-standard","has-post-thumbnail","hentry","category-wpisy","clearfix"],"_links":{"self":[{"href":"https:\/\/labunie.com.pl\/index.php?rest_route=\/wp\/v2\/posts\/16142","targetHints":{"allow":["GET"]}}],"collection":[{"href":"https:\/\/labunie.com.pl\/index.php?rest_route=\/wp\/v2\/posts"}],"about":[{"href":"https:\/\/labunie.com.pl\/index.php?rest_route=\/wp\/v2\/types\/post"}],"author":[{"embeddable":true,"href":"https:\/\/labunie.com.pl\/index.php?rest_route=\/wp\/v2\/users\/11"}],"replies":[{"embeddable":true,"href":"https:\/\/labunie.com.pl\/index.php?rest_route=%2Fwp%2Fv2%2Fcomments&post=16142"}],"version-history":[{"count":5,"href":"https:\/\/labunie.com.pl\/index.php?rest_route=\/wp\/v2\/posts\/16142\/revisions"}],"predecessor-version":[{"id":16150,"href":"https:\/\/labunie.com.pl\/index.php?rest_route=\/wp\/v2\/posts\/16142\/revisions\/16150"}],"wp:featuredmedia":[{"embeddable":true,"href":"https:\/\/labunie.com.pl\/index.php?rest_route=\/wp\/v2\/media\/16144"}],"wp:attachment":[{"href":"https:\/\/labunie.com.pl\/index.php?rest_route=%2Fwp%2Fv2%2Fmedia&parent=16142"}],"wp:term":[{"taxonomy":"category","embeddable":true,"href":"https:\/\/labunie.com.pl\/index.php?rest_route=%2Fwp%2Fv2%2Fcategories&post=16142"},{"taxonomy":"post_tag","embeddable":true,"href":"https:\/\/labunie.com.pl\/index.php?rest_route=%2Fwp%2Fv2%2Ftags&post=16142"}],"curies":[{"name":"wp","href":"https:\/\/api.w.org\/{rel}","templated":true}]}}