{"id":16168,"date":"2020-01-10T13:34:37","date_gmt":"2020-01-10T12:34:37","guid":{"rendered":"https:\/\/www.labunie.com.pl\/?p=16168"},"modified":"2025-02-21T11:15:07","modified_gmt":"2025-02-21T10:15:07","slug":"nieodplatna-pomoc-prawna-oraz-nieodplatne-poradnictwo-obywatelskie-na-terenie-powiatu-zamojskiego-w-2020-roku","status":"publish","type":"post","link":"https:\/\/labunie.com.pl\/?p=16168","title":{"rendered":"NIEODP\u0141ATNA POMOC PRAWNA ORAZ NIEODP\u0141ATNE PORADNICTWO OBYWATELSKIE Z NIEODP\u0141ATN\u0104 MEDIACJ\u0104 NA TERENIE POWIATU ZAMOJSKIEGO"},"content":{"rendered":"\n<p class=\"has-text-align-left\"><strong>Na terenie powiatu zamojskiego dzia\u0142aj\u0105 punkty nieodp\u0142atnej pomocy prawnej oraz nieodp\u0142atnego poradnictwa obywatelskiego,<br>w kt\u00f3rych \u015bwiadczona jest tak\u017ce nieodp\u0142atna mediacja. Punkty mieszcz\u0105 si\u0119 w budynku Starostwa Powiatowego w Zamo\u015bciu,<br>przy ul. Przemys\u0142owej 4 oraz w siedzibie Powiatowego O\u015brodka Interwencji Kryzysowej w Szczebrzeszynie, ul. Ogrodowa 14.<br>W punktach nieodp\u0142atnego poradnictwa zapewniona jest obs\u0142uga os\u00f3b niepe\u0142nosprawnych.<\/strong> <strong>W budynkach zapewniony jest dost\u0119p do punkt\u00f3w tak\u017ce osobom poruszaj\u0105cym si\u0119<br>na w\u00f3zkach inwalidzkich.<\/strong><\/p>\n\n\n\n<p><strong> <\/strong> <\/p>\n\n\n\n<!--more-->\n\n\n\n<div style=\"height:10px\" aria-hidden=\"true\" class=\"wp-block-spacer\"><\/div>\n\n\n\n<div style=\"height:20px\" aria-hidden=\"true\" class=\"wp-block-spacer\"><\/div>\n\n\n\n<p style=\"text-align: justify;\"><strong>Nieodp\u0142atna pomoc prawna oraz nieodp\u0142atne poradnictwo obywatelskie przys\u0142uguje osobie uprawnionej, kt\u00f3ra nie jest w stanie ponie\u015b\u0107 koszt\u00f3w odp\u0142atnej pomocy prawnej, w tym osobie fizycznej prowadz\u0105cej jednoosobow\u0105 dzia\u0142alno\u015b\u0107 gospodarcz\u0105 niezatrudniaj\u0105cej innych os\u00f3b w ci\u0105gu ostatniego roku. <em>Warunkiem udzielenia porady jest z\u0142o\u017cenie przez osob\u0119 uprawnion\u0105 pisemnego o\u015bwiadczenia, \u017ce nie jest w stanie ponie\u015b\u0107 koszt\u00f3w odp\u0142atnej pomocy prawnej. <\/em><\/strong><\/p>\n<p style=\"text-align: justify;\"><strong>Osoba korzystaj\u0105ca z nieodp\u0142atnej pomocy prawnej lub nieodp\u0142atnego poradnictwa obywatelskiego w zakresie prowadzonej dzia\u0142alno\u015bci gospodarczej dodatkowo sk\u0142ada o\u015bwiadczenie o niezatrudnianiu innych os\u00f3b w ci\u0105gu ostatniego roku. O\u015bwiadczenie sk\u0142ada si\u0119 osobie udzielaj\u0105cej <\/strong><strong>nieodp\u0142atnej pomocy prawnej lub \u015bwiadcz\u0105cej nieodp\u0142atne poradnictwo obywatelskie.<\/strong><br \/><strong>Przyjmowanie zg\u0142osze\u0144 na nieodp\u0142atne porady odbywa si\u0119 <em>wy\u0142\u0105cznie<\/em> telefonicznie pod specjalnie wyznaczonym do tego celu numerem telefonu <em>602 66 44 24<\/em> w godz. 7:30 \u2013 15:30. Porady udzielane s\u0105 wed\u0142ug kolejno\u015bci zg\u0142osze\u0144, po um\u00f3wieniu terminu wizyty. <\/strong><\/p>\n<p style=\"text-align: justify;\"><strong>Kobiety w ci\u0105\u017cy przyjmowane s\u0105 poza kolejno\u015bci\u0105.<\/strong><\/p>\n<p><br \/>Porady co do zasady udzielane s\u0105 podczas osobistej wizyty w punkcie nieodp\u0142atnej pomocy prawnej lub nieodp\u0142atnego poradnictwa<br \/>obywatelskiego. Osoby ze znaczn\u0105 niepe\u0142nosprawno\u015bci\u0105 ruchow\u0105, kt\u00f3re nie mog\u0105 stawi\u0107 si\u0119 w punkcie osobi\u015bcie, oraz osoby do\u015bwiadczaj\u0105ce trudno\u015bci w komunikowaniu si\u0119, mog\u0105 otrzyma\u0107 porad\u0119 poza punktem, w miejscu zamieszkania lub za pomoc\u0105 \u015brodk\u00f3w porozumiewania si\u0119 na odleg\u0142o\u015b\u0107. Bli\u017csze informacje udzielane s\u0105 pod numerem telefonu podanym do rejestracji zg\u0142osze\u0144.<br \/>W budynkach zapewniony jest dost\u0119p do punkt\u00f3w tak\u017ce osobom poruszaj\u0105cym si\u0119 na w\u00f3zkach inwalidzkich.<br \/>Bli\u017csze informacje udzielane s\u0105 pod numerem telefonu podanym do rejestracji zg\u0142osze\u0144.<\/p>\n<p><br \/><strong>Nieodp\u0142atna pomoc prawna obejmuje:<\/strong><\/p>\n<ul>\n<li>poinformowanie osoby uprawnionej o obowi\u0105zuj\u0105cym stanie prawnym, o przys\u0142uguj\u0105cych jej uprawnieniach lub spoczywaj\u0105cych na niej obowi\u0105zkach, w tym w zwi\u0105zku z tocz\u0105cym si\u0119 post\u0119powaniem przygotowawczym, administracyjnym, s\u0105dowym lub s\u0105dowo<br \/>administracyjnym<\/li>\n<li>wskazanie osobie uprawnionej sposobu rozwi\u0105zania jej problemu prawnego, lub sporz\u0105dzenie projektu pisma w sprawach, o kt\u00f3rych mowa wy\u017cej z wy\u0142\u0105czeniem pism procesowych w tocz\u0105cym si\u0119 post\u0119powaniu przygotowawczym lub s\u0105dowym i pism w tocz\u0105cym si\u0119 post\u0119powaniu s\u0105dowo administracyjnym<\/li>\n<li>nieodp\u0142atn\u0105 mediacj\u0119<\/li>\n<li>sporz\u0105dzenie projektu pisma o zwolnienie od koszt\u00f3w s\u0105dowych<\/li>\n<li>ustanowienie pe\u0142nomocnika z urz\u0119du w post\u0119powaniu s\u0105dowym<\/li>\n<li>ustanowienie adwokata, radcy prawnego, doradcy podatkowego lub rzecznika patentowego w post\u0119powaniu s\u0105dowo administracyjnym<br \/>oraz poinformowanie o kosztach post\u0119powania i ryzyku finansowym zwi\u0105zanym ze skierowaniem sprawy na drog\u0119 s\u0105dow\u0105 oraz<br \/>poinformowanie o kosztach post\u0119powania i ryzyku finansowym zawi\u0105zanym ze skierowaniem sprawy na drog\u0119 s\u0105dow\u0105.<\/li>\n<\/ul>\n<p><strong>Nieodp\u0142atne poradnictwo obywatelskie obejmuje<\/strong> dzia\u0142ania dostosowane do indywidualnej sytuacji osoby uprawnionej, zmierzaj\u0105ce do podniesienia \u015bwiadomo\u015bci tej osoby o przys\u0142uguj\u0105cych jej uprawnieniach lub spoczywaj\u0105cych na niej obowi\u0105zkach oraz wsparcia w samodzielnym<br \/>rozwi\u0105zywaniu problemu, w tym, w razie potrzeby, sporz\u0105dzenie wsp\u00f3lnie z osob\u0105 uprawnion\u0105 planu dzia\u0142ania i pomoc w jego realizacji. Nieodp\u0142atne poradnictwo obywatelskie obejmuje w szczeg\u00f3lno\u015bci porady dla os\u00f3b zad\u0142u\u017conych i porady z zakresu spraw mieszkaniowych oraz zabezpieczenia spo\u0142ecznego. Nieodp\u0142atne poradnictwo obywatelskie obejmuje r\u00f3wnie\u017c nieodp\u0142atn\u0105 mediacj\u0119.<br \/><strong>Nieodp\u0142atna mediacja obejmuje:<\/strong><br \/>&#8211; poinformowanie osoby uprawnionej o mo\u017cliwo\u015bciach skorzystania z polubownych metod rozwi\u0105zywania spor\u00f3w, w szczeg\u00f3lno\u015bci mediacji<br \/>oraz korzy\u015bciach z tego wynikaj\u0105cych;<br \/>&#8211; przygotowanie projektu umowy o mediacj\u0119 lub wniosku o przeprowadzenie mediacji;<br \/>&#8211; przygotowanie projektu wniosku o przeprowadzenie post\u0119powania mediacyjnego w sprawie karnej;<br \/>&#8211; przeprowadzenie mediacji;<br \/>&#8211; udzielenie pomocy w sporz\u0105dzeniu do s\u0105du wniosku o zatwierdzenie ugody zawartej przed mediatorem.<br \/><strong>Nieodp\u0142atna mediacja nie obejmuje spraw, w kt\u00f3rych:<\/strong><br \/>&#8211; s\u0105d lub inny organ wyda\u0142y postanowienie o skierowaniu sprawy do mediacji lub post\u0119powania mediacyjnego;<br \/>&#8211; zachodzi uzasadnione podejrzenie, \u017ce w relacji stron wyst\u0119puje przemoc.<br \/>Nieodp\u0142atna pomoc prawna udzielana osobom fizycznym \u2013 prowadz\u0105cym jednoosobow\u0105 dzia\u0142alno\u015b\u0107 gospodarcz\u0105 niezatrudniaj\u0105cym innych os\u00f3b w ci\u0105gu ostatniego roku na podstawie ustawy z dnia 5 sierpnia 2015r. o nieodp\u0142atnej pomocy prawnej, nieodp\u0142atnym poradnictwie obywatelskim oraz edukacji prawnej (Dz. U. z 2021r., poz. 945 t.j.) jest pomoc\u0105 de minimis. Podlega zatem regulacjom przewidzianym w ustawie z dnia 30 kwietnia 2004r. o post\u0119powaniu w sprawach dotycz\u0105cych pomocy publicznej (Dz. U.<br \/>z 2021r., poz. 743).<\/p>\n<p><strong>W zwi\u0105zku z powy\u017cszym, podmiot ubiegaj\u0105cy si\u0119 o pomoc przed jej uzyskaniem powinien przedstawi\u0107:<\/strong><br \/>1. wszystkie za\u015bwiadczenia o pomocy de minimis i za\u015bwiadczenia o pomocy de minimis w rolnictwie lub rybo\u0142\u00f3wstwie, jakie<br \/>otrzyma\u0142 w roku, w kt\u00f3rym ubiega si\u0119 o pomoc oraz w ci\u0105gu dw\u00f3ch poprzedzaj\u0105cych go lat podatkowych,<br \/>albo:<br \/>&#8211; o\u015bwiadczenia o wielko\u015bci tej pomocy otrzymanej w tym okresie,<br \/>&#8211; o\u015bwiadczenia o nieotrzymaniu takiej pomocy w tym okresie;<br \/>2. informacje niezb\u0119dne do udzielenia pomocy, okre\u015blonych w rozporz\u0105dzeniu Rady Ministr\u00f3w z dnia 29 marca 2010 r. w sprawie<br \/>zakresu informacji przedstawianych przez podmiot ubiegaj\u0105cy si\u0119 o pomoc inn\u0105 ni\u017c pomoc de minimis lub pomoc de minimis w rolnictwie lub rybo\u0142\u00f3wstwie (Dz.U. 2010 Nr 53, poz. 311) dotycz\u0105cych w szczeg\u00f3lno\u015bci wnioskodawcy i prowadzonej przez niego dzia\u0142alno\u015bci gospodarczej oraz wielko\u015bci i przeznaczenia pomocy publicznej otrzymanej w odniesieniu do tych samych koszt\u00f3w kwalifikuj\u0105cych si\u0119 do obj\u0119cia pomoc\u0105, na pokrycie kt\u00f3rych ma by\u0107 przeznaczona pomoc de minimis.<br \/>Osobom uprawnionym korzystaj\u0105cym z nieodp\u0142atnej pomocy prawnej lub nieodp\u0142atnego poradnictwa obywatelskiego przys\u0142uguje<br \/>mo\u017cliwo\u015b\u0107 przekazania opinii o udzielonej nieodp\u0142atnej pomocy prawnej lub \u015bwiadczonym nieodp\u0142atnym poradnictwie obywatelskim.<br \/>Karta Pomocy \u2013 cz\u0119\u015b\u0107 B udost\u0119pniana jest osobom uprawnionym przez osob\u0119 udzielaj\u0105c\u0105 porady. Wype\u0142niony druk opinii osoba<br \/>uprawniona umieszcza w urnie znajduj\u0105cej si\u0119 w pobli\u017cu punktu nieodp\u0142atnych porad prawnych\/nieodp\u0142atnego poradnictwa<br \/>obywatelskiego. W przypadku udzielania nieodp\u0142atnej pomocy prawnej lub \u015bwiadczenia nieodp\u0142atnego poradnictwa obywatelskiego<br \/>poza punktem lub za po\u015brednictwem \u015brodk\u00f3w porozumiewania si\u0119 na odleg\u0142o\u015b\u0107 po udzielonej nieodp\u0142atnej pomocy prawnej lub<br \/>\u015bwiadczonym nieodp\u0142atnym poradnictwie obywatelskim osoba uprawniona ma mo\u017cliwo\u015b\u0107 przekazania anonimowej opinii o udzielonej<br \/>nieodp\u0142atnej pomocy prawnej lub \u015bwiadczonym nieodp\u0142atnym poradnictwie obywatelskim pod numerem telefonu 602 66 44 24 lub na<br \/>adres poczty elektronicznej: pomoc.prawna@powiatzamojski.pl lub listownie, na adres: Wydzia\u0142 Spraw Spo\u0142ecznych, Starostwo<br \/>Powiatowe w Zamo\u015bciu, ul. Przemys\u0142owa 4, 22-400 Zamo\u015b\u0107<\/p>\n<p><br \/><strong>HARMONOGRAM<\/strong><br \/>udzielania nieodp\u0142atnych porad prawnych oraz nieodp\u0142atnego poradnictwa obywatelskiego:<\/p>\n<p><br \/><em>I punkt, w kt\u00f3rym \u015bwiadczona jest nieodp\u0142atna pomoc prawna wraz z nieodp\u0142atn\u0105 mediacj\u0105, prowadzony przez adwokat\u00f3w:<\/em><br \/>Starostwo Powiatowe w Zamo\u015bciu, ul. Przemys\u0142owa 4, I pi\u0119tro, pok\u00f3j 115;<br \/>Poniedzia\u0142ek \u2013 godz. 7:30 \u2013 11:30<br \/>Wtorek \u2013 specjalizacja dy\u017curu \u201ePrawo pracy i ubezpiecze\u0144 spo\u0142ecznych\u201d &#8211; godz. 8:00 &#8211; 12:00<br \/>\u015aroda \u2013 specjalizacja dy\u017curu \u201eNieodp\u0142atna mediacja\u201d &#8211; godz. 7:30 \u2013 11:30<br \/>Czwartek &#8211; specjalizacja dy\u017curu \u201ePrawo karne\u201d\u2013 godz. 7:30 \u2013 11:30<br \/>Pi\u0105tek \u2013 godz. 7:30 \u2013 11:30;<\/p>\n<p><br \/><em>II punkt, w kt\u00f3rym \u015bwiadczona jest nieodp\u0142atna pomoc prawna wraz z nieodp\u0142atn\u0105 mediacj\u0105, prowadzony przez radc\u00f3w prawnych:<\/em><br \/>Starostwo Powiatowe w Zamo\u015bciu, ul. Przemys\u0142owa 4, I pi\u0119tro, pok\u00f3j 115;<br \/>Poniedzia\u0142ek &#8211; specjalizacja dy\u017curu \u201eNieodp\u0142atna mediacja\u201d godz. 11:30 \u2013 15:30<br \/>Wtorek \u2013 specjalizacja dy\u017curu \u201ePrawo karne\u201d- godz. 12:00 &#8211; 16:00<br \/>\u015aroda \u2013 godz. 11:30 \u2013 15:30<br \/>Czwartek- specjalizacja dy\u017curu \u201eNieodp\u0142atna mediacja\u201d \u2013 godz. 11:30 \u2013 15:30<br \/>Pi\u0105tek \u2013 godz. 11:30 \u2013 15:30;<\/p>\n<p><br \/><em>III punkt, w kt\u00f3rym \u015bwiadczona jest nieodp\u0142atna pomoc prawna wraz z nieodp\u0142atn\u0105 mediacj\u0105, prowadzony przez Fundacj\u0119 Rozwoju<\/em><br \/><em>\u015awiadomo\u015bci Obywatelskiej Experto Pro Bono z siedzib\u0105 w Zamo\u015bciu<\/em><br \/><em>O\u015brodek Interwencji Kryzysowej w Szczebrzeszynie, ul. Ogrodowa 14;<\/em><br \/>Poniedzia\u0142ek \u2013 Specjalizacja dy\u017curu \u201ePomoc osobom pokrzywdzonym przest\u0119pstwem\u201d godz. 14:00 &#8211; 18:00<br \/>Wtorek \u2013 godz. 10:00 \u2013 14:00<br \/>\u015aroda \u2013 Specjalizacja dy\u017curu \u201ePomoc ofiarom przemocy, przede wszystkim wobec kobiet i dzieci\u201d &#8211; godz. 14:00 \u2013 18:00<br \/>Czwartek \u2013 Specjalizacja dy\u017curu \u201eNieodp\u0142atna mediacja\u201d \u2013 godz. 12:00 \u2013 16:00<br \/>Pi\u0105tek \u2013 godz. 8:00 \u2013 12:00<\/p>\n<p><br \/><em>IV punkt, w kt\u00f3rym \u015bwiadczone jest nieodp\u0142atne poradnictwo obywatelskie wraz z nieodp\u0142atn\u0105 mediacj\u0105, prowadzony przez Fundacj\u0119<\/em><br \/><em>Rozwoju \u015awiadomo\u015bci Obywatelskiej Experto Pro Bono z siedzib\u0105 w Zamo\u015bciu<\/em><br \/><em>Starostwo Powiatowe w Zamo\u015bciu, ul. Przemys\u0142owa 4, I pi\u0119tro, pok\u00f3j 116;<\/em><br \/>Poniedzia\u0142ek &#8211; Specjalizacja dy\u017curu \u201eNieodp\u0142atna mediacja\u201d &#8211; godz. 7:30 \u2013 11:30<br \/>Wtorek \u2013 Specjalizacja dy\u017curu \u201eOchrona praw konsument\u00f3w\u201d \u2013 godz. 8:00 \u2013 12:00<br \/>\u015aroda &#8211; Specjalizacja dy\u017curu \u201eKredyty, po\u017cyczki (w tym chwil\u00f3wki)\u201d godz. 7:30 \u2013 11:30<br \/>Czwartek \u2013 godz. 7:30 \u2013 11:30<br \/>Pi\u0105tek \u2013 godz. 7:30 \u2013 11:30<\/p>\n<p><br \/><strong>Z dodatkowymi informacjami na temat nieodp\u0142atnego poradnictwa mo\u017cna zapozna\u0107 si\u0119 na stronie Ministerstwa Sprawiedliwo\u015bci:<\/strong><\/p>\n\n\n\n<p><a href=\"http:\/\/darmowapomocprawna.ms.gov.pl\/\"><strong>http:\/\/darmowapomocprawna.ms.gov.pl\/<\/strong><\/a><\/p>\n\n\n\n<p><\/p>\n\n\n\n<div class=\"wp-block-file\"><a href=\"https:\/\/www.labunie.com.pl\/wp-content\/uploads\/2025\/02\/Lista-jednostek-nieodplatnego-poradnictwa-1.pdf\">Lista-jednostek-nieodplatnego-poradnictwa-1<\/a><a href=\"https:\/\/www.labunie.com.pl\/wp-content\/uploads\/2025\/02\/Lista-jednostek-nieodplatnego-poradnictwa-1.pdf\" class=\"wp-block-file__button\" download>Pobierz<\/a><\/div>\n\n\n\n<div class=\"wp-block-file\"><a href=\"https:\/\/www.labunie.com.pl\/wp-content\/uploads\/2025\/02\/Karta_informacyjna_pomoc_osobom_pokrzywdzonym_przestepstwem-1.pdf\">Karta_informacyjna_pomoc_osobom_pokrzywdzonym_przestepstwem-1<\/a><a href=\"https:\/\/www.labunie.com.pl\/wp-content\/uploads\/2025\/02\/Karta_informacyjna_pomoc_osobom_pokrzywdzonym_przestepstwem-1.pdf\" class=\"wp-block-file__button\" download>Pobierz<\/a><\/div>\n\n\n\n<div class=\"wp-block-file\"><a href=\"https:\/\/www.labunie.com.pl\/wp-content\/uploads\/2025\/02\/Wzor-oswiadczenia-o-ktorym-mowa-w-art.-4-ust.-2-ustawy-z-dnia-5-sierpnia-2015-r.-o-nieodplatnej-pomocy-prawnej-nieodplatnym-poradnictwie-obywatelskim-oraz-edukacji-prawnej-1.pdf\">Wzor-oswiadczenia-o-ktorym-mowa-w-art.-4-ust.-2-ustawy-z-dnia-5-sierpnia-2015-r.-o-nieodplatnej-pomocy-prawnej-nieodplatnym-poradnictwie-obywatelskim-oraz-edukacji-prawnej-1<\/a><a href=\"https:\/\/www.labunie.com.pl\/wp-content\/uploads\/2025\/02\/Wzor-oswiadczenia-o-ktorym-mowa-w-art.-4-ust.-2-ustawy-z-dnia-5-sierpnia-2015-r.-o-nieodplatnej-pomocy-prawnej-nieodplatnym-poradnictwie-obywatelskim-oraz-edukacji-prawnej-1.pdf\" class=\"wp-block-file__button\" download>Pobierz<\/a><\/div>\n","protected":false},"excerpt":{"rendered":"<p>Na terenie powiatu zamojskiego dzia\u0142aj\u0105 punkty nieodp\u0142atnej pomocy prawnej oraz nieodp\u0142atnego poradnictwa obywatelskiego,w kt\u00f3rych \u015bwiadczona jest tak\u017ce nieodp\u0142atna mediacja. Punkty mieszcz\u0105 si\u0119 w budynku Starostwa Powiatowego w Zamo\u015bciu,przy ul. Przemys\u0142owej 4 oraz w siedzibie Powiatowego O\u015brodka Interwencji Kryzysowej w Szczebrzeszynie, ul. Ogrodowa 14.W punktach nieodp\u0142atnego poradnictwa zapewniona jest obs\u0142uga os\u00f3b niepe\u0142nosprawnych. W budynkach zapewniony jest [&hellip;]<\/p>\n","protected":false},"author":7,"featured_media":16172,"comment_status":"closed","ping_status":"closed","sticky":false,"template":"","format":"standard","meta":{"footnotes":""},"categories":[1],"tags":[],"class_list":["post-16168","post","type-post","status-publish","format-standard","has-post-thumbnail","hentry","category-wpisy","clearfix"],"_links":{"self":[{"href":"https:\/\/labunie.com.pl\/index.php?rest_route=\/wp\/v2\/posts\/16168","targetHints":{"allow":["GET"]}}],"collection":[{"href":"https:\/\/labunie.com.pl\/index.php?rest_route=\/wp\/v2\/posts"}],"about":[{"href":"https:\/\/labunie.com.pl\/index.php?rest_route=\/wp\/v2\/types\/post"}],"author":[{"embeddable":true,"href":"https:\/\/labunie.com.pl\/index.php?rest_route=\/wp\/v2\/users\/7"}],"replies":[{"embeddable":true,"href":"https:\/\/labunie.com.pl\/index.php?rest_route=%2Fwp%2Fv2%2Fcomments&post=16168"}],"version-history":[{"count":5,"href":"https:\/\/labunie.com.pl\/index.php?rest_route=\/wp\/v2\/posts\/16168\/revisions"}],"predecessor-version":[{"id":39560,"href":"https:\/\/labunie.com.pl\/index.php?rest_route=\/wp\/v2\/posts\/16168\/revisions\/39560"}],"wp:featuredmedia":[{"embeddable":true,"href":"https:\/\/labunie.com.pl\/index.php?rest_route=\/wp\/v2\/media\/16172"}],"wp:attachment":[{"href":"https:\/\/labunie.com.pl\/index.php?rest_route=%2Fwp%2Fv2%2Fmedia&parent=16168"}],"wp:term":[{"taxonomy":"category","embeddable":true,"href":"https:\/\/labunie.com.pl\/index.php?rest_route=%2Fwp%2Fv2%2Fcategories&post=16168"},{"taxonomy":"post_tag","embeddable":true,"href":"https:\/\/labunie.com.pl\/index.php?rest_route=%2Fwp%2Fv2%2Ftags&post=16168"}],"curies":[{"name":"wp","href":"https:\/\/api.w.org\/{rel}","templated":true}]}}