{"id":16196,"date":"2020-01-13T10:42:01","date_gmt":"2020-01-13T09:42:01","guid":{"rendered":"https:\/\/www.labunie.com.pl\/?p=16196"},"modified":"2020-01-14T08:00:17","modified_gmt":"2020-01-14T07:00:17","slug":"zabrzmialy-koledy-i-pastoralki","status":"publish","type":"post","link":"https:\/\/labunie.com.pl\/?p=16196","title":{"rendered":"Zabrzmia\u0142y kol\u0119dy i pastora\u0142ki &#8211; film, zdj\u0119cia"},"content":{"rendered":"\n<p><strong>Ponad 20 wykonawc\u00f3w &#8211; w tym zespo\u0142\u00f3w i solist\u00f3w &#8211; wzi\u0119\u0142o udzia\u0142 w Gminnym Przegl\u0105dzie Kol\u0119d i Pastora\u0142ek w \u0141abuniach. Jedenast\u0105 edycj\u0119 wydarzenia zorganizowa\u0142o Stowarzyszenie Na Rzecz Rozwoju Gminy \u0141abunie we wsp\u00f3\u0142pracy z W\u00f3jtem Gminy- Mariuszem Kukie\u0142k\u0105.<\/strong><\/p>\n\n\n\n<div style=\"height:27px\" aria-hidden=\"true\" class=\"wp-block-spacer\"><\/div>\n\n\n\n<!--more-->\n\n\n\n<p>W \u015bwi\u0105tecznej scenerii zasiedli zaproszeni go\u015bcie: W\u00f3jt Gminy \u0141abunie &#8211; Mariusz Kukie\u0142ka, Przewodnicz\u0105ca Rady Gminy &#8211; El\u017cbieta Ku\u017ama, Wiceprzewodnicz\u0105cy Rady Gminy &#8211; Mariusz Kliza, radna Danuta Bosiak, sekretarz gminy \u0141abunie &#8211; Bogumi\u0142a Maziarczuk, wicedyrektor Szko\u0142y Podstawowej w&nbsp; \u0141abuniach &#8211; Barbara Banaszkiewicz, Dyrektor Hospicjum Santa Galla w \u0141abu\u0144kach Pierwszych &#8211; ks. Micha\u0142 Przybysz,&nbsp; siostry zakonne, nauczyciele, jak zwykle wspania\u0142a publiczno\u015b\u0107 i uczestnicy przegl\u0105du.<br><br>Oficjalnego otwarcia Przegl\u0105du Kol\u0119d i Pastora\u0142ek dokona\u0142a Prezes Stowarzyszenia na Rzecz Rozwoju Gminy \u0141abunie -Halina Piskorz.&nbsp; Wydarzenie prowadzi\u0142a Wioletta Witkowska.<\/p>\n<p><span style=\"color: #000080;\">Warto doda\u0107, \u017ce wydarzenie odbywa\u0142o si\u0119 w wyj\u0105tkowo \u015bwi\u0105tecznej scenerii. To za spraw\u0105 szopki bo\u017conarodzeniowej, kt\u00f3r\u0105 gmina \u0141abunie zawdzi\u0119cza Pani Teresie Mr\u00f3z z Moc\u00f3wki. Artystka ludowa wykona\u0142a figurki ze splot\u00f3w k\u0142os\u00f3w zb\u00f3\u017c. Szopk\u0119 zbudowali so\u0142tys Moc\u00f3wki &#8211; Adrian Waluch oraz Piotr Adamczuk.&nbsp;<\/span><\/p>\n\n\n\n<div style=\"height:36px\" aria-hidden=\"true\" class=\"wp-block-spacer\"><\/div>\n\n\n\n<p><strong>W \u015bwi\u0105teczn\u0105 atmosfer\u0119 wprowadzili mieszka\u0144c\u00f3w gminy wykonawcy:<\/strong><\/p>\n<ul>\n<li>KGW z W\u00f3lki \u0141abu\u0144skiej<\/li>\n<li>Dzieci z Punktu Przedszkolnego w \u0141abuniach<\/li>\n<li>Kornelia \u015alepko<\/li>\n<li>Szymon Winnik<\/li>\n<li>Zesp\u00f3\u0142 \u201e\u0141abu\u0144skie Iskierki\u201d<\/li>\n<li>Emilia Chwedyk<\/li>\n<li>Maja Kuna<\/li>\n<li>KGW z \u0141abu\u0144<\/li>\n<li>Stanis\u0142aw Bo\u0107<\/li>\n<li>Kornelia Semczuk<\/li>\n<li>Amanda Pozna\u0144ska<\/li>\n<li>KGW z Moc\u00f3wki<\/li>\n<li>Natalia Czw\u00f3rnoga<\/li>\n<li>Amelia G\u00f3rska<\/li>\n<li>Julia Ku\u015bmierz<\/li>\n<li>KGW \u201eOgrodniczki\u201d z \u0141abuniek Pierwszych<\/li>\n<li>Kamila Wr\u00f3blewska<\/li>\n<li>Agnieszka Furma\u0144czuk<\/li>\n<li>KGW \u201eBarchaczowskie Super Babki\u201d<\/li>\n<li>Duet ONE<\/li>\n<li>Siostry Franciszkanki Misjonarki Maryi<\/li>\n<\/ul>\n<p>&nbsp;<\/p>\n<p>Wszyscy wykonawcy otrzymali pami\u0105tkowe dyplomy, artystyczne Anio\u0142ki oraz s\u0142odki pocz\u0119stunek.&nbsp;<\/p>\n\n\n\n<div style=\"height:20px\" aria-hidden=\"true\" class=\"wp-block-spacer\"><\/div>\n\n\n\n\n<p>[lg_folder folder=&#8221;20200112\/&#8221; paging=&#8221;false&#8221;]<\/p>\n\n\n<div style=\"height:20px\" aria-hidden=\"true\" class=\"wp-block-spacer\"><\/div>\n\n\n\n\n\n<figure class=\"wp-block-embed-youtube wp-block-embed is-type-video is-provider-youtube wp-embed-aspect-16-9 wp-has-aspect-ratio\"><div class=\"wp-block-embed__wrapper\">\n<iframe loading=\"lazy\" title=\"XI Gminny Przegl\u0105d Kol\u0119d i Pastora\u0142ek w \u0141abuniach\" width=\"1280\" height=\"720\" src=\"https:\/\/www.youtube.com\/embed\/mDKc32lDGgw?feature=oembed\" frameborder=\"0\" allow=\"accelerometer; autoplay; clipboard-write; encrypted-media; gyroscope; picture-in-picture\" allowfullscreen><\/iframe>\n<\/div><figcaption>XI Gminny Przegl\u0105d Kol\u0119d i Pastora\u0142ek<\/figcaption><\/figure>\n","protected":false},"excerpt":{"rendered":"<p>Ponad 20 wykonawc\u00f3w &#8211; w tym zespo\u0142\u00f3w i solist\u00f3w &#8211; wzi\u0119\u0142o udzia\u0142 w Gminnym Przegl\u0105dzie Kol\u0119d i Pastora\u0142ek w \u0141abuniach. Jedenast\u0105 edycj\u0119 wydarzenia zorganizowa\u0142o Stowarzyszenie Na Rzecz Rozwoju Gminy \u0141abunie we wsp\u00f3\u0142pracy z W\u00f3jtem Gminy- Mariuszem Kukie\u0142k\u0105.<\/p>\n","protected":false},"author":11,"featured_media":16199,"comment_status":"closed","ping_status":"closed","sticky":false,"template":"","format":"standard","meta":{"footnotes":""},"categories":[1],"tags":[],"class_list":["post-16196","post","type-post","status-publish","format-standard","has-post-thumbnail","hentry","category-wpisy","clearfix"],"_links":{"self":[{"href":"https:\/\/labunie.com.pl\/index.php?rest_route=\/wp\/v2\/posts\/16196","targetHints":{"allow":["GET"]}}],"collection":[{"href":"https:\/\/labunie.com.pl\/index.php?rest_route=\/wp\/v2\/posts"}],"about":[{"href":"https:\/\/labunie.com.pl\/index.php?rest_route=\/wp\/v2\/types\/post"}],"author":[{"embeddable":true,"href":"https:\/\/labunie.com.pl\/index.php?rest_route=\/wp\/v2\/users\/11"}],"replies":[{"embeddable":true,"href":"https:\/\/labunie.com.pl\/index.php?rest_route=%2Fwp%2Fv2%2Fcomments&post=16196"}],"version-history":[{"count":5,"href":"https:\/\/labunie.com.pl\/index.php?rest_route=\/wp\/v2\/posts\/16196\/revisions"}],"predecessor-version":[{"id":16219,"href":"https:\/\/labunie.com.pl\/index.php?rest_route=\/wp\/v2\/posts\/16196\/revisions\/16219"}],"wp:featuredmedia":[{"embeddable":true,"href":"https:\/\/labunie.com.pl\/index.php?rest_route=\/wp\/v2\/media\/16199"}],"wp:attachment":[{"href":"https:\/\/labunie.com.pl\/index.php?rest_route=%2Fwp%2Fv2%2Fmedia&parent=16196"}],"wp:term":[{"taxonomy":"category","embeddable":true,"href":"https:\/\/labunie.com.pl\/index.php?rest_route=%2Fwp%2Fv2%2Fcategories&post=16196"},{"taxonomy":"post_tag","embeddable":true,"href":"https:\/\/labunie.com.pl\/index.php?rest_route=%2Fwp%2Fv2%2Ftags&post=16196"}],"curies":[{"name":"wp","href":"https:\/\/api.w.org\/{rel}","templated":true}]}}