{"id":16209,"date":"2020-01-13T12:55:32","date_gmt":"2020-01-13T11:55:32","guid":{"rendered":"https:\/\/www.labunie.com.pl\/?p=16209"},"modified":"2020-01-13T12:55:32","modified_gmt":"2020-01-13T11:55:32","slug":"wyobraz-sobie-ferie-bez-pradu","status":"publish","type":"post","link":"https:\/\/labunie.com.pl\/?p=16209","title":{"rendered":"Wyobra\u017a sobie &#8211; ferie bez pr\u0105du"},"content":{"rendered":"\n<p><strong>Wyobra\u017a sobie &#8211; ferie bez pr\u0105du. To has\u0142o tegorocznych wydarze\u0144, kt\u00f3re przez dwa tygodnie zimowych wakacji zorganizuje Biblioteka Publiczna Gminy \u0141abunie. Zapewniamy &#8211; pr\u0105d b\u0119dzie, ale chcemy Wam udowodni\u0107, \u017ce bez telefon\u00f3w, smartfon\u00f3w, tablet\u00f3w da si\u0119 sp\u0119dzi\u0107 wolny czas.<\/strong><\/p>\n\n\n\n<div style=\"height:20px\" aria-hidden=\"true\" class=\"wp-block-spacer\"><\/div>\n\n\n\n<!--more-->\n\n\n\n<p>Wystarczy, \u017ce zajrzycie do \u0142abu\u0144skiej biblioteki. To propozycja dla tych, kt\u00f3rzy tegoroczne ferie sp\u0119dzaj\u0105 w domu i nie planuj\u0105 nigdzie wyjecha\u0107. Co b\u0119dzie si\u0119 dzia\u0142o? Zaj\u0119cia i warsztaty organizowane <strong>spontanicznie<\/strong>. Mo\u017ce sami macie jakie\u015b propozycje? My udowodnimy Wam, \u017ce \u015bwiat rzeczywisty lepszy jest od wirtualnego. To okazja, by skrzykn\u0105\u0107 swoich koleg\u00f3w i kole\u017canki i na przyk\u0142ad wsp\u00f3lnie wybra\u0107 si\u0119 na kolorowe ferie pe\u0142ne dobrej zabawy i pozytywnej atmosfery. Kiedy? Sp\u00f3jrzcie na poni\u017cszy plakat.<\/p>\n\n\n\n<div style=\"height:20px\" aria-hidden=\"true\" class=\"wp-block-spacer\"><\/div>\n\n\n\n<figure class=\"wp-block-image\"><img loading=\"lazy\" decoding=\"async\" width=\"1024\" height=\"694\" src=\"https:\/\/www.labunie.com.pl\/wp-content\/uploads\/2020\/01\/Image00001-11-1024x694.jpg\" alt=\"\" class=\"wp-image-16210\" srcset=\"https:\/\/labunie.com.pl\/wp-content\/uploads\/2020\/01\/Image00001-11-1024x694.jpg 1024w, https:\/\/labunie.com.pl\/wp-content\/uploads\/2020\/01\/Image00001-11-300x203.jpg 300w, https:\/\/labunie.com.pl\/wp-content\/uploads\/2020\/01\/Image00001-11-768x521.jpg 768w, https:\/\/labunie.com.pl\/wp-content\/uploads\/2020\/01\/Image00001-11.jpg 2000w\" sizes=\"auto, (max-width: 1024px) 100vw, 1024px\" \/><\/figure>\n","protected":false},"excerpt":{"rendered":"<p>Wyobra\u017a sobie &#8211; ferie bez pr\u0105du. To has\u0142o tegorocznych wydarze\u0144, kt\u00f3re przez dwa tygodnie zimowych wakacji zorganizuje Biblioteka Publiczna Gminy \u0141abunie. Zapewniamy &#8211; pr\u0105d b\u0119dzie, ale chcemy Wam udowodni\u0107, \u017ce bez telefon\u00f3w, smartfon\u00f3w, tablet\u00f3w da si\u0119 sp\u0119dzi\u0107 wolny czas.<\/p>\n","protected":false},"author":11,"featured_media":16211,"comment_status":"closed","ping_status":"closed","sticky":false,"template":"","format":"standard","meta":{"footnotes":""},"categories":[1],"tags":[],"class_list":["post-16209","post","type-post","status-publish","format-standard","has-post-thumbnail","hentry","category-wpisy","clearfix"],"_links":{"self":[{"href":"https:\/\/labunie.com.pl\/index.php?rest_route=\/wp\/v2\/posts\/16209","targetHints":{"allow":["GET"]}}],"collection":[{"href":"https:\/\/labunie.com.pl\/index.php?rest_route=\/wp\/v2\/posts"}],"about":[{"href":"https:\/\/labunie.com.pl\/index.php?rest_route=\/wp\/v2\/types\/post"}],"author":[{"embeddable":true,"href":"https:\/\/labunie.com.pl\/index.php?rest_route=\/wp\/v2\/users\/11"}],"replies":[{"embeddable":true,"href":"https:\/\/labunie.com.pl\/index.php?rest_route=%2Fwp%2Fv2%2Fcomments&post=16209"}],"version-history":[{"count":4,"href":"https:\/\/labunie.com.pl\/index.php?rest_route=\/wp\/v2\/posts\/16209\/revisions"}],"predecessor-version":[{"id":16215,"href":"https:\/\/labunie.com.pl\/index.php?rest_route=\/wp\/v2\/posts\/16209\/revisions\/16215"}],"wp:featuredmedia":[{"embeddable":true,"href":"https:\/\/labunie.com.pl\/index.php?rest_route=\/wp\/v2\/media\/16211"}],"wp:attachment":[{"href":"https:\/\/labunie.com.pl\/index.php?rest_route=%2Fwp%2Fv2%2Fmedia&parent=16209"}],"wp:term":[{"taxonomy":"category","embeddable":true,"href":"https:\/\/labunie.com.pl\/index.php?rest_route=%2Fwp%2Fv2%2Fcategories&post=16209"},{"taxonomy":"post_tag","embeddable":true,"href":"https:\/\/labunie.com.pl\/index.php?rest_route=%2Fwp%2Fv2%2Ftags&post=16209"}],"curies":[{"name":"wp","href":"https:\/\/api.w.org\/{rel}","templated":true}]}}