{"id":16308,"date":"2020-01-21T11:54:17","date_gmt":"2020-01-21T10:54:17","guid":{"rendered":"https:\/\/www.labunie.com.pl\/?p=16308"},"modified":"2020-01-22T07:21:55","modified_gmt":"2020-01-22T06:21:55","slug":"jaselka-w-majdanie-ruszowskim-5","status":"publish","type":"post","link":"https:\/\/labunie.com.pl\/?p=16308","title":{"rendered":"Jase\u0142ka w Majdanie Ruszowskim"},"content":{"rendered":"\n<p><strong>W \u015bwi\u0105tecznej scenerii w niedziel\u0119, 19 stycznia odby\u0142y si\u0119 Jase\u0142ka w Majdanie Ruszowskim. Widowisko na sta\u0142e wpisa\u0142o si\u0119 w kalendarz wydarze\u0144 organizowanych w tej miejscowo\u015bci.<\/strong><\/p>\n\n\n\n<div style=\"height:52px\" aria-hidden=\"true\" class=\"wp-block-spacer\"><\/div>\n\n\n\n<!--more-->\n\n\n\n<p>Jase\u0142ka poprzedzi\u0142a msza \u015bw. odprawiona w miejscowej kaplicy przez proboszcza \u0142abu\u0144skiej parafii &#8211; ks. Andrzeja \u0141uszcza. Po nabo\u017ce\u0144stwie w remizie OSP rozpocz\u0119\u0142y si\u0119 tradycyjne Jase\u0142ka w wykonaniu najm\u0142odszych mieszka\u0144c\u00f3w Majdanu Ruszowskiego. Du\u017cym zaanga\u017cowaniem wykazali si\u0119 rodzice oraz dzieci, kt\u00f3rzy stworzyli scenografi\u0119 do wspomnianego wydarzenia.<\/p>\n<p>Po przedstawieniu by\u0142 pocz\u0119stunek dla wszystkich przyby\u0142ych go\u015bci przygotowany przez panie z KGW w Majdanie Ruszowskim. Dla dzieci zosta\u0142y zorganizowane zabawy z animatorkami oraz spotkanie ze \u015aw. Miko\u0142ajem.<\/p>\n<p>W Jase\u0142kach wyst\u0105pili: Narrator &#8211; Nikola Branecka, Maryja &#8211; Maja \u0106wik, J\u00f3zef &#8211; Patryk Jandu\u0142a, Kr\u00f3lowie &#8211; Krzysio S\u0142upski, Grzesio Byczek, Kuba Pro\u0107; Anio\u0142ki &#8211; Magda Lalik, Lidka Jandu\u0142a, Julka Bryk, Lena Branecka; \u017bo\u0142nierz &#8211; Jarek Bosiak, Pasterze -Marcel Branecki, Mateusz Bosiak, Rafa\u0142 Bosiak, Daniel Jandu\u0142a, Kuba Lalik, Kacper Branecki; Dzieci &#8211; Franek Kierepka, Madzia Byczek, Lila Kierepka, Natalka \u0106wik; Mieszka\u0144cy\/Gospodarze &#8211; Kuba Chwiejczak, Nikola Branecka, Jarek Bosiak.<\/p>\n<p>Obecni na przedstawieniu go\u015bcie: W\u00f3jt Gminy \u0141abunie &#8211; Mariusz Kukie\u0142ka, proboszcz parafii \u0141abunie ksi\u0105dz Andrzej \u0141uszcz, Przewodnicz\u0105ca Rady Gminy \u0141abunie &#8211; El\u017cbieta Ku\u017ama, Zast\u0119pca Przewodnicz\u0105cej Rady Gminy \u0141abunie &#8211; Mariusz Kliza, Kierownik Posterunku Policji w \u0141abuniach &#8211; asp. szt. Zbigniew Byczek, Radny Jacek Antoniewicz, So\u0142tys &#8211; Roman Krupa.<\/p>\n<p>Organizatorami Jase\u0142ek byli: W\u00f3jt Gminy \u0141abunie, KGW Majdan Ruszowski, Rada So\u0142ecka Majdan Ruszowski, OSP Majdan Ruszowski oraz rodzice.<\/p>\n\n\n\n<div style=\"height:20px\" aria-hidden=\"true\" class=\"wp-block-spacer\"><\/div>\n\n\n\n<p>[lg_folder folder=&#8221;20200119b\/&#8221; paging=&#8221;false&#8221;]<\/p>\n\n\n\n<div style=\"height:20px\" aria-hidden=\"true\" class=\"wp-block-spacer\"><\/div>\n","protected":false},"excerpt":{"rendered":"<p>W \u015bwi\u0105tecznej scenerii w niedziel\u0119, 19 stycznia odby\u0142y si\u0119 Jase\u0142ka w Majdanie Ruszowskim. Widowisko na sta\u0142e wpisa\u0142o si\u0119 w kalendarz wydarze\u0144 organizowanych w tej miejscowo\u015bci.<\/p>\n","protected":false},"author":11,"featured_media":16327,"comment_status":"closed","ping_status":"closed","sticky":false,"template":"","format":"standard","meta":{"footnotes":""},"categories":[1],"tags":[],"class_list":["post-16308","post","type-post","status-publish","format-standard","has-post-thumbnail","hentry","category-wpisy","clearfix"],"_links":{"self":[{"href":"https:\/\/labunie.com.pl\/index.php?rest_route=\/wp\/v2\/posts\/16308","targetHints":{"allow":["GET"]}}],"collection":[{"href":"https:\/\/labunie.com.pl\/index.php?rest_route=\/wp\/v2\/posts"}],"about":[{"href":"https:\/\/labunie.com.pl\/index.php?rest_route=\/wp\/v2\/types\/post"}],"author":[{"embeddable":true,"href":"https:\/\/labunie.com.pl\/index.php?rest_route=\/wp\/v2\/users\/11"}],"replies":[{"embeddable":true,"href":"https:\/\/labunie.com.pl\/index.php?rest_route=%2Fwp%2Fv2%2Fcomments&post=16308"}],"version-history":[{"count":4,"href":"https:\/\/labunie.com.pl\/index.php?rest_route=\/wp\/v2\/posts\/16308\/revisions"}],"predecessor-version":[{"id":16337,"href":"https:\/\/labunie.com.pl\/index.php?rest_route=\/wp\/v2\/posts\/16308\/revisions\/16337"}],"wp:featuredmedia":[{"embeddable":true,"href":"https:\/\/labunie.com.pl\/index.php?rest_route=\/wp\/v2\/media\/16327"}],"wp:attachment":[{"href":"https:\/\/labunie.com.pl\/index.php?rest_route=%2Fwp%2Fv2%2Fmedia&parent=16308"}],"wp:term":[{"taxonomy":"category","embeddable":true,"href":"https:\/\/labunie.com.pl\/index.php?rest_route=%2Fwp%2Fv2%2Fcategories&post=16308"},{"taxonomy":"post_tag","embeddable":true,"href":"https:\/\/labunie.com.pl\/index.php?rest_route=%2Fwp%2Fv2%2Ftags&post=16308"}],"curies":[{"name":"wp","href":"https:\/\/api.w.org\/{rel}","templated":true}]}}