{"id":16312,"date":"2020-01-21T11:54:07","date_gmt":"2020-01-21T10:54:07","guid":{"rendered":"https:\/\/www.labunie.com.pl\/?p=16312"},"modified":"2020-01-21T11:54:07","modified_gmt":"2020-01-21T10:54:07","slug":"karnawal-w-labuniach","status":"publish","type":"post","link":"https:\/\/labunie.com.pl\/?p=16312","title":{"rendered":"Karnawa\u0142 w \u0141abuniach"},"content":{"rendered":"\n<p><strong>Z sezonu karnawa\u0142owego, jak si\u0119 okazuje, potrafi\u0105 si\u0119 cieszy\u0107 nie tylko doro\u015bli. Rado\u015b\u0107, \u015bmiech i zabawa zago\u015bci\u0142y r\u00f3wnie\u017c na Balu Karnawa\u0142owym w Domu Kultury w \u0141abuniach, w kt\u00f3rym udzia\u0142 wzi\u0119\u0142a prawie setka dzieci z gminy \u0141abunie.<\/strong> <\/p>\n<p>&nbsp;<\/p>\n\n\n\n<div style=\"height:61px\" aria-hidden=\"true\" class=\"wp-block-spacer\"><\/div>\n\n\n\n<!--more-->\n\n\n\n<p>Bal Karnawa\u0142owy odby\u0142 si\u0119 w sobot\u0119, 18 stycznia. Tego dnia dla najm\u0142odszych przygotowano pocz\u0119stunek i \u0142akocie. Dzieci mog\u0142y wzi\u0105\u0107 r\u00f3wnie\u017c udzia\u0142 w zabawach takich jak zagadki czy taniec z balonem. Nie mog\u0142o r\u00f3wnie\u017c zabrakn\u0105\u0107 Miko\u0142aja, kt\u00f3ry rozdawa\u0142 prezenty.<\/p>\n<p>Organizatorzy Balu Karnawa\u0142owego: KGW i Rada So\u0142ecka w \u0141auniach.<\/p>\n<p><em><strong><span style=\"color: #ff0000;\">Tymczasem szykuje si\u0119 kolejne karnawa\u0142owe wydarzenie dla dzieci z gminy \u0141abunie. Organizuje je W\u00f3jt Gminy i KGW Barchacz\u00f3w. Tu zabawa choinkowa odb\u0119dzie si\u0119 2 lutego o godz. 14.00 w \u015bwietlicy w Barchaczowie. Jak czytamy na fb profilu KGW Barchacz\u00f3w, w programie znajd\u0105 si\u0119 gry, zabawy, s\u0142odki pocz\u0119stunek, pizza a na zako\u0144czenie przyb\u0119dzie Miko\u0142aj z prezentami. <\/span><span class=\"text_exposed_show\"><span style=\"color: #ff0000;\">Zapisy do 25 stycznia pod nr tel 500-237-427.<\/span> <\/span><\/strong><\/em><\/p>\n<p>\u00a0<\/p>\n\n\n\n<div style=\"height:20px\" aria-hidden=\"true\" class=\"wp-block-spacer\"><\/div>\n\n\n<p>[lg_folder folder=&#8221;20200118\/&#8221; paging=&#8221;false&#8221;]<\/p>\n\n\n<div style=\"height:20px\" aria-hidden=\"true\" class=\"wp-block-spacer\"><\/div>\n","protected":false},"excerpt":{"rendered":"<p>Z sezonu karnawa\u0142owego, jak si\u0119 okazuje, potrafi\u0105 si\u0119 cieszy\u0107 nie tylko doro\u015bli. Rado\u015b\u0107, \u015bmiech i zabawa zago\u015bci\u0142y r\u00f3wnie\u017c na Balu Karnawa\u0142owym w Domu Kultury w \u0141abuniach, w kt\u00f3rym udzia\u0142 wzi\u0119\u0142a prawie setka dzieci z gminy \u0141abunie. &nbsp;<\/p>\n","protected":false},"author":11,"featured_media":16325,"comment_status":"closed","ping_status":"closed","sticky":false,"template":"","format":"standard","meta":{"footnotes":""},"categories":[1],"tags":[],"class_list":["post-16312","post","type-post","status-publish","format-standard","has-post-thumbnail","hentry","category-wpisy","clearfix"],"_links":{"self":[{"href":"https:\/\/labunie.com.pl\/index.php?rest_route=\/wp\/v2\/posts\/16312","targetHints":{"allow":["GET"]}}],"collection":[{"href":"https:\/\/labunie.com.pl\/index.php?rest_route=\/wp\/v2\/posts"}],"about":[{"href":"https:\/\/labunie.com.pl\/index.php?rest_route=\/wp\/v2\/types\/post"}],"author":[{"embeddable":true,"href":"https:\/\/labunie.com.pl\/index.php?rest_route=\/wp\/v2\/users\/11"}],"replies":[{"embeddable":true,"href":"https:\/\/labunie.com.pl\/index.php?rest_route=%2Fwp%2Fv2%2Fcomments&post=16312"}],"version-history":[{"count":4,"href":"https:\/\/labunie.com.pl\/index.php?rest_route=\/wp\/v2\/posts\/16312\/revisions"}],"predecessor-version":[{"id":16328,"href":"https:\/\/labunie.com.pl\/index.php?rest_route=\/wp\/v2\/posts\/16312\/revisions\/16328"}],"wp:featuredmedia":[{"embeddable":true,"href":"https:\/\/labunie.com.pl\/index.php?rest_route=\/wp\/v2\/media\/16325"}],"wp:attachment":[{"href":"https:\/\/labunie.com.pl\/index.php?rest_route=%2Fwp%2Fv2%2Fmedia&parent=16312"}],"wp:term":[{"taxonomy":"category","embeddable":true,"href":"https:\/\/labunie.com.pl\/index.php?rest_route=%2Fwp%2Fv2%2Fcategories&post=16312"},{"taxonomy":"post_tag","embeddable":true,"href":"https:\/\/labunie.com.pl\/index.php?rest_route=%2Fwp%2Fv2%2Ftags&post=16312"}],"curies":[{"name":"wp","href":"https:\/\/api.w.org\/{rel}","templated":true}]}}