{"id":16387,"date":"2020-01-29T07:24:24","date_gmt":"2020-01-29T06:24:24","guid":{"rendered":"https:\/\/www.labunie.com.pl\/?p=16387"},"modified":"2020-01-29T07:24:24","modified_gmt":"2020-01-29T06:24:24","slug":"ferie-bez-pradu","status":"publish","type":"post","link":"https:\/\/labunie.com.pl\/?p=16387","title":{"rendered":"Ferie bez pr\u0105du"},"content":{"rendered":"\n<p><strong>Biblioteka Publiczna Gminy \u0141abunie zorganizowa\u0142a w dniach 14-23 stycznia \u201eFerie bez pr\u0105du\u201d. 7 dni spotka\u0144 bez komputera, smartfonu czy innych tablet\u00f3w. Uda\u0142o si\u0119. Chocia\u017c kiedy pierwszego dnia pojawi\u0142a si\u0119 tylko jedna osoba \u2013 w dodatku spoza gminy &#8211; wydawa\u0142o si\u0119 nam, \u017ce ca\u0142a m\u0142odzie\u017c \u0142abu\u0144ska wch\u0142oni\u0119ta zosta\u0142a po czubki palc\u00f3w w wirtualn\u0105 nierzeczywisto\u015b\u0107. Mylili\u015bmy si\u0119. \u015arednia dzienna to 8 uczestnik\u00f3w. \u0141\u0105cznie w kreatywnych spotkaniach w bibliotece wzi\u0119\u0142o udzia\u0142 17 r\u00f3\u017cnych os\u00f3b. <br><\/strong><\/p>\n\n\n\n<div style=\"height:57px\" aria-hidden=\"true\" class=\"wp-block-spacer\"><\/div>\n\n\n\n<!--more-->\n\n\n\n<p>Zaj\u0119cia dodatkowe wykraczaj\u0105ce poza szkolne szablony pozwala\u0142y uczestnikom <em>Ferii bez pr\u0105du <\/em>na nieskr\u0119powan\u0105 dowolno\u015b\u0107 w sp\u0119dzaniu wolnego czasu. Spotkania w bibliotece by\u0142y okazj\u0105 do zapoznania si\u0119 ze zbiorami biblioteki, zwiedzenia skarb\u00f3w z Izby Muzealnej, kreatywnego potworzenia, pisania na maszynie i nauki zachowa\u0144 ekologicznych pod czujnym okiem studentek. Zabawy z kartk\u0105, kredk\u0105, o\u0142\u00f3wkiem, ale przede wszystkim spotkania oko w oko z cz\u0142owiekiem nale\u017c\u0105 do rzadko\u015bci. Szyli\u015bmy, malowali\u015bmy, wycinali\u015bmy, kleili\u015bmy, rysowali\u015bmy, segregowali\u015bmy, grali\u015bmy w plansz\u00f3wki, rozmawiali\u015bmy, bawili\u015bmy si\u0119 \u2013 a wszystko po to aby zaprzeczy\u0107 powszechnie przyj\u0119temu stereotypowi, \u017ce rzeczywisto\u015b\u0107 wirtualnieje przed naszymi oczami. Kwiaty z bibu\u0142y, laurki dla Babci i Dziadka, labirynty, \u0142amig\u0142\u00f3wki, maski, origami, zagadki czyli dla ka\u017cdego co\u015b innego. Byle tylko nie marudzi\u0107 i nie nudzi\u0107 si\u0119, cho\u0107 ubrudzi\u0107 czasem i owszem. Faktem jest, \u017ce nasze pociechy wymagaj\u0105 sta\u0142ego zaj\u0119cia, \u017ce szybko si\u0119 nudz\u0105, \u017ce nie jest im \u0142atwo skupi\u0107 si\u0119 na d\u0142u\u017cej nad jedn\u0105 czynno\u015bci\u0105. Mo\u017ce nie jest jeszcze za p\u00f3\u017ano. Szanowny Rodzicu &#8211; dawaj dziecku zabawki nap\u0119dzane wyobra\u017ani\u0105! Zaryzykuj.<\/p>\n<p>Na <em>Ferie bez pr\u0105du<\/em> przybyli na Orzechow\u0105: Julka, Weronika, Milenka, Maja, Oliwia, Oliwka, Lena, Wojtek, Natalka, Martynka, Gabrysia, Lenka, Mateusz, Wiktoria, Wiktor, Natalka, Dawid. Dzi\u0119kujemy! Zapowiedzieli powr\u00f3t \u2013 za rok, a mo\u017ce w wakacje. Stacja kreatywna \u2013 biblioteka. Zapraszamy do nas, nie tylko po ksi\u0105\u017cki. Stacja \u201e<em>poci\u0105gu do ksi\u0105\u017cek<\/em>\u201d ko\u0144czy si\u0119 tam, gdzie ko\u0144czy si\u0119 wyobra\u017ania, a ta mo\u017ce nie mie\u0107 granic. Biblioteka jest w tym poci\u0105gu lokomotyw\u0105, wagony to jej zasoby, ale nap\u0119dzana jest Czytelnikami. Przychod\u017acie do nas. Wypo\u017cyczajcie i czytajcie \u2013 sobie, dzieciom, kotu\u2026 ka\u017cdemu, kto chce s\u0142ucha\u0107.<\/p>\n<p>\u0179r\u00f3d\u0142o: Biblioteka Publiczna Gminy \u0141abunie<\/p>\n\n\n\n<div style=\"height:20px\" aria-hidden=\"true\" class=\"wp-block-spacer\"><\/div>\n\n\n\n<p>[lg_folder folder=&#8221;20200126 ferie bez pradu\/&#8221; paging=&#8221;false&#8221;]<\/p>\n","protected":false},"excerpt":{"rendered":"<p>Biblioteka Publiczna Gminy \u0141abunie zorganizowa\u0142a w dniach 14-23 stycznia \u201eFerie bez pr\u0105du\u201d. 7 dni spotka\u0144 bez komputera, smartfonu czy innych tablet\u00f3w. Uda\u0142o si\u0119. Chocia\u017c kiedy pierwszego dnia pojawi\u0142a si\u0119 tylko jedna osoba \u2013 w dodatku spoza gminy &#8211; wydawa\u0142o si\u0119 nam, \u017ce ca\u0142a m\u0142odzie\u017c \u0142abu\u0144ska wch\u0142oni\u0119ta zosta\u0142a po czubki palc\u00f3w w wirtualn\u0105 nierzeczywisto\u015b\u0107. Mylili\u015bmy si\u0119. [&hellip;]<\/p>\n","protected":false},"author":11,"featured_media":16390,"comment_status":"closed","ping_status":"closed","sticky":false,"template":"","format":"standard","meta":{"footnotes":""},"categories":[1],"tags":[],"class_list":["post-16387","post","type-post","status-publish","format-standard","has-post-thumbnail","hentry","category-wpisy","clearfix"],"_links":{"self":[{"href":"https:\/\/labunie.com.pl\/index.php?rest_route=\/wp\/v2\/posts\/16387","targetHints":{"allow":["GET"]}}],"collection":[{"href":"https:\/\/labunie.com.pl\/index.php?rest_route=\/wp\/v2\/posts"}],"about":[{"href":"https:\/\/labunie.com.pl\/index.php?rest_route=\/wp\/v2\/types\/post"}],"author":[{"embeddable":true,"href":"https:\/\/labunie.com.pl\/index.php?rest_route=\/wp\/v2\/users\/11"}],"replies":[{"embeddable":true,"href":"https:\/\/labunie.com.pl\/index.php?rest_route=%2Fwp%2Fv2%2Fcomments&post=16387"}],"version-history":[{"count":2,"href":"https:\/\/labunie.com.pl\/index.php?rest_route=\/wp\/v2\/posts\/16387\/revisions"}],"predecessor-version":[{"id":16389,"href":"https:\/\/labunie.com.pl\/index.php?rest_route=\/wp\/v2\/posts\/16387\/revisions\/16389"}],"wp:featuredmedia":[{"embeddable":true,"href":"https:\/\/labunie.com.pl\/index.php?rest_route=\/wp\/v2\/media\/16390"}],"wp:attachment":[{"href":"https:\/\/labunie.com.pl\/index.php?rest_route=%2Fwp%2Fv2%2Fmedia&parent=16387"}],"wp:term":[{"taxonomy":"category","embeddable":true,"href":"https:\/\/labunie.com.pl\/index.php?rest_route=%2Fwp%2Fv2%2Fcategories&post=16387"},{"taxonomy":"post_tag","embeddable":true,"href":"https:\/\/labunie.com.pl\/index.php?rest_route=%2Fwp%2Fv2%2Ftags&post=16387"}],"curies":[{"name":"wp","href":"https:\/\/api.w.org\/{rel}","templated":true}]}}