{"id":16396,"date":"2020-01-29T07:35:50","date_gmt":"2020-01-29T06:35:50","guid":{"rendered":"https:\/\/www.labunie.com.pl\/?p=16396"},"modified":"2020-01-31T13:25:40","modified_gmt":"2020-01-31T12:25:40","slug":"czytelnik-roku-2019-podsumowanie","status":"publish","type":"post","link":"https:\/\/labunie.com.pl\/?p=16396","title":{"rendered":"Czytelnik Roku 2019 &#8211; podsumowanie"},"content":{"rendered":"\n<p><strong>Jakie ksi\u0105\u017cki najcz\u0119\u015bciej by\u0142y wypo\u017cyczane z \u0142abu\u0144skiej biblioteki przez mieszka\u0144c\u00f3w gminy? Jaka okaza\u0142a si\u0119 hitem 2019? Kto wypo\u017cyczy\u0142 najwi\u0119cej ksi\u0105\u017cek? Odkrywamy statystyczne karty Biblioteki Publicznej Gminy \u0141abunie. Plac\u00f3wka opracowa\u0142a roczne zestawienie tego, co si\u0119 czyta, ile si\u0119 czyta i kto tak na prawd\u0119 zamiast tableta, komputera czy telewizora wybiera ksi\u0105\u017cki.<\/strong><\/p>\n\n\n\n<div style=\"height:39px\" aria-hidden=\"true\" class=\"wp-block-spacer\"><\/div>\n\n\n\n<!--more-->\n\n\n\n<p>Czytelniczym Hitem w bibliotece w \u0141abuniach by\u0142y przede wszystkim ksi\u0105\u017cki dotycz\u0105ce regionu \u2013 \u201e<em>Obro\u0144cy rodzinnych strzech\u201d<\/em> Lucjana Momota \u2013 46 wypo\u017cycze\u0144, <em>\u201eWok\u00f3\u0142 dworu i pa\u0142acu w \u0141abu\u0144kach 1771 \u2013 1944\u201d<\/em> Agnieszki Szyku\u0142y-\u017bygawskiej \u2013 41. \u201e<em>Medytacje nad \u017cyciem. W s\u0142u\u017cbie bogu i ludziom\u201d<\/em> siostry Ireny Murawskiej FMM kt\u00f3re od wrze\u015bnia do ko\u0144ca grudnia wypo\u017cyczono 24 razy. Nies\u0142abn\u0105cym zainteresowaniem ciesz\u0105 si\u0119 \u0142abu\u0144skie zeszyty historyczne czyli \u201e<em>Przyczynki do poznania dziej\u00f3w gminy \u0141abunie\u201d. <\/em>W\u015br\u00f3d lektur szkolnych najcz\u0119\u015bciej wypo\u017cyczano <em>Ch\u0142opc\u00f3w z placu broni<\/em>, <em>Hobbita<\/em>, <em>Ma\u0142ego ksi\u0119cia. <\/em>W czo\u0142\u00f3wce utrzymuj\u0105 si\u0119 Mickiewicz, \u017beromski, Sienkiewicz. 21 razy wypo\u017cyczono <em>Ma\u0142\u0105 zag\u0142ad\u0119<\/em> Anny Janko. Popularne s\u0105 takie autorki jak Garga\u015b, Fr\u0105czyk i Michalak, Mirek, Wilczy\u0144ska i autorzy Darda, Koper, Sumli\u0144ski, Krajewski. Na fali noblowskiego sukcesu z p\u00f3\u0142ek znikn\u0119\u0142y wszystkie ksi\u0105\u017cki Olgi Tokarczuk. Z 1045 czytelnik\u00f3w zarejestrowanych w bibliotece w \u0141abuniach 20 najaktywniejszych nagrodzili\u015bmy tytu\u0142em <strong>Czytelnik Roku 2019<\/strong>. Liderem w\u015br\u00f3d czytelnik\u00f3w doros\u0142ych jest Krzysztof Wasiura &#8211; 435 wypo\u017cycze\u0144, w\u015br\u00f3d przedszkolak\u00f3w Pawe\u0142 Niedzia\u0142kowski z 328 ksi\u0105\u017ckami. Ponad 200 pozycji wypo\u017cyczyli Jadwiga Burdzy \u2013 212 i Janusz Kasztankiewicz \u2013 206. Ponad sto ksi\u0105\u017cek przeczytali Mateusz Burdzy \u2013 182, Grzegorz Murmyd\u0142owski &#8211; 167, Ewa Pokryszka \u2013 147, Julia Prus \u2013 128, Jadwiga D\u0119bkowska 127 i Kornelia \u015alepko &#8211; 119. W\u015br\u00f3d wyr\u00f3\u017cnionych tytu\u0142em <strong>Czytelnik Roku 2019<\/strong> znale\u017ali si\u0119 tak\u017ce Pola Ju\u015b, Pola Lewicka, Filip Kawka, Gabriela \u017bygawska, Antonina Burdzy, Jakub Bil, Edyta Wichrowska, Wojciech Rozkres, Antoni Szyku\u0142a i Mateusz Radzik. Ka\u017cdy z Czytelnik\u00f3w w swojej kategorii wiekowej.<\/p>\n<p>Dzi\u0119kujemy za to, \u017ce z ksi\u0105\u017ck\u0105 jeste\u015bcie na Ty, bo nic, jak ksi\u0105\u017cka rozwija wyobra\u017ani\u0119, kszta\u0142tuje mow\u0119, ubogaca nasz j\u0119zyk, a czasami uczy i wychowuje.<\/p>\n<p style=\"text-align: center;\"><span style=\"color: #ffff00; background-color: #000000;\"><strong>Na Orzechow\u0105 zagl\u0105da\u0107 jest zdrowo!<\/strong><\/span><\/p>\n<p>\u0179r\u00f3d\u0142o: Biblioteka Publiczna Gminy \u0141abunie<\/p>\n","protected":false},"excerpt":{"rendered":"<p>Jakie ksi\u0105\u017cki najcz\u0119\u015bciej by\u0142y wypo\u017cyczane z \u0142abu\u0144skiej biblioteki przez mieszka\u0144c\u00f3w gminy? Jaka okaza\u0142a si\u0119 hitem 2019? Kto wypo\u017cyczy\u0142 najwi\u0119cej ksi\u0105\u017cek? Odkrywamy statystyczne karty Biblioteki Publicznej Gminy \u0141abunie. Plac\u00f3wka opracowa\u0142a roczne zestawienie tego, co si\u0119 czyta, ile si\u0119 czyta i kto tak na prawd\u0119 zamiast tableta, komputera czy telewizora wybiera ksi\u0105\u017cki.<\/p>\n","protected":false},"author":11,"featured_media":16398,"comment_status":"closed","ping_status":"closed","sticky":false,"template":"","format":"standard","meta":{"footnotes":""},"categories":[1],"tags":[],"class_list":["post-16396","post","type-post","status-publish","format-standard","has-post-thumbnail","hentry","category-wpisy","clearfix"],"_links":{"self":[{"href":"https:\/\/labunie.com.pl\/index.php?rest_route=\/wp\/v2\/posts\/16396","targetHints":{"allow":["GET"]}}],"collection":[{"href":"https:\/\/labunie.com.pl\/index.php?rest_route=\/wp\/v2\/posts"}],"about":[{"href":"https:\/\/labunie.com.pl\/index.php?rest_route=\/wp\/v2\/types\/post"}],"author":[{"embeddable":true,"href":"https:\/\/labunie.com.pl\/index.php?rest_route=\/wp\/v2\/users\/11"}],"replies":[{"embeddable":true,"href":"https:\/\/labunie.com.pl\/index.php?rest_route=%2Fwp%2Fv2%2Fcomments&post=16396"}],"version-history":[{"count":5,"href":"https:\/\/labunie.com.pl\/index.php?rest_route=\/wp\/v2\/posts\/16396\/revisions"}],"predecessor-version":[{"id":16417,"href":"https:\/\/labunie.com.pl\/index.php?rest_route=\/wp\/v2\/posts\/16396\/revisions\/16417"}],"wp:featuredmedia":[{"embeddable":true,"href":"https:\/\/labunie.com.pl\/index.php?rest_route=\/wp\/v2\/media\/16398"}],"wp:attachment":[{"href":"https:\/\/labunie.com.pl\/index.php?rest_route=%2Fwp%2Fv2%2Fmedia&parent=16396"}],"wp:term":[{"taxonomy":"category","embeddable":true,"href":"https:\/\/labunie.com.pl\/index.php?rest_route=%2Fwp%2Fv2%2Fcategories&post=16396"},{"taxonomy":"post_tag","embeddable":true,"href":"https:\/\/labunie.com.pl\/index.php?rest_route=%2Fwp%2Fv2%2Ftags&post=16396"}],"curies":[{"name":"wp","href":"https:\/\/api.w.org\/{rel}","templated":true}]}}