{"id":16450,"date":"2020-02-11T08:40:38","date_gmt":"2020-02-11T07:40:38","guid":{"rendered":"https:\/\/www.labunie.com.pl\/?p=16450"},"modified":"2020-02-11T08:44:11","modified_gmt":"2020-02-11T07:44:11","slug":"pelna-mobilizacja-glosujemy-na-pania-haline-piskorz","status":"publish","type":"post","link":"https:\/\/labunie.com.pl\/?p=16450","title":{"rendered":"Pe\u0142na mobilizacja &#8211; g\u0142osujemy na Pani\u0105 Halin\u0119 Piskorz z \u0141abu\u0144!"},"content":{"rendered":"\n<p><strong>Dzisiaj ostatni dzie\u0144 g\u0142osowania w plebiscycie Kuriera Lubelskiego &#8220;Osobowo\u015b\u0107 Roku 2019&#8221;. Mieszka\u0144cy gminy \u0141abunie &#8211; mobilizujemy si\u0119 i\u00a0 g\u0142osujemy na instruktork\u0119 oraz opiekunk\u0119 zespo\u0142u \u0141abu\u0144skie Iskierki, Pani\u0105 Halin\u0119 Piskorz z \u0141abu\u0144. Ma szans\u0119 zdoby\u0107 tytu\u0142 Osobowo\u015b\u0107 Roku 2019 w kategorii Kultura.\u00a0<\/strong><\/p>\n\n\n\n<div style=\"height:38px\" aria-hidden=\"true\" class=\"wp-block-spacer\"><\/div>\n\n\n\n<!--more-->\n\n\n\n<p>Kandydat\u00f3w do plebiscytu nominowa\u0142a kapitu\u0142a konkursowa redakcji Kuriera Lubelskiego. G\u0142osowanie odbywa si\u0119 w pi\u0119ciu kategoriach: Kultura, Dzia\u0142alno\u015b\u0107 spo\u0142eczna i charytatywna, Biznes oraz Polityka, Samorz\u0105dno\u015b\u0107 i Spo\u0142eczno\u015b\u0107 Lokalna i Nauka. Mieszkanka gminy \u0141abunie walczy o tytu\u0142 w kategorii kultura. Zwyci\u0119zcy etapu wojew\u00f3dzkiego wezm\u0105 udzia\u0142 w og\u00f3lnopolskim finale plebiscytu.<\/p>\n<p><span style=\"background-color: #ffffff; color: #000000;\"><strong><span style=\"color: #ff0000;\">Pani Halina Piskorz<\/span><\/strong> jest nie tylko instruktorem i opiekunem zespo\u0142u \u0141abu\u0144skie Iskierki. Jest tak\u017ce prezesem Stowarzyszenia Na Rzecz Rozwoju Gminy \u0141abunie, kt\u00f3re organizuje jedne z najwa\u017cniejszych wydarze\u0144 kulturalnych i spo\u0142ecznych w gminie: Misterium, Orszak Trzech Kr\u00f3li, Przegl\u0105d Kol\u0119d i Pastora\u0142ek czy Dzie\u0144 Seniora. <\/span><\/p>\n<p>G\u0142osowa\u0107 mo\u017cna pod tym linkiem: <strong><span style=\"color: #ff0000;\">https:\/\/kurierlubelski.pl\/p\/kandydat\/halina-piskorz%2C1160839\/<\/span><\/strong><\/p>\n\n\n\n<div style=\"height:57px\" aria-hidden=\"true\" class=\"wp-block-spacer\"><\/div>\n\n\n\n\n\n<figure class=\"wp-block-image\"><img loading=\"lazy\" decoding=\"async\" width=\"1024\" height=\"682\" src=\"https:\/\/www.labunie.com.pl\/wp-content\/uploads\/2020\/02\/Image00001-1-1024x682.jpg\" alt=\"\" class=\"wp-image-16454\" srcset=\"https:\/\/labunie.com.pl\/wp-content\/uploads\/2020\/02\/Image00001-1-1024x682.jpg 1024w, https:\/\/labunie.com.pl\/wp-content\/uploads\/2020\/02\/Image00001-1-300x200.jpg 300w, https:\/\/labunie.com.pl\/wp-content\/uploads\/2020\/02\/Image00001-1-768x511.jpg 768w, https:\/\/labunie.com.pl\/wp-content\/uploads\/2020\/02\/Image00001-1.jpg 2000w\" sizes=\"auto, (max-width: 1024px) 100vw, 1024px\" \/><\/figure>\n","protected":false},"excerpt":{"rendered":"<p>Dzisiaj ostatni dzie\u0144 g\u0142osowania w plebiscycie Kuriera Lubelskiego &#8220;Osobowo\u015b\u0107 Roku 2019&#8221;. Mieszka\u0144cy gminy \u0141abunie &#8211; mobilizujemy si\u0119 i\u00a0 g\u0142osujemy na instruktork\u0119 oraz opiekunk\u0119 zespo\u0142u \u0141abu\u0144skie Iskierki, Pani\u0105 Halin\u0119 Piskorz z \u0141abu\u0144. Ma szans\u0119 zdoby\u0107 tytu\u0142 Osobowo\u015b\u0107 Roku 2019 w kategorii Kultura.\u00a0<\/p>\n","protected":false},"author":11,"featured_media":16456,"comment_status":"closed","ping_status":"closed","sticky":false,"template":"","format":"standard","meta":{"footnotes":""},"categories":[1],"tags":[],"class_list":["post-16450","post","type-post","status-publish","format-standard","has-post-thumbnail","hentry","category-wpisy","clearfix"],"_links":{"self":[{"href":"https:\/\/labunie.com.pl\/index.php?rest_route=\/wp\/v2\/posts\/16450","targetHints":{"allow":["GET"]}}],"collection":[{"href":"https:\/\/labunie.com.pl\/index.php?rest_route=\/wp\/v2\/posts"}],"about":[{"href":"https:\/\/labunie.com.pl\/index.php?rest_route=\/wp\/v2\/types\/post"}],"author":[{"embeddable":true,"href":"https:\/\/labunie.com.pl\/index.php?rest_route=\/wp\/v2\/users\/11"}],"replies":[{"embeddable":true,"href":"https:\/\/labunie.com.pl\/index.php?rest_route=%2Fwp%2Fv2%2Fcomments&post=16450"}],"version-history":[{"count":5,"href":"https:\/\/labunie.com.pl\/index.php?rest_route=\/wp\/v2\/posts\/16450\/revisions"}],"predecessor-version":[{"id":16459,"href":"https:\/\/labunie.com.pl\/index.php?rest_route=\/wp\/v2\/posts\/16450\/revisions\/16459"}],"wp:featuredmedia":[{"embeddable":true,"href":"https:\/\/labunie.com.pl\/index.php?rest_route=\/wp\/v2\/media\/16456"}],"wp:attachment":[{"href":"https:\/\/labunie.com.pl\/index.php?rest_route=%2Fwp%2Fv2%2Fmedia&parent=16450"}],"wp:term":[{"taxonomy":"category","embeddable":true,"href":"https:\/\/labunie.com.pl\/index.php?rest_route=%2Fwp%2Fv2%2Fcategories&post=16450"},{"taxonomy":"post_tag","embeddable":true,"href":"https:\/\/labunie.com.pl\/index.php?rest_route=%2Fwp%2Fv2%2Ftags&post=16450"}],"curies":[{"name":"wp","href":"https:\/\/api.w.org\/{rel}","templated":true}]}}