{"id":16539,"date":"2020-02-28T14:32:41","date_gmt":"2020-02-28T13:32:41","guid":{"rendered":"https:\/\/www.labunie.com.pl\/?p=16539"},"modified":"2020-02-28T14:35:48","modified_gmt":"2020-02-28T13:35:48","slug":"pamiec-o-wykletych-2","status":"publish","type":"post","link":"https:\/\/labunie.com.pl\/?p=16539","title":{"rendered":"Pami\u0119\u0107 o Wykl\u0119tych"},"content":{"rendered":"\n<p><strong>1 marca &#8211; Narodowy Dzie\u0144 Pami\u0119ci \u017bo\u0142nierzy Wykl\u0119tych.&nbsp; Obchodzimy go od 2011 r., gdy Sejm uchwali\u0142 stosown\u0105 ustaw\u0119 w tej sprawie. O Niez\u0142omnych \u017cycie napisa\u0142o histori\u0119 tak\u017ce w gminie \u0141abunie. <br><\/strong><\/p>\n\n\n\n<div style=\"height:40px\" aria-hidden=\"true\" class=\"wp-block-spacer\"><\/div>\n\n\n\n<!--more-->\n\n\n\n<p>Data 1 marca nie jest przypadkowa. Tego dnia w 1951 w mokotowskim wi\u0119zieniu komuni\u015bci strza\u0142em w ty\u0142 g\u0142owy zamordowali przyw\u00f3dc\u00f3w IV Zarz\u0105du Zrzeszenia Wolno\u015b\u0107 i Niezawis\u0142o\u015b\u0107 \u2013 \u0141ukasza Ciepli\u0144skiego i jego towarzyszy walki. Tworzyli oni ostatnie kierownictwo ostatniej og\u00f3lnopolskiej konspiracji kontynuuj\u0105cej od 1945 roku dzie\u0142o Armii Krajowej [\u0179r\u00f3d\u0142o: wykleci.ipn.gov.pl]. <\/p>\n<p>W 1951 r. zgin\u0119li r\u00f3wnie\u017c \u017bo\u0142nierze Wykl\u0119ci pochodz\u0105cy z gminy \u0141abunie. To pochodz\u0105cy z \u0141abu\u0144 Stanis\u0142aw Pakos ps. &#8220;Wrzos&#8221; oraz pochodz\u0105cy z Br\u00f3dka Kazimierz Piotrowski ps. &#8220;Cygan&#8221;.<\/p>\n<p>&nbsp;<\/p>\n<p>&nbsp;<\/p>\n<p>&nbsp;<\/p>\n\n\n\n<div style=\"height:20px\" aria-hidden=\"true\" class=\"wp-block-spacer\"><\/div>\n\n\n\n<h2 id=\"kim-byli-zolnierze-wykleci\" class=\"title\">Kim byli \u017bo\u0142nierze Wykl\u0119ci ?<\/h2>\n<p>\u017bo\u0142nierze Wykl\u0119ci byli \u017co\u0142nierzami polskiego powojennego podziemia niepodleg\u0142o\u015bciowego i antykomunistycznego, kt\u00f3rzy stawiali op\u00f3r sowietyzacji Polski i podporz\u0105dkowaniu jej ZSRR. Walcz\u0105c z si\u0142ami nowego agresora, musieli zmierzy\u0107 si\u0119 z ogromn\u0105, wymierzon\u0105 w nich propagand\u0105 Polski Ludowej, kt\u00f3ra nazywa\u0142a ich \u201ebandami reakcyjnego podziemia\u201d. Z kolei osoby dzia\u0142aj\u0105ce w antykomunistycznych organizacjach i oddzia\u0142ach zbrojnych, kt\u00f3re znalaz\u0142y si\u0119 w kartotekach aparatu bezpiecze\u0144stwa, okre\u015blono mianem \u201ewrog\u00f3w ludu\u201d. Mobilizacja i walka \u017bo\u0142nierzy Wykl\u0119tych by\u0142a pierwszym odruchem samoobrony spo\u0142ecze\u0144stwa polskiego przeciwko sowieckiej agresji i narzuconym si\u0142\u0105 w\u0142adzom komunistycznym, ale te\u017c przyk\u0142adem najliczniejszej antykomunistycznej konspiracji zbrojnej w skali europejskiej, obejmuj\u0105cej teren ca\u0142ej Polski, w tym tak\u017ce utracone na rzecz Zwi\u0105zku Sowieckiego Kresy Wschodnie II RP.<\/p>\n<p>Uczestnik\u00f3w ruchu partyzanckiego okre\u015bla si\u0119 te\u017c jako \u201e\u017co\u0142nierzy drugiej konspiracji\u201d lub \u201e\u017bo\u0142nierzy Niez\u0142omnych\u201d. Sformu\u0142owanie \u201e\u017bo\u0142nierze Wykl\u0119ci\u201d powsta\u0142o w 1993 roku \u2013 po raz pierwszy u\u017cyto go w tytule wystawy \u201e\u017bo\u0142nierze Wykl\u0119ci \u2013 antykomunistyczne podziemie zbrojne po 1944 r.\u201d, zorganizowanej przez Lig\u0119 Republika\u0144sk\u0105 na Uniwersytecie Warszawskim. Jego autorem by\u0142 Leszek \u017bebrowski. <\/p>\n<p>Liczb\u0119 cz\u0142onk\u00f3w wszystkich organizacji i grup konspiracyjnych szacuje si\u0119 na 120-180 tysi\u0119cy. Wi\u0119kszo\u015b\u0107 akcji oddzia\u0142\u00f3w podziemia antykomunistycznego by\u0142o wymierzonych w oddzia\u0142y zbrojne UB, KBW czy MO. Podziemie niepodleg\u0142o\u015bciowe aktywnie dzia\u0142a\u0142o te\u017c na Kresach Wschodnich<\/p>\n<p>[\u0179r\u00f3d\u0142o: prezydent.pl]<\/p>\n","protected":false},"excerpt":{"rendered":"<p>1 marca &#8211; Narodowy Dzie\u0144 Pami\u0119ci \u017bo\u0142nierzy Wykl\u0119tych.&nbsp; Obchodzimy go od 2011 r., gdy Sejm uchwali\u0142 stosown\u0105 ustaw\u0119 w tej sprawie. O Niez\u0142omnych \u017cycie napisa\u0142o histori\u0119 tak\u017ce w gminie \u0141abunie.<\/p>\n","protected":false},"author":11,"featured_media":16540,"comment_status":"closed","ping_status":"closed","sticky":false,"template":"","format":"standard","meta":{"footnotes":""},"categories":[1],"tags":[],"class_list":["post-16539","post","type-post","status-publish","format-standard","has-post-thumbnail","hentry","category-wpisy","clearfix"],"_links":{"self":[{"href":"https:\/\/labunie.com.pl\/index.php?rest_route=\/wp\/v2\/posts\/16539","targetHints":{"allow":["GET"]}}],"collection":[{"href":"https:\/\/labunie.com.pl\/index.php?rest_route=\/wp\/v2\/posts"}],"about":[{"href":"https:\/\/labunie.com.pl\/index.php?rest_route=\/wp\/v2\/types\/post"}],"author":[{"embeddable":true,"href":"https:\/\/labunie.com.pl\/index.php?rest_route=\/wp\/v2\/users\/11"}],"replies":[{"embeddable":true,"href":"https:\/\/labunie.com.pl\/index.php?rest_route=%2Fwp%2Fv2%2Fcomments&post=16539"}],"version-history":[{"count":3,"href":"https:\/\/labunie.com.pl\/index.php?rest_route=\/wp\/v2\/posts\/16539\/revisions"}],"predecessor-version":[{"id":16544,"href":"https:\/\/labunie.com.pl\/index.php?rest_route=\/wp\/v2\/posts\/16539\/revisions\/16544"}],"wp:featuredmedia":[{"embeddable":true,"href":"https:\/\/labunie.com.pl\/index.php?rest_route=\/wp\/v2\/media\/16540"}],"wp:attachment":[{"href":"https:\/\/labunie.com.pl\/index.php?rest_route=%2Fwp%2Fv2%2Fmedia&parent=16539"}],"wp:term":[{"taxonomy":"category","embeddable":true,"href":"https:\/\/labunie.com.pl\/index.php?rest_route=%2Fwp%2Fv2%2Fcategories&post=16539"},{"taxonomy":"post_tag","embeddable":true,"href":"https:\/\/labunie.com.pl\/index.php?rest_route=%2Fwp%2Fv2%2Ftags&post=16539"}],"curies":[{"name":"wp","href":"https:\/\/api.w.org\/{rel}","templated":true}]}}