{"id":16545,"date":"2020-03-09T15:00:28","date_gmt":"2020-03-09T14:00:28","guid":{"rendered":"https:\/\/www.labunie.com.pl\/?p=16545"},"modified":"2020-03-09T08:11:28","modified_gmt":"2020-03-09T07:11:28","slug":"konkurs-zapraszamy-do-udzialu","status":"publish","type":"post","link":"https:\/\/labunie.com.pl\/?p=16545","title":{"rendered":"Konkurs &#8211; zapraszamy do udzia\u0142u"},"content":{"rendered":"\n<p><strong>Z racji, \u017ce \u015bwi\u0119ta Wielkanocne ju\u017c za pasem, ruszamy z kolejn\u0105, jedenast\u0105 edycj\u0105 konkursu \u201ePrzed Wielkanoc\u0105\u201d. Zach\u0119camy do wzi\u0119cia udzia\u0142u wszystkich mieszka\u0144c\u00f3w gminy \u0141abunie \u2013 dzieci, m\u0142odzie\u017c i doros\u0142ych. <\/strong><\/p>\n\n\n\n<div style=\"height:42px\" aria-hidden=\"true\" class=\"wp-block-spacer\"><\/div>\n\n\n\n<!--more-->\n\n\n\n<p>Ka\u017cdy mo\u017ce wybra\u0107 swoj\u0105 kategori\u0119 konkursow\u0105. Proponujemy: wykonanie <u>kartki wielkanocnej<\/u> w dowolnej formie, stworzenie <u>stroika<\/u> lub <u>pisanki<\/u>. Wybieracie jedn\u0105 z tych kategorii, tworzycie i przynosicie swoje dzie\u0142a do 20 marca. Potem odb\u0119dzie si\u0119 komisja konkursowa, kt\u00f3ra wy\u0142oni zwyci\u0119zc\u00f3w. B\u0119d\u0105 nagrody g\u0142\u00f3wne oraz wyr\u00f3\u017cnienia. Fina\u0142 konkursu odb\u0119dzie si\u0119 w niedziel\u0119, 5 kwietnia o godz. 14.00 w Domu Kultury w \u0141abuniach. Tego dnia wr\u0119czymy nagrody. Fina\u0142 konkursu b\u0119dzie mia\u0142 \u2013 zgodnie z tradycj\u0105 \u2013 szczytny cel. W tym roku b\u0119dzie mo\u017cna naby\u0107 prace konkursowe, a pieni\u0105dze wrzucone do puszki zostan\u0105 przeznaczone na rozbudow\u0119 Hospicjum Santa Galla w \u0141abu\u0144kach Pierwszych.<\/p>\n<p>&nbsp;&nbsp;&nbsp;<\/p>\n\n\n\n<div style=\"height:20px\" aria-hidden=\"true\" class=\"wp-block-spacer\"><\/div>\n\n\n\n<div style=\"height:24px\" aria-hidden=\"true\" class=\"wp-block-spacer\"><\/div>\n\n\n\n<p>&nbsp;<\/p>\n<p><span style=\"background-color: #ffffff; color: #ff0000;\"><strong>Regulamin<\/strong><\/span><\/p>\n<p><strong>Adresaci Konkursu<\/strong><\/p>\n<p>Konkurs jest skierowany do uczni\u00f3w szk\u00f3\u0142 podstawowych i mieszka\u0144c\u00f3w Gminy \u0141abunie.<\/p>\n<p><strong>Nagrody i wyr\u00f3\u017cnienia przyznane zostan\u0105 w kategoriach:<\/strong><\/p>\n<p>&nbsp;&nbsp;&nbsp; Kartka,<\/p>\n<p>&nbsp;&nbsp;&nbsp; Pisanka,<\/p>\n<p>&nbsp;&nbsp;&nbsp; Stroik<\/p>\n<p>Uczestnicy wykonuj\u0105 zgodnie z tematem konkursu w dowolnej technice. Prace zbiorowe nie b\u0119d\u0105 oceniane. Prace nale\u017cy opisa\u0107 wed\u0142ug wzoru: imi\u0119 i nazwisko autora, klasa, nazwa szko\u0142y.<\/p>\n<p>Organizator powo\u0142a komisj\u0119, kt\u00f3ra oceni: samodzielno\u015b\u0107, pomys\u0142owo\u015b\u0107, estetyk\u0119 wykonania i zastosowane rozwi\u0105zania plastyczne. Komisja wy\u0142oni w ka\u017cdej kategorii zwyci\u0119zc\u00f3w. Dodatkowo przyzna wyr\u00f3\u017cnienia.<\/p>\n<p>Prace nale\u017cy dostarczy\u0107 do Urz\u0119du Gminy w \u0141abuniach, pok\u00f3j nr 5a <strong>do 20 marca 2020 roku<\/strong>. Laureaci konkursu zostan\u0105 poinformowani o wynikach konkursu <strong>27 marca &nbsp;2020<\/strong> <strong>roku.<\/strong><\/p>\n<p>Organizator konkursu nie zwraca prac i zastrzega sobie prawo do ich publikowania.<\/p>\n<p>Podczas fina\u0142owej wystawy odb\u0119dzie si\u0119 kiermasz wszystkich prac zg\u0142oszonych do Konkursu. Zebrane fundusze zostan\u0105 przekazane Hospicjum Santa Galla w \u0141abu\u0144kach Pierwszych.<\/p>\n<p>Wr\u0119czenie nagr\u00f3d: <strong>05 kwietnia 2020 r<\/strong>. (niedziela), godz. 14.00 w Domu Kultury w \u0141abuniach, ul. Parkowa 9.<\/p>\n\n\n\n<div style=\"height:20px\" aria-hidden=\"true\" class=\"wp-block-spacer\"><\/div>\n\n\n\n<figure class=\"wp-block-image\"><img loading=\"lazy\" decoding=\"async\" width=\"1024\" height=\"701\" src=\"https:\/\/www.labunie.com.pl\/wp-content\/uploads\/2020\/03\/plakat-1024x701.jpg\" alt=\"\" class=\"wp-image-16546\" srcset=\"https:\/\/labunie.com.pl\/wp-content\/uploads\/2020\/03\/plakat-1024x701.jpg 1024w, https:\/\/labunie.com.pl\/wp-content\/uploads\/2020\/03\/plakat-300x205.jpg 300w, https:\/\/labunie.com.pl\/wp-content\/uploads\/2020\/03\/plakat-768x526.jpg 768w, https:\/\/labunie.com.pl\/wp-content\/uploads\/2020\/03\/plakat.jpg 2000w\" sizes=\"auto, (max-width: 1024px) 100vw, 1024px\" \/><\/figure>\n","protected":false},"excerpt":{"rendered":"<p>Z racji, \u017ce \u015bwi\u0119ta Wielkanocne ju\u017c za pasem, ruszamy z kolejn\u0105, jedenast\u0105 edycj\u0105 konkursu \u201ePrzed Wielkanoc\u0105\u201d. Zach\u0119camy do wzi\u0119cia udzia\u0142u wszystkich mieszka\u0144c\u00f3w gminy \u0141abunie \u2013 dzieci, m\u0142odzie\u017c i doros\u0142ych.<\/p>\n","protected":false},"author":11,"featured_media":16548,"comment_status":"closed","ping_status":"closed","sticky":false,"template":"","format":"standard","meta":{"footnotes":""},"categories":[1],"tags":[],"class_list":["post-16545","post","type-post","status-publish","format-standard","has-post-thumbnail","hentry","category-wpisy","clearfix"],"_links":{"self":[{"href":"https:\/\/labunie.com.pl\/index.php?rest_route=\/wp\/v2\/posts\/16545","targetHints":{"allow":["GET"]}}],"collection":[{"href":"https:\/\/labunie.com.pl\/index.php?rest_route=\/wp\/v2\/posts"}],"about":[{"href":"https:\/\/labunie.com.pl\/index.php?rest_route=\/wp\/v2\/types\/post"}],"author":[{"embeddable":true,"href":"https:\/\/labunie.com.pl\/index.php?rest_route=\/wp\/v2\/users\/11"}],"replies":[{"embeddable":true,"href":"https:\/\/labunie.com.pl\/index.php?rest_route=%2Fwp%2Fv2%2Fcomments&post=16545"}],"version-history":[{"count":5,"href":"https:\/\/labunie.com.pl\/index.php?rest_route=\/wp\/v2\/posts\/16545\/revisions"}],"predecessor-version":[{"id":16553,"href":"https:\/\/labunie.com.pl\/index.php?rest_route=\/wp\/v2\/posts\/16545\/revisions\/16553"}],"wp:featuredmedia":[{"embeddable":true,"href":"https:\/\/labunie.com.pl\/index.php?rest_route=\/wp\/v2\/media\/16548"}],"wp:attachment":[{"href":"https:\/\/labunie.com.pl\/index.php?rest_route=%2Fwp%2Fv2%2Fmedia&parent=16545"}],"wp:term":[{"taxonomy":"category","embeddable":true,"href":"https:\/\/labunie.com.pl\/index.php?rest_route=%2Fwp%2Fv2%2Fcategories&post=16545"},{"taxonomy":"post_tag","embeddable":true,"href":"https:\/\/labunie.com.pl\/index.php?rest_route=%2Fwp%2Fv2%2Ftags&post=16545"}],"curies":[{"name":"wp","href":"https:\/\/api.w.org\/{rel}","templated":true}]}}