{"id":16702,"date":"2020-03-12T09:40:46","date_gmt":"2020-03-12T08:40:46","guid":{"rendered":"https:\/\/www.labunie.com.pl\/?p=16702"},"modified":"2020-04-19T12:33:50","modified_gmt":"2020-04-19T10:33:50","slug":"zawieszenie-zajec-dydaktyczno-wychowawczych-w-przedszkolach-szkolach-i-placowkach-oswiatowych","status":"publish","type":"post","link":"https:\/\/labunie.com.pl\/?p=16702","title":{"rendered":"Zawieszenie zaj\u0119\u0107 dydaktyczno-wychowawczych w przedszkolach, szko\u0142ach i plac\u00f3wkach o\u015bwiatowych"},"content":{"rendered":"\n<p><strong>Od 12 do 25 marca br. funkcjonowanie jednostek systemu o\u015bwiaty zostaje czasowo ograniczone. Oznacza to, \u017ce w tym okresie przedszkola, szko\u0142y i plac\u00f3wki o\u015bwiatowe zar\u00f3wno publiczne, jak i niepubliczne nie b\u0119d\u0105 prowadzi\u0142y zaj\u0119\u0107 dydaktyczno-wychowawczych. To decyzja Ministra Edukacji Narodowej wynikaj\u0105ca z konieczno\u015bci zapobiegania rozprzestrzenianiu si\u0119 koronawirusa.<\/strong><\/p>\n\n\n\n<!--more-->\n\n\n\n<div style=\"height:50px\" aria-hidden=\"true\" class=\"wp-block-spacer\"><\/div>\n\n\n\n<p>Lekarze, specjali\u015bci, eksperci WHO wskazuj\u0105, \u017ce wprowadzenie odpowiednich i odpowiedzialnych dzia\u0142a\u0144 mo\u017ce ograniczy\u0107 rozprzestrzenianie si\u0119 wirusa. Obecna sytuacja epidemiologiczna w Polsce mo\u017ce zagrozi\u0107 zdrowiu obywateli. Dlatego na podstawie tzw. specustawy Minister Edukacji Narodowej przygotowa\u0142 rozporz\u0105dzenie, kt\u00f3re czasowo ogranicza funkcjonowanie jednostek systemu o\u015bwiaty na obszarze ca\u0142ej Polski.<\/p>\n\n\n\n<div style=\"height:50px\" aria-hidden=\"true\" class=\"wp-block-spacer\"><\/div>\n\n\n\n<figure class=\"wp-block-image\"><img decoding=\"async\" src=\"https:\/\/www.gov.pl\/photo\/format\/9dcb717e-7105-4660-bbaf-91b29322a997\/resolution\/729x308\" alt=\"\"\/><\/figure>\n\n\n\n<div style=\"height:50px\" aria-hidden=\"true\" class=\"wp-block-spacer\"><\/div>\n\n\n\n<p><strong>Zawieszenie zaj\u0119\u0107 dydaktyczno-wychowawczych<\/strong><\/p>\n\n\n\n<div style=\"height:20px\" aria-hidden=\"true\" class=\"wp-block-spacer\"><\/div>\n\n\n\n<p>Zawieszenie zaj\u0119\u0107 dotyczy przedszkoli, szk\u00f3\u0142 i plac\u00f3wek o\u015bwiatowych (publicznych i niepublicznych), z wyj\u0105tkiem:<\/p>\n\n\n\n<ul class=\"wp-block-list\">null<li>poradni psychologiczno-pedagogicznych;<\/li><li> specjalnych o\u015brodk\u00f3w szkolno-wychowawczych;<\/li><li> m\u0142odzie\u017cowych o\u015brodk\u00f3w wychowawczych, m\u0142odzie\u017cowych o\u015brodk\u00f3w socjoterapii, specjalnych o\u015brodk\u00f3w wychowawczych, <\/li><li> o\u015brodk\u00f3w rewalidacyjno-wychowawczych;<\/li><li> przedszkoli i szk\u00f3\u0142 w podmiotach leczniczych i jednostkach pomocy spo\u0142ecznej;<\/li><li> szk\u00f3\u0142 w zak\u0142adach poprawczych i schroniskach dla nieletnich;<\/li><li> szk\u00f3\u0142 przy zak\u0142adach karnych i aresztach \u015bledczych.<\/li><\/ul>\n\n\n\n<div style=\"height:50px\" aria-hidden=\"true\" class=\"wp-block-spacer\"><\/div>\n\n\n\n<p><strong>Dyrektorze,<\/strong><\/p>\n\n\n\n<ul>\n<li>zaj\u0119cia w Twojej szkole, przedszkolu, plac\u00f3wce b\u0119d\u0105 zawieszone na 2 tygodnie;<\/li>\n<li>12 i 13 marca br. to dni, w kt\u00f3rych w przedszkolach i szko\u0142ach podstawowych nie b\u0119d\u0105 odbywa\u0142y si\u0119 zaj\u0119cia dydaktyczno-wychowawcze, a jedynie dzia\u0142ania opieku\u0144cze;<\/li>\n<li>od 12 marca br. uczniowie szk\u00f3\u0142 ponadpodstawowych nie przychodz\u0105 do szk\u00f3\u0142;<\/li>\n<li>poinformuj uczni\u00f3w, rodzic\u00f3w i kadr\u0119 pedagogiczn\u0105 o tym, jak b\u0119d\u0105 wygl\u0105da\u0142y kolejne dni;<\/li>\n<li>od poniedzia\u0142ku, 16 marca br. wychowankowie i uczniowie nie przychodz\u0105 do przedszkoli i szk\u00f3\u0142. Nauczyciele pozostaj\u0105 w gotowo\u015bci do pracy;<\/li>\n<li>poinformuj niezw\u0142ocznie rodzic\u00f3w i nauczycieli o ograniczeniu funkcjonowania plac\u00f3wki. Wykorzystaj do tego dziennik elektroniczny lub inne \u015brodki komunikacji z rodzicami i nauczycielami. Wywie\u015b informacj\u0119 o zawieszeniu zaj\u0119\u0107 w widocznym miejscu;<\/li>\n<li>mo\u017cesz poprosi\u0107 nauczycieli o to, aby przygotowali materia\u0142y dydaktyczne do samodzielnej pracy uczni\u00f3w w domu. Ministerstwo Edukacji Narodowej przeka\u017ce informacje dotycz\u0105ce e-materia\u0142\u00f3w, z kt\u00f3rych mog\u0105 korzysta\u0107 uczniowie i nauczyciele;<\/li>\n<li>w szko\u0142ach prowadz\u0105cych kszta\u0142cenie zawodowe, w plac\u00f3wkach kszta\u0142cenia ustawicznego oraz w centrach kszta\u0142cenia zawodowego zawieszenie zaj\u0119\u0107 dotyczy r\u00f3wnie\u017c zaj\u0119\u0107 realizowanych w ramach praktycznej nauki zawodu;<\/li>\n<li>uczniowie bran\u017cowych szk\u00f3\u0142 I stopnia b\u0119d\u0105cy m\u0142odocianymi pracownikami nie ucz\u0119szczaj\u0105 do szko\u0142y. Realizuj\u0105 jednak przygotowanie zawodowe u pracodawcy na dotychczasowych zasadach;<\/li>\n<li>od 16 marca br. b\u0119d\u0105 zawieszone zaj\u0119cia realizowane w ramach turnus\u00f3w dokszta\u0142cania teoretycznego m\u0142odocianych pracownik\u00f3w;<\/li>\n<li>\u015bled\u017a na bie\u017c\u0105co komunikaty G\u0142\u00f3wnego Inspektora Sanitarnego, Ministerstwa Zdrowia i MEN o sytuacji epidemiologicznej w kraju. Sprawdzaj r\u00f3wnie\u017c komunikaty wysy\u0142ane przez System Informacji O\u015bwiatowej.<\/li>\n<\/ul>\n\n\n\n<div style=\"height:20px\" aria-hidden=\"true\" class=\"wp-block-spacer\"><\/div>\n\n\n\n<p>W okresie czasowego ograniczenia funkcjonowania jednostek systemu o\u015bwiaty nauczycielom pozostaj\u0105cym w gotowo\u015bci do pracy przys\u0142uguje wynagrodzenie ustalone na podstawie Kodeksu Pracy (art. 81 \u00a7 1). <\/p>\n\n\n\n<div style=\"height:50px\" aria-hidden=\"true\" class=\"wp-block-spacer\"><\/div>\n\n\n\n<p><strong>Rodzicu,<\/strong><\/p>\n\n\n\n<ul>\n<li>ze wzgl\u0119du na bezpiecze\u0144stwo zdrowotne Twoje i Twojego dziecka, zaj\u0119cia zostan\u0105 zawieszone od 12 marca br. W przedszkolach i szko\u0142ach podstawowych 12 i 13 marca br. b\u0119d\u0105 jeszcze prowadzone dzia\u0142ania opieku\u0144cze;<\/li>\n<li>zach\u0119caj dziecko do samodzielnej nauki w czasie gdy nie b\u0119dzie lekcji w szkole. Ministerstwo Edukacji Narodowej na platformie epodr\u0119czniki.pl. udost\u0119pnia szereg materia\u0142\u00f3w edukacyjnych, kt\u00f3re pozwalaj\u0105 uzupe\u0142ni\u0107, ugruntowa\u0107 i poszerzy\u0107 wiedz\u0119. Dost\u0119p do tych zasob\u00f3w jest bezp\u0142atny;<\/li>\n<li>je\u015bli masz dziecko w wieku do 8 lat, przys\u0142uguje Ci zasi\u0142ek opieku\u0144czy do 14 dni. Szczeg\u00f3\u0142owe informacje znajdziesz na stronie internetowej ZUS;<\/li>\n<li>przeka\u017c osobom, kt\u00f3re b\u0119d\u0105 opiekowa\u0107 si\u0119 Twoim dzieckiem, podstawowe informacje dotycz\u0105ce bezpiecze\u0144stwa i higieny;<\/li>\n<li>rygorystycznie przestrzegaj w domu zasad higieny i czysto\u015bci pomieszcze\u0144, w kt\u00f3rych przebywasz;<\/li>\n<li>\u015bled\u017a na bie\u017c\u0105co komunikaty GIS, MZ i MEN o sytuacji epidemiologicznej w kraju oraz informacje przesy\u0142ane przez dyrektora szko\u0142y.<\/li>\n<\/ul>\n\n\n\n<div style=\"height:50px\" aria-hidden=\"true\" class=\"wp-block-spacer\"><\/div>\n\n\n\n<p><strong>Uczniu,<\/strong><\/p>\n\n\n\n<ul class=\"wp-block-list\"><li>pami\u0119taj o swoim      bezpiecze\u0144stwie w domu. Unikaj miejsc, gdzie s\u0105 du\u017ce skupiska ludzi (np.  komunikacja publiczna, kino, teatr, centra handlowe);<\/li><li>przerwa w funkcjonowaniu Twojej szko\u0142y nie powinna oznacza\u0107 dni wolnych od nauki;<\/li><li>odpowiedzialnie      wykorzystaj czas zawieszenia zaj\u0119\u0107 w Twojej szkole. Przeczytaj ulubion\u0105      ksi\u0105\u017ck\u0119, spr\u00f3buj uzupe\u0142ni\u0107 swoje wiadomo\u015bci lub rozwijaj kompetencje.      Skorzystaj przy tym z darmowej platformy<a href=\"https:\/\/epodreczniki.pl\/\"> epodreczniki.pl<\/a> i materia\u0142\u00f3w      rekomendowanych przez Twojego nauczyciela;<\/li><li>przestrzegaj w domu zasad higieny i czysto\u015bci pomieszcze\u0144, w kt\u00f3rych przebywasz.<\/li><\/ul>\n\n\n\n<div style=\"height:50px\" aria-hidden=\"true\" class=\"wp-block-spacer\"><\/div>\n\n\n\n<p><strong>Platforma epodreczniki.pl i materia\u0142y do samodzielnej nauki<\/strong><\/p>\n\n\n\n<p>Zach\u0119camy nauczycieli,\naby w najbli\u017cszym czasie wspierali uczni\u00f3w w nauce i przekazywali materia\u0142y do\nsamodzielnej pracy w domu. Szczeg\u00f3lnie prosimy o obj\u0119cie opiek\u0105 uczni\u00f3w, kt\u00f3rzy\nprzygotowuj\u0105 si\u0119 do tegorocznego egzaminu \u00f3smoklasisty, maturalnego oraz\nzawodowego i udost\u0119pnienie im niezb\u0119dnych materia\u0142\u00f3w.<\/p>\n\n\n\n<div style=\"height:20px\" aria-hidden=\"true\" class=\"wp-block-spacer\"><\/div>\n\n\n\n<p>Rekomendujemy wykorzystanie w tym celu nast\u0119puj\u0105cych rozwi\u0105za\u0144:<\/p>\n\n\n\n<ul class=\"wp-block-list\"><li>dziennik elektroniczny;<\/li><li>strona internetowa szko\u0142y, przedszkola, plac\u00f3wki o\u015bwiatowej;<\/li><li>mailing do rodzic\u00f3w, a w przypadku uczni\u00f3w starszych wysy\u0142anie materia\u0142\u00f3w bezpo\u015brednio do m\u0142odzie\u017cy.<\/li><\/ul>\n\n\n\n<div style=\"height:20px\" aria-hidden=\"true\" class=\"wp-block-spacer\"><\/div>\n\n\n\n<p>Na platformie Ministerstwa Edukacji Narodowej <a href=\"https:\/\/epodreczniki.pl\/\">epodreczniki.pl<\/a> udost\u0119pnili\u015bmy e-materia\u0142y do wykorzystania przez nauczycieli lub do samodzielnej nauki przez uczni\u00f3w. <a href=\"https:\/\/epodreczniki.pl\/\">Epodr\u0119czniki.pl<\/a> to biblioteka bezp\u0142atnych, sprawdzonych, zgodnych z aktualn\u0105 podstaw\u0105 programow\u0105 materia\u0142\u00f3w edukacyjnych.<\/p>\n\n\n\n<div style=\"height:50px\" aria-hidden=\"true\" class=\"wp-block-spacer\"><\/div>\n\n\n\n<p><strong>Jak si\u0119 zabezpieczy\u0107 przed koronawirusem?<\/strong><\/p>\n\n\n\n<ul class=\"wp-block-list\"><li>Cz\u0119sto myj r\u0119ce przy u\u017cyciu myd\u0142a i wody.<\/li><li>Przy kas\u0142aniu i kichaniu zakrywaj usta i nos. Zachowaj co najmniej metr odleg\u0142o\u015bci od os\u00f3b, kt\u00f3re kaszl\u0105 i kichaj\u0105.<\/li><\/ul>\n\n\n\n<p>Osoby wracaj\u0105ce z\nregion\u00f3w zara\u017conych koronawirusem powinny powiadomi\u0107 o tym telefonicznie stacj\u0119\nsanitarno-epidemiologiczn\u0105 lub zg\u0142osi\u0107 si\u0119 do oddzia\u0142u obserwacyjno-zaka\u017anego.\nWi\u0119cej informacji dotycz\u0105cych koronawirusa na stronie: gov.pl\/koronawirus<\/p>\n\n\n\n<div style=\"height:20px\" aria-hidden=\"true\" class=\"wp-block-spacer\"><\/div>\n\n\n\n<p><strong>Podejrzewasz u siebie\nkoronawirusa? Zadzwo\u0144 pod numer 800 190 590!<\/strong><\/p>\n\n\n\n<div style=\"height:20px\" aria-hidden=\"true\" class=\"wp-block-spacer\"><\/div>\n\n\n\n<p>Bezp\u0142atna infolinia NFZ\njest czynna ca\u0142\u0105 dob\u0119, przez 7 dni w tygodniu. Wykwalifikowani konsultanci\npoinformuj\u0105 Ci\u0119, co zrobi\u0107, by otrzyma\u0107 pomoc.<\/p>\n\n\n\n<div style=\"height:50px\" aria-hidden=\"true\" class=\"wp-block-spacer\"><\/div>\n\n\n\n<p class=\"has-text-align-right\"><em>Departament Informacji i Promocji<br>Ministerstwo Edukacji Narodowej<\/em><\/p>\n","protected":false},"excerpt":{"rendered":"<p>Od 12 do 25 marca br. funkcjonowanie jednostek systemu o\u015bwiaty zostaje czasowo ograniczone. Oznacza to, \u017ce w tym okresie przedszkola, szko\u0142y i plac\u00f3wki o\u015bwiatowe zar\u00f3wno publiczne, jak i niepubliczne nie b\u0119d\u0105 prowadzi\u0142y zaj\u0119\u0107 dydaktyczno-wychowawczych. To decyzja Ministra Edukacji Narodowej wynikaj\u0105ca z konieczno\u015bci zapobiegania rozprzestrzenianiu si\u0119 koronawirusa.<\/p>\n","protected":false},"author":7,"featured_media":17119,"comment_status":"closed","ping_status":"closed","sticky":false,"template":"","format":"standard","meta":{"footnotes":""},"categories":[1],"tags":[],"class_list":["post-16702","post","type-post","status-publish","format-standard","has-post-thumbnail","hentry","category-wpisy","clearfix"],"_links":{"self":[{"href":"https:\/\/labunie.com.pl\/index.php?rest_route=\/wp\/v2\/posts\/16702","targetHints":{"allow":["GET"]}}],"collection":[{"href":"https:\/\/labunie.com.pl\/index.php?rest_route=\/wp\/v2\/posts"}],"about":[{"href":"https:\/\/labunie.com.pl\/index.php?rest_route=\/wp\/v2\/types\/post"}],"author":[{"embeddable":true,"href":"https:\/\/labunie.com.pl\/index.php?rest_route=\/wp\/v2\/users\/7"}],"replies":[{"embeddable":true,"href":"https:\/\/labunie.com.pl\/index.php?rest_route=%2Fwp%2Fv2%2Fcomments&post=16702"}],"version-history":[{"count":5,"href":"https:\/\/labunie.com.pl\/index.php?rest_route=\/wp\/v2\/posts\/16702\/revisions"}],"predecessor-version":[{"id":17121,"href":"https:\/\/labunie.com.pl\/index.php?rest_route=\/wp\/v2\/posts\/16702\/revisions\/17121"}],"wp:featuredmedia":[{"embeddable":true,"href":"https:\/\/labunie.com.pl\/index.php?rest_route=\/wp\/v2\/media\/17119"}],"wp:attachment":[{"href":"https:\/\/labunie.com.pl\/index.php?rest_route=%2Fwp%2Fv2%2Fmedia&parent=16702"}],"wp:term":[{"taxonomy":"category","embeddable":true,"href":"https:\/\/labunie.com.pl\/index.php?rest_route=%2Fwp%2Fv2%2Fcategories&post=16702"},{"taxonomy":"post_tag","embeddable":true,"href":"https:\/\/labunie.com.pl\/index.php?rest_route=%2Fwp%2Fv2%2Ftags&post=16702"}],"curies":[{"name":"wp","href":"https:\/\/api.w.org\/{rel}","templated":true}]}}