{"id":16810,"date":"2020-03-25T08:42:27","date_gmt":"2020-03-25T07:42:27","guid":{"rendered":"https:\/\/www.labunie.com.pl\/?p=16810"},"modified":"2020-03-26T16:33:27","modified_gmt":"2020-03-26T15:33:27","slug":"16810","status":"publish","type":"post","link":"https:\/\/labunie.com.pl\/?p=16810","title":{"rendered":"Odszed\u0142 do Wieczno\u015bci"},"content":{"rendered":"\n<p><strong>Z przykro\u015bci\u0105 informujemy, \u017ce we wtorek, 24 marca zmar\u0142 ks. kan. Aleksander Sieciechowicz.<\/strong><\/p>\n\n\n\n<p><strong>Uroczysto\u015bci pogrzebowe ks. Kanonika odb\u0119d\u0105 si\u0119 w czwartek, 26 marca o godz. 12:00 przez Biskupa Diecezjalnego Mariana Rojka w kaplicy Domu Diecezjalnego bez udzia\u0142u wiernych. <\/strong><\/p>\n\n\n\n<!--more-->\n\n\n\n<p><strong> <\/strong><\/p>\n\n\n\n<p>O godz. 12.45 cia\u0142o zmar\u0142ego ks. Aleksandra Sieciechowicza zostanie z\u0142o\u017cone w grobowcu kap\u0142a\u0144skim na cmentarzu parafialnym w \u0141abuniach.<br> Ze wzgl\u0119d\u00f3w proceduralnych nie b\u0119dzie jednak mo\u017cliwo\u015bci uczestnictwa fizycznego w nich. Prosimy tak\u017ce, aby nie gromadzi\u0107 si\u0119 w tym czasie wok\u00f3\u0142 ko\u015bcio\u0142a i na cmentarzu. <\/p>\n\n\n\n<div style=\"height:30px\" aria-hidden=\"true\" class=\"wp-block-spacer\"><\/div>\n\n\n\n<p>Pozosta\u0144my w \u0142\u0105czno\u015bci modlitewnej za \u015bp. ks. Aleksandra.<\/p>\n\n\n\n<div style=\"height:20px\" aria-hidden=\"true\" class=\"wp-block-spacer\"><\/div>\n\n\n\n<p>Zgodnie poleceniem Pasterza Diecezji Msza \u015bw. \u017ca\u0142obna z udzia\u0142em wiernych zostanie odprawiona dopiero w czasie, gdy ustanie zagro\u017cenie zwi\u0105zane z epidemi\u0105 koronawirusa. <\/p>\n\n\n\n<div style=\"height:20px\" aria-hidden=\"true\" class=\"wp-block-spacer\"><\/div>\n\n\n\n<hr class=\"wp-block-separator\"\/>\n\n\n\n<div style=\"height:20px\" aria-hidden=\"true\" class=\"wp-block-spacer\"><\/div>\n\n\n\n<p>Ks. Aleksander Sieciechowicz urodzi\u0142 si\u0119 27 listopada 1934 r. w Turobinie. \u015awi\u0119cenia kap\u0142a\u0144skie otrzyma\u0142 w Katedrze Lubelskiej z r\u0105k Biskupa Lubelskiego Piotra Ka\u0142wy \u2013 20 kwietnia 1958 r.<\/p>\n\n\n\n<div style=\"height:20px\" aria-hidden=\"true\" class=\"wp-block-spacer\"><\/div>\n\n\n\n<p>Pos\u0142ugiwa\u0142 w nast\u0119puj\u0105cych plac\u00f3wkach:<\/p>\n\n\n\n<ul class=\"wp-block-list\"><li>\u0141abunie (30.04.1958 \u2013 10.06.1961) \u2013 wikariusz,<\/li><li>Kanie (10.06.1961 \u2013 21.08.1961) \u2013 wikariusz,<\/li><li>Siedliszcze (21.06.1961 \u2013 21.06.1963) \u2013 wikariusz,<\/li><li>Uchanie (21.06.1963 \u2013 05.07.1965) \u2013 wikariusz,<\/li><li>Kazimierz Dolny (05.07.1965 \u2013 03.07.1968) \u2013 wikariusz,<\/li><li>\u0141abunie (03.07.1968 \u2013 17.08.1974) \u2013 wikariusz,<\/li><li>\u0141abunie (17.08.1974 \u2013 17.10.1980) \u2013 administrator,<\/li><li>\u0141abunie (17.10.1980 \u2013 27.10.2006) \u2013 proboszcz<\/li><li>Od 27 pa\u017adziernika 2006 r. emeryt w parafii \u0141abunie.<\/li><\/ul>\n\n\n\n<div style=\"height:20px\" aria-hidden=\"true\" class=\"wp-block-spacer\"><\/div>\n\n\n\n<p class=\"has-text-align-right\"><em>\u0179r\u00f3d\u0142o: Diecezja Zamojsko-Lubaczowska<\/em><\/p>\n","protected":false},"excerpt":{"rendered":"<p>Z przykro\u015bci\u0105 informujemy, \u017ce we wtorek, 24 marca zmar\u0142 ks. kan. Aleksander Sieciechowicz. Uroczysto\u015bci pogrzebowe ks. Kanonika odb\u0119d\u0105 si\u0119 w czwartek, 26 marca o godz. 12:00 przez Biskupa Diecezjalnego Mariana Rojka w kaplicy Domu Diecezjalnego bez udzia\u0142u wiernych.<\/p>\n","protected":false},"author":7,"featured_media":16812,"comment_status":"closed","ping_status":"closed","sticky":false,"template":"","format":"standard","meta":{"footnotes":""},"categories":[1],"tags":[],"class_list":["post-16810","post","type-post","status-publish","format-standard","has-post-thumbnail","hentry","category-wpisy","clearfix"],"_links":{"self":[{"href":"https:\/\/labunie.com.pl\/index.php?rest_route=\/wp\/v2\/posts\/16810","targetHints":{"allow":["GET"]}}],"collection":[{"href":"https:\/\/labunie.com.pl\/index.php?rest_route=\/wp\/v2\/posts"}],"about":[{"href":"https:\/\/labunie.com.pl\/index.php?rest_route=\/wp\/v2\/types\/post"}],"author":[{"embeddable":true,"href":"https:\/\/labunie.com.pl\/index.php?rest_route=\/wp\/v2\/users\/7"}],"replies":[{"embeddable":true,"href":"https:\/\/labunie.com.pl\/index.php?rest_route=%2Fwp%2Fv2%2Fcomments&post=16810"}],"version-history":[{"count":5,"href":"https:\/\/labunie.com.pl\/index.php?rest_route=\/wp\/v2\/posts\/16810\/revisions"}],"predecessor-version":[{"id":16840,"href":"https:\/\/labunie.com.pl\/index.php?rest_route=\/wp\/v2\/posts\/16810\/revisions\/16840"}],"wp:featuredmedia":[{"embeddable":true,"href":"https:\/\/labunie.com.pl\/index.php?rest_route=\/wp\/v2\/media\/16812"}],"wp:attachment":[{"href":"https:\/\/labunie.com.pl\/index.php?rest_route=%2Fwp%2Fv2%2Fmedia&parent=16810"}],"wp:term":[{"taxonomy":"category","embeddable":true,"href":"https:\/\/labunie.com.pl\/index.php?rest_route=%2Fwp%2Fv2%2Fcategories&post=16810"},{"taxonomy":"post_tag","embeddable":true,"href":"https:\/\/labunie.com.pl\/index.php?rest_route=%2Fwp%2Fv2%2Ftags&post=16810"}],"curies":[{"name":"wp","href":"https:\/\/api.w.org\/{rel}","templated":true}]}}