{"id":16974,"date":"2020-04-03T15:47:44","date_gmt":"2020-04-03T13:47:44","guid":{"rendered":"https:\/\/www.labunie.com.pl\/?p=16974"},"modified":"2020-04-19T12:39:18","modified_gmt":"2020-04-19T10:39:18","slug":"informacja-wojta-gminy-labunie","status":"publish","type":"post","link":"https:\/\/labunie.com.pl\/?p=16974","title":{"rendered":"Informacja W\u00f3jta Gminy \u0141abunie"},"content":{"rendered":"\n<p><strong>W zwi\u0105zku z epidemi\u0105 koronawirusa i wieloma spekulacjami dotycz\u0105cymi ostatnich zdarze\u0144 w gminie \u0141abunie, W\u00f3jt Mariusz Kukie\u0142ka przedstawia swoje stanowisko w tej sprawie.&nbsp;<\/strong><\/p>\n\n\n\n<div style=\"height:20px\" aria-hidden=\"true\" class=\"wp-block-spacer\"><\/div>\n\n\n\n<!--more-->\n\n\n\n<p style=\"text-align: right;\"><strong><em>Szanowni Mieszka\u0144cy gminy \u0141abunie<\/em><\/strong><\/p>\n\n\n\n<div style=\"height:30px\" aria-hidden=\"true\" class=\"wp-block-spacer\"><\/div>\n\n\n\n<p><em>W zwi\u0105zku z licznymi zapytaniami dotycz\u0105cymi ilo\u015bci os\u00f3b poddanych kwarantannie b\u0105d\u017a zaka\u017conych COVID-19 informuj\u0119, \u017ce Urz\u0105d Gminy \u0141abunie nie otrzymuje oficjalnych danych w tym zakresie.<\/em><\/p>\n\n\n\n<div style=\"height:20px\" aria-hidden=\"true\" class=\"wp-block-spacer\"><\/div>\n\n\n\n<p><em>\u0179r\u00f3d\u0142em przesadnego nag\u0142o\u015bnienia stwierdzonego przypadku zaka\u017cenia COVID-19 by\u0142y nierzetelne informacje medialne zawy\u017caj\u0105ce co najmniej dwukrotnie ilo\u015b\u0107 os\u00f3b z terenu gminy \u0141abunie poddanych kwarantannie.<\/em><\/p>\n\n\n\n<div style=\"height:20px\" aria-hidden=\"true\" class=\"wp-block-spacer\"><\/div>\n\n\n\n<p><em>Jednocze\u015bnie dzi\u0119kuj\u0119 mieszka\u0144com gminy \u0141abunie i okolicznych miejscowo\u015bci, kt\u00f3rzy nie ulegli panice i zachowali zdrowy rozs\u0105dek. Musimy mie\u0107 \u015bwiadomo\u015b\u0107, \u017ce w ka\u017cdej chwili ka\u017cdy z nas lub kto\u015b z naszych bliskich mo\u017ce znale\u017a\u0107 si\u0119 w podobnej sytuacji.<\/em><\/p>\n\n\n\n<div style=\"height:20px\" aria-hidden=\"true\" class=\"wp-block-spacer\"><\/div>\n\n\n\n<p><em>Apeluj\u0119 aby\u015bmy osoby zaka\u017cone lub poddane kwarantannie traktowali tak jakby to byli nasi bliscy. Strach i panika s\u0105 wrogami cz\u0142owieka i powoduj\u0105, \u017ce podejmujemy z\u0142e decyzje.<\/em><\/p>\n\n\n\n<div style=\"height:20px\" aria-hidden=\"true\" class=\"wp-block-spacer\"><\/div>\n\n\n\n<p><em>Dzi\u0119kuj\u0119 tak\u017ce pracownikom sklep\u00f3w, o\u015brodka zdrowia, aptek, poczty i tym wszystkim, kt\u00f3rzy cz\u0119sto z nara\u017ceniem w\u0142asnego zdrowia przyczyniaj\u0105 si\u0119 do tego, \u017ce mo\u017cemy funkcjonowa\u0107 w miar\u0119 normalnie.<\/em><\/p>\n\n\n\n<div style=\"height:20px\" aria-hidden=\"true\" class=\"wp-block-spacer\"><\/div>\n\n\n\n<p><em>W tym trudnym czasie prosz\u0119 o spok\u00f3j, wytrwa\u0142o\u015b\u0107 i \u017cyczliwo\u015b\u0107 wzgl\u0119dem innych.<\/em><\/p>\n\n\n\n<div style=\"height:30px\" aria-hidden=\"true\" class=\"wp-block-spacer\"><\/div>\n\n\n\n<p class=\"has-text-align-right\">W\u00f3jt Gminy \u0141abunie<br> (-) Mariusz Kukie\u0142ka <\/p>\n","protected":false},"excerpt":{"rendered":"<p>W zwi\u0105zku z epidemi\u0105 koronawirusa i wieloma spekulacjami dotycz\u0105cymi ostatnich zdarze\u0144 w gminie \u0141abunie, W\u00f3jt Mariusz Kukie\u0142ka przedstawia swoje stanowisko w tej sprawie.&nbsp;<\/p>\n","protected":false},"author":11,"featured_media":17119,"comment_status":"closed","ping_status":"closed","sticky":false,"template":"","format":"standard","meta":{"footnotes":""},"categories":[1],"tags":[],"class_list":["post-16974","post","type-post","status-publish","format-standard","has-post-thumbnail","hentry","category-wpisy","clearfix"],"_links":{"self":[{"href":"https:\/\/labunie.com.pl\/index.php?rest_route=\/wp\/v2\/posts\/16974","targetHints":{"allow":["GET"]}}],"collection":[{"href":"https:\/\/labunie.com.pl\/index.php?rest_route=\/wp\/v2\/posts"}],"about":[{"href":"https:\/\/labunie.com.pl\/index.php?rest_route=\/wp\/v2\/types\/post"}],"author":[{"embeddable":true,"href":"https:\/\/labunie.com.pl\/index.php?rest_route=\/wp\/v2\/users\/11"}],"replies":[{"embeddable":true,"href":"https:\/\/labunie.com.pl\/index.php?rest_route=%2Fwp%2Fv2%2Fcomments&post=16974"}],"version-history":[{"count":5,"href":"https:\/\/labunie.com.pl\/index.php?rest_route=\/wp\/v2\/posts\/16974\/revisions"}],"predecessor-version":[{"id":16994,"href":"https:\/\/labunie.com.pl\/index.php?rest_route=\/wp\/v2\/posts\/16974\/revisions\/16994"}],"wp:featuredmedia":[{"embeddable":true,"href":"https:\/\/labunie.com.pl\/index.php?rest_route=\/wp\/v2\/media\/17119"}],"wp:attachment":[{"href":"https:\/\/labunie.com.pl\/index.php?rest_route=%2Fwp%2Fv2%2Fmedia&parent=16974"}],"wp:term":[{"taxonomy":"category","embeddable":true,"href":"https:\/\/labunie.com.pl\/index.php?rest_route=%2Fwp%2Fv2%2Fcategories&post=16974"},{"taxonomy":"post_tag","embeddable":true,"href":"https:\/\/labunie.com.pl\/index.php?rest_route=%2Fwp%2Fv2%2Ftags&post=16974"}],"curies":[{"name":"wp","href":"https:\/\/api.w.org\/{rel}","templated":true}]}}