{"id":17027,"date":"2020-04-08T12:02:00","date_gmt":"2020-04-08T10:02:00","guid":{"rendered":"https:\/\/www.labunie.com.pl\/?p=17027"},"modified":"2020-04-19T12:41:16","modified_gmt":"2020-04-19T10:41:16","slug":"informacja-wojta-gminy-labunie-2","status":"publish","type":"post","link":"https:\/\/labunie.com.pl\/?p=17027","title":{"rendered":"Informacja W\u00f3jta Gminy \u0141abunie"},"content":{"rendered":"\n<p><strong>W zwi\u0105zku z fal\u0105 hejtu skierowanego wobec mieszka\u0144c\u00f3w gminy \u0141abunie W\u00f3jt Mariusz Kukie\u0142ka przedstawia swoje stanowisko poparte przez radnych gminy \u0141abunie.<\/strong><\/p>\n\n\n\n<!--more-->\n\n\n\n<div style=\"height:40px\" aria-hidden=\"true\" class=\"wp-block-spacer\"><\/div>\n\n\n\n<p> <em>Ze wzgl\u0119du na nagonk\u0119, szykany i dyskryminacj\u0119 jakie dotykaj\u0105 mieszka\u0144c\u00f3w gminy \u0141abunie w zwi\u0105zku ze stwierdzonym przypadkiem zaka\u017cenia COVID-19 stanowczo POT\u0118PIAM wszelkie tego typu zachowania.&nbsp;<\/em> <\/p>\n\n\n\n<div style=\"height:20px\" aria-hidden=\"true\" class=\"wp-block-spacer\"><\/div>\n\n\n\n<p><em>Nieuzasadnione napi\u0119tnowanie z uwagi na miejsce zamieszkania godzi w podstawowe prawa i wolno\u015bci obywatelskie i jest przejawem nietolerancji. Pragn\u0119 nadmieni\u0107, \u017ce, zwi\u0105zani z t\u0105 spraw\u0105 s\u0105 tak\u017ce mieszka\u0144cy gminy Zamo\u015b\u0107 z parafii \u017bdan\u00f3w, kt\u00f3rzy nie byli w ten spos\u00f3b pi\u0119tnowani.&nbsp;<\/em> <\/p>\n\n\n\n<div style=\"height:20px\" aria-hidden=\"true\" class=\"wp-block-spacer\"><\/div>\n\n\n\n<p><em>Traktowanie wszystkich mieszka\u0144c\u00f3w gminy \u0141abunie jako \u017ar\u00f3d\u0142o potencjalnego zaka\u017cenia koronawirusem by\u0142o daleko id\u0105cym nadu\u017cyciem i okaza\u0142o si\u0119 bezpodstawne.<\/em> <\/p>\n\n\n\n<div style=\"height:20px\" aria-hidden=\"true\" class=\"wp-block-spacer\"><\/div>\n\n\n\n<p><em>Wszyscy, kt\u00f3rzy ulegli tej psychozie nie zdali egzaminu z cz\u0142owiecze\u0144stwa.<\/em> <\/p>\n\n\n\n<div style=\"height:40px\" aria-hidden=\"true\" class=\"wp-block-spacer\"><\/div>\n\n\n\n<p class=\"has-text-align-right\">W\u00f3jt Gminy \u0141abunie<br>(\u2014) Mariusz Kukie\u0142ka&nbsp;<\/p>\n","protected":false},"excerpt":{"rendered":"<p>W zwi\u0105zku z fal\u0105 hejtu skierowanego wobec mieszka\u0144c\u00f3w gminy \u0141abunie W\u00f3jt Mariusz Kukie\u0142ka przedstawia swoje stanowisko poparte przez radnych gminy \u0141abunie.<\/p>\n","protected":false},"author":11,"featured_media":17119,"comment_status":"closed","ping_status":"closed","sticky":false,"template":"","format":"standard","meta":{"footnotes":""},"categories":[1],"tags":[],"class_list":["post-17027","post","type-post","status-publish","format-standard","has-post-thumbnail","hentry","category-wpisy","clearfix"],"_links":{"self":[{"href":"https:\/\/labunie.com.pl\/index.php?rest_route=\/wp\/v2\/posts\/17027","targetHints":{"allow":["GET"]}}],"collection":[{"href":"https:\/\/labunie.com.pl\/index.php?rest_route=\/wp\/v2\/posts"}],"about":[{"href":"https:\/\/labunie.com.pl\/index.php?rest_route=\/wp\/v2\/types\/post"}],"author":[{"embeddable":true,"href":"https:\/\/labunie.com.pl\/index.php?rest_route=\/wp\/v2\/users\/11"}],"replies":[{"embeddable":true,"href":"https:\/\/labunie.com.pl\/index.php?rest_route=%2Fwp%2Fv2%2Fcomments&post=17027"}],"version-history":[{"count":5,"href":"https:\/\/labunie.com.pl\/index.php?rest_route=\/wp\/v2\/posts\/17027\/revisions"}],"predecessor-version":[{"id":17039,"href":"https:\/\/labunie.com.pl\/index.php?rest_route=\/wp\/v2\/posts\/17027\/revisions\/17039"}],"wp:featuredmedia":[{"embeddable":true,"href":"https:\/\/labunie.com.pl\/index.php?rest_route=\/wp\/v2\/media\/17119"}],"wp:attachment":[{"href":"https:\/\/labunie.com.pl\/index.php?rest_route=%2Fwp%2Fv2%2Fmedia&parent=17027"}],"wp:term":[{"taxonomy":"category","embeddable":true,"href":"https:\/\/labunie.com.pl\/index.php?rest_route=%2Fwp%2Fv2%2Fcategories&post=17027"},{"taxonomy":"post_tag","embeddable":true,"href":"https:\/\/labunie.com.pl\/index.php?rest_route=%2Fwp%2Fv2%2Ftags&post=17027"}],"curies":[{"name":"wp","href":"https:\/\/api.w.org\/{rel}","templated":true}]}}