{"id":17040,"date":"2020-04-08T11:20:18","date_gmt":"2020-04-08T09:20:18","guid":{"rendered":"https:\/\/www.labunie.com.pl\/?p=17040"},"modified":"2020-04-09T11:48:19","modified_gmt":"2020-04-09T09:48:19","slug":"ofiary-o-ktorych-nie-mozna-zapomniec","status":"publish","type":"post","link":"https:\/\/labunie.com.pl\/?p=17040","title":{"rendered":"Ofiary, o kt\u00f3rych nie mo\u017cna zapomnie\u0107"},"content":{"rendered":"\n<p><strong>Gmina \u0141abunie uczci\u0142a Ofiary Zbrodni Katy\u0144skiej. W \u015brod\u0119, 8 kwietnia W\u00f3jt Gminy \u0141abunie &#8211; Mariusz Kukie\u0142ka oraz kierownik Biblioteki Publicznej Gminy \u0141abunie &#8211; Bogdan Szyku\u0142a z\u0142o\u017cyli kwiaty i zapalili znicze przy D\u0119bach Katy\u0144skich.<\/strong><\/p>\n\n\n\n<div style=\"height:31px\" aria-hidden=\"true\" class=\"wp-block-spacer\"><\/div>\n\n\n\n<!--more-->\n\n\n\n<p>Uczcili\u015bmy pami\u0119\u0107 w pi\u0119ciu miejscach na terenie gminy \u0141abunie.<\/p>\n<p>Znicze oraz wi\u0105zanki zosta\u0142y z\u0142o\u017cone przy:<\/p>\n<ul>\n<li>D\u0119bie Pami\u0119ci na terenie Urz\u0119du Gminy w \u0141abuniach po\u015bwi\u0119conemu Tadeuszowi Cury\u0142\u0142o (pracownik Urz\u0119du Gminy w \u0141abuniach, stracony na Kozielskiej G\u00f3rze pod Smole\u0144skiem)<\/li>\n<li>D\u0119bie Pami\u0119ci na terenie ogrodu \u201ePawie Pi\u00f3ro\u201d w \u0141abuniach po\u015bwi\u0119conemu W\u0142odzimierzowi \u0141uniowi (urodzony w \u0141abuniach, stracony w Kuropatach)<\/li>\n<li>D\u0119bie Pami\u0119ci na skwerze przy Remizie Stra\u017cackiej w W\u00f3lce \u0141abu\u0144skiej po\u015bwi\u0119conemu Wincentemu Rozkresowi (urodzony w W\u00f3lce \u0141abu\u0144skiej, rozstrelany w Twerze \u2013 dawna nazwa Kalinin)<\/li>\n<li>D\u0119bie Pami\u0119ci na skwerze przy \u015awietlicy Wiejskiej w Wierzbiu po\u015bwi\u0119conemu Antoniemu Turczynowi (urodzony w Wierzbiu, aresztowany przez NKWD i zamordowany w Riazaniu)<\/li>\n<li>grobie Jana Antoniewicza na cmentarzu parafialnym w \u0141abuniach (urodzony w gminie Krynice, wsp\u00f3\u0142w\u0142a\u015bciciel gospodarstwa w \u0141abu\u0144kach, zamordowany w Charkowie)<\/li>\n<\/ul>\n\n\n\n<div style=\"height:20px\" aria-hidden=\"true\" class=\"wp-block-spacer\"><\/div>\n\n\n\n<p>Przypomnijmy: W gminie \u0141abunie w ramach projektu patriotyczno-edukacyjnego &#8220;Katy\u0144&#8230;ocali\u0107 od zapomnienia&#8221; w 2016 r. posadzono d\u0119by pami\u0119ci po\u015bwi\u0119cone ofiarom katy\u0144skim zwi\u0105zanych z \u0142abu\u0144sk\u0105 ziemi\u0105.<\/p>\n\n\n\n<div style=\"height:20px\" aria-hidden=\"true\" class=\"wp-block-spacer\"><\/div>\n\n\n\n\n<p>[lg_folder folder=&#8221;20200408\/&#8221; paging=&#8221;false&#8221;]<\/p>\n\n","protected":false},"excerpt":{"rendered":"<p>Gmina \u0141abunie uczci\u0142a Ofiary Zbrodni Katy\u0144skiej. W \u015brod\u0119, 8 kwietnia W\u00f3jt Gminy \u0141abunie &#8211; Mariusz Kukie\u0142ka oraz kierownik Biblioteki Publicznej Gminy \u0141abunie &#8211; Bogdan Szyku\u0142a z\u0142o\u017cyli kwiaty i zapalili znicze przy D\u0119bach Katy\u0144skich.<\/p>\n","protected":false},"author":11,"featured_media":17043,"comment_status":"closed","ping_status":"closed","sticky":false,"template":"","format":"standard","meta":{"footnotes":""},"categories":[1],"tags":[],"class_list":["post-17040","post","type-post","status-publish","format-standard","has-post-thumbnail","hentry","category-wpisy","clearfix"],"_links":{"self":[{"href":"https:\/\/labunie.com.pl\/index.php?rest_route=\/wp\/v2\/posts\/17040","targetHints":{"allow":["GET"]}}],"collection":[{"href":"https:\/\/labunie.com.pl\/index.php?rest_route=\/wp\/v2\/posts"}],"about":[{"href":"https:\/\/labunie.com.pl\/index.php?rest_route=\/wp\/v2\/types\/post"}],"author":[{"embeddable":true,"href":"https:\/\/labunie.com.pl\/index.php?rest_route=\/wp\/v2\/users\/11"}],"replies":[{"embeddable":true,"href":"https:\/\/labunie.com.pl\/index.php?rest_route=%2Fwp%2Fv2%2Fcomments&post=17040"}],"version-history":[{"count":4,"href":"https:\/\/labunie.com.pl\/index.php?rest_route=\/wp\/v2\/posts\/17040\/revisions"}],"predecessor-version":[{"id":17052,"href":"https:\/\/labunie.com.pl\/index.php?rest_route=\/wp\/v2\/posts\/17040\/revisions\/17052"}],"wp:featuredmedia":[{"embeddable":true,"href":"https:\/\/labunie.com.pl\/index.php?rest_route=\/wp\/v2\/media\/17043"}],"wp:attachment":[{"href":"https:\/\/labunie.com.pl\/index.php?rest_route=%2Fwp%2Fv2%2Fmedia&parent=17040"}],"wp:term":[{"taxonomy":"category","embeddable":true,"href":"https:\/\/labunie.com.pl\/index.php?rest_route=%2Fwp%2Fv2%2Fcategories&post=17040"},{"taxonomy":"post_tag","embeddable":true,"href":"https:\/\/labunie.com.pl\/index.php?rest_route=%2Fwp%2Fv2%2Ftags&post=17040"}],"curies":[{"name":"wp","href":"https:\/\/api.w.org\/{rel}","templated":true}]}}