{"id":17287,"date":"2020-04-29T09:31:27","date_gmt":"2020-04-29T07:31:27","guid":{"rendered":"https:\/\/www.labunie.com.pl\/?p=17287"},"modified":"2020-04-30T12:48:05","modified_gmt":"2020-04-30T10:48:05","slug":"niepodlegla-mojaflaga-wywies-flage","status":"publish","type":"post","link":"https:\/\/labunie.com.pl\/?p=17287","title":{"rendered":"Niepodleg\u0142a #mojaflaga &#8211; Wywie\u015b flag\u0119!"},"content":{"rendered":"\n<p><strong><span id=\"cch_f8dbbf87aa05ce\" class=\"_mh6 _wsc\"><span class=\"_3oh- _58nk\">Biuro Programu \u201eNiepodleg\u0142a\u201d ju\u017c po raz kolejny zaprasza do akcji #mojaflaga organizowanej z okazji Dnia Flagi Rzeczypospolitej Polskiej. Jej a<\/span><\/span>mbasadorami akcji s\u0105 wszyscy, kt\u00f3rzy wywieszaj\u0105 bia\u0142o-czerwon\u0105 podczas \u015bwi\u0105t pa\u0144stwowych i w wa\u017cnych momentach \u017cycia. <span id=\"cch_f9c5c5c33619b4\" class=\"_mh6 _wsc\"><span class=\"_3oh- _58nk\">Zach\u0119camy do sfotografowania swojej flagi i podzielania si\u0119 zdj\u0119ciem w mediach spo\u0142eczno\u015bciowych<\/span><\/span> z oznaczeniem #mojaflaga.<\/strong><\/p>\n\n\n\n<div style=\"height:26px\" aria-hidden=\"true\" class=\"wp-block-spacer\"><\/div>\n\n\n\n<!--more-->\n\n\n\n<p> Aby wzi\u0105\u0107 udzia\u0142 w akcji wystarczy wywiesi\u0107 bia\u0142o-czerwon\u0105 flag\u0119 przed domem, na balkonie czy w miejscu pracy. Jak m\u00f3wi Jan Kowalski, dyrektor Biura Programu \u201eNiepodleg\u0142a\u201d: \u201eNie musi to by\u0107 du\u017ca flaga, mo\u017cemy uszy\u0107 j\u0105 sami, albo zrobi\u0107 z papieru. Wa\u017cne, \u017ceby\u015bmy pokazali w tych trudnych czasach, \u017ce potrafimy si\u0119 jednoczy\u0107 i solidarnie okaza\u0107 nasz patriotyzm i odrobin\u0119 optymizmu zgodnie z has\u0142em \u00bbWszystko b\u0119dzie dobrze\u00ab.\u201d <\/p>\n\n\n\n<div style=\"height:20px\" aria-hidden=\"true\" class=\"wp-block-spacer\"><\/div>\n\n\n\n<p>Pozostaj\u0105c w domach, aktywnie mo\u017cemy w\u0142\u0105czy\u0107 si\u0119 w \u015bwi\u0119towanie. Wystarczy zrobi\u0107 zdj\u0119cie wywieszonej flagi i udost\u0119pni\u0107 je w mediach spo\u0142eczno\u015bciowych z hasztagiem #mojaflaga. Poka\u017cmy ze \u015bwi\u0119tujemy razem!<\/p>\n\n\n\n<div style=\"height:20px\" aria-hidden=\"true\" class=\"wp-block-spacer\"><\/div>\n\n\n\n<figure class=\"wp-block-image size-large\"><img decoding=\"async\" src=\"https:\/\/niepodlegla.gov.pl\/wp-content\/uploads\/2020\/04\/foto-flaga-1024x576.jpg\" alt=\"\"\/><\/figure>\n\n\n\n<div style=\"height:20px\" aria-hidden=\"true\" class=\"wp-block-spacer\"><\/div>\n\n\n\n<p>Teraz kolej na Was! Biuro Programu \u201eNiepodleg\u0142a\u201d zaprasza wszystkich Polak\u00f3w i przyjaci\u00f3\u0142 Polski do wywieszania flagi nie tylko 2 maja, ale przez ca\u0142y weekend majowy oraz dla uczczenia wa\u017cnych rocznic.<\/p>\n\n\n\n<div style=\"height:20px\" aria-hidden=\"true\" class=\"wp-block-spacer\"><\/div>\n\n\n\n<p>\u015awi\u0119tujmy razem!<\/p>\n\n\n\n<div style=\"height:20px\" aria-hidden=\"true\" class=\"wp-block-spacer\"><\/div>\n\n\n\n<figure class=\"wp-block-embed-youtube aligncenter wp-block-embed is-type-video is-provider-youtube wp-embed-aspect-16-9 wp-has-aspect-ratio\"><div class=\"wp-block-embed__wrapper\">\n<iframe loading=\"lazy\" title=\"Niepodleg\u0142a - #MojaFlaga \/\/ 2020\" width=\"1280\" height=\"720\" src=\"https:\/\/www.youtube.com\/embed\/6juVVyaRxJc?feature=oembed\" frameborder=\"0\" allow=\"accelerometer; autoplay; clipboard-write; encrypted-media; gyroscope; picture-in-picture\" allowfullscreen><\/iframe>\n<\/div><\/figure>\n\n\n\n<p class=\"has-text-align-right\"> \u0179r\u00f3d\u0142o: <a href=\"https:\/\/niepodlegla.gov.pl\/\">niepodlegla.gov.pl <\/a><\/p>\n","protected":false},"excerpt":{"rendered":"<p>Biuro Programu \u201eNiepodleg\u0142a\u201d ju\u017c po raz kolejny zaprasza do akcji #mojaflaga organizowanej z okazji Dnia Flagi Rzeczypospolitej Polskiej. Jej ambasadorami akcji s\u0105 wszyscy, kt\u00f3rzy wywieszaj\u0105 bia\u0142o-czerwon\u0105 podczas \u015bwi\u0105t pa\u0144stwowych i w wa\u017cnych momentach \u017cycia. Zach\u0119camy do sfotografowania swojej flagi i podzielania si\u0119 zdj\u0119ciem w mediach spo\u0142eczno\u015bciowych z oznaczeniem #mojaflaga.<\/p>\n","protected":false},"author":11,"featured_media":17316,"comment_status":"closed","ping_status":"closed","sticky":false,"template":"","format":"standard","meta":{"footnotes":""},"categories":[1],"tags":[],"class_list":["post-17287","post","type-post","status-publish","format-standard","has-post-thumbnail","hentry","category-wpisy","clearfix"],"_links":{"self":[{"href":"https:\/\/labunie.com.pl\/index.php?rest_route=\/wp\/v2\/posts\/17287","targetHints":{"allow":["GET"]}}],"collection":[{"href":"https:\/\/labunie.com.pl\/index.php?rest_route=\/wp\/v2\/posts"}],"about":[{"href":"https:\/\/labunie.com.pl\/index.php?rest_route=\/wp\/v2\/types\/post"}],"author":[{"embeddable":true,"href":"https:\/\/labunie.com.pl\/index.php?rest_route=\/wp\/v2\/users\/11"}],"replies":[{"embeddable":true,"href":"https:\/\/labunie.com.pl\/index.php?rest_route=%2Fwp%2Fv2%2Fcomments&post=17287"}],"version-history":[{"count":3,"href":"https:\/\/labunie.com.pl\/index.php?rest_route=\/wp\/v2\/posts\/17287\/revisions"}],"predecessor-version":[{"id":17318,"href":"https:\/\/labunie.com.pl\/index.php?rest_route=\/wp\/v2\/posts\/17287\/revisions\/17318"}],"wp:featuredmedia":[{"embeddable":true,"href":"https:\/\/labunie.com.pl\/index.php?rest_route=\/wp\/v2\/media\/17316"}],"wp:attachment":[{"href":"https:\/\/labunie.com.pl\/index.php?rest_route=%2Fwp%2Fv2%2Fmedia&parent=17287"}],"wp:term":[{"taxonomy":"category","embeddable":true,"href":"https:\/\/labunie.com.pl\/index.php?rest_route=%2Fwp%2Fv2%2Fcategories&post=17287"},{"taxonomy":"post_tag","embeddable":true,"href":"https:\/\/labunie.com.pl\/index.php?rest_route=%2Fwp%2Fv2%2Ftags&post=17287"}],"curies":[{"name":"wp","href":"https:\/\/api.w.org\/{rel}","templated":true}]}}