{"id":17366,"date":"2020-05-06T12:44:32","date_gmt":"2020-05-06T10:44:32","guid":{"rendered":"https:\/\/www.labunie.com.pl\/?p=17366"},"modified":"2020-05-06T12:44:32","modified_gmt":"2020-05-06T10:44:32","slug":"zarzadzenie-dyrektora-szkoly-podstawowej-w-labunkach-pierwszych","status":"publish","type":"post","link":"https:\/\/labunie.com.pl\/?p=17366","title":{"rendered":"Zarz\u0105dzenie Dyrektora Szko\u0142y Podstawowej w \u0141abu\u0144kach Pierwszych"},"content":{"rendered":"\n<p><strong>Zarz\u0105dzenie Nr 11\/2019\/2020 Dyrektora Szko\u0142y Podstawowej im. Prymasa Stefana Wyszy\u0144skiego w \u0141abu\u0144kach Pierwszych z dnia 6 maja 2020 r. w sprawie czasowego zawieszenia zaj\u0119\u0107 w Punkcie Przedszkolnym\/Oddziale przedszkolnym w Szkole Podstawowej w \u0141abu\u0144kach Pierwszych w zwi\u0105zku z zapobieganiem, przeciwdzia\u0142aniem i zwalczaniem COVID-19<\/strong>.<\/p>\n\n\n\n<div class=\"wp-block-file\"><a href=\"https:\/\/www.labunie.com.pl\/wp-content\/uploads\/2020\/05\/zarzadzenie_sp_labunki.pdf\">Zarz\u0105dzenie<\/a><a href=\"https:\/\/www.labunie.com.pl\/wp-content\/uploads\/2020\/05\/zarzadzenie_sp_labunki.pdf\" class=\"wp-block-file__button\" download>Pobierz<\/a><\/div>\n","protected":false},"excerpt":{"rendered":"<p>Zarz\u0105dzenie Nr 11\/2019\/2020 Dyrektora Szko\u0142y Podstawowej im. Prymasa Stefana Wyszy\u0144skiego w \u0141abu\u0144kach Pierwszych z dnia 6 maja 2020 r. w sprawie czasowego zawieszenia zaj\u0119\u0107 w Punkcie Przedszkolnym\/Oddziale przedszkolnym w Szkole Podstawowej w \u0141abu\u0144kach Pierwszych w zwi\u0105zku z zapobieganiem, przeciwdzia\u0142aniem i zwalczaniem COVID-19.<\/p>\n","protected":false},"author":7,"featured_media":17023,"comment_status":"closed","ping_status":"closed","sticky":false,"template":"","format":"standard","meta":{"footnotes":""},"categories":[1],"tags":[],"class_list":["post-17366","post","type-post","status-publish","format-standard","has-post-thumbnail","hentry","category-wpisy","clearfix"],"_links":{"self":[{"href":"https:\/\/labunie.com.pl\/index.php?rest_route=\/wp\/v2\/posts\/17366","targetHints":{"allow":["GET"]}}],"collection":[{"href":"https:\/\/labunie.com.pl\/index.php?rest_route=\/wp\/v2\/posts"}],"about":[{"href":"https:\/\/labunie.com.pl\/index.php?rest_route=\/wp\/v2\/types\/post"}],"author":[{"embeddable":true,"href":"https:\/\/labunie.com.pl\/index.php?rest_route=\/wp\/v2\/users\/7"}],"replies":[{"embeddable":true,"href":"https:\/\/labunie.com.pl\/index.php?rest_route=%2Fwp%2Fv2%2Fcomments&post=17366"}],"version-history":[{"count":1,"href":"https:\/\/labunie.com.pl\/index.php?rest_route=\/wp\/v2\/posts\/17366\/revisions"}],"predecessor-version":[{"id":17368,"href":"https:\/\/labunie.com.pl\/index.php?rest_route=\/wp\/v2\/posts\/17366\/revisions\/17368"}],"wp:featuredmedia":[{"embeddable":true,"href":"https:\/\/labunie.com.pl\/index.php?rest_route=\/wp\/v2\/media\/17023"}],"wp:attachment":[{"href":"https:\/\/labunie.com.pl\/index.php?rest_route=%2Fwp%2Fv2%2Fmedia&parent=17366"}],"wp:term":[{"taxonomy":"category","embeddable":true,"href":"https:\/\/labunie.com.pl\/index.php?rest_route=%2Fwp%2Fv2%2Fcategories&post=17366"},{"taxonomy":"post_tag","embeddable":true,"href":"https:\/\/labunie.com.pl\/index.php?rest_route=%2Fwp%2Fv2%2Ftags&post=17366"}],"curies":[{"name":"wp","href":"https:\/\/api.w.org\/{rel}","templated":true}]}}