{"id":17384,"date":"2020-05-08T08:18:25","date_gmt":"2020-05-08T06:18:25","guid":{"rendered":"https:\/\/www.labunie.com.pl\/?p=17384"},"modified":"2020-05-08T08:18:25","modified_gmt":"2020-05-08T06:18:25","slug":"komunikat-panstwowej-komisji-wyborczej-z-dnia-7-maja-2020-roku","status":"publish","type":"post","link":"https:\/\/labunie.com.pl\/?p=17384","title":{"rendered":"Komunikat Pa\u0144stwowej Komisji Wyborczej z dnia 7 maja 2020 roku"},"content":{"rendered":"\n<p><strong>Pa\u0144stwowa Komisja Wyborcza informuje, \u017ce podj\u0119\u0142a wszystkie czynno\u015bci zwi\u0105zane z przeprowadzeniem wybor\u00f3w Prezydenta Rzeczypospolitej Polskiej, zarz\u0105dzonych przez Marsza\u0142ka Sejmu Rzeczypospolitej Polskiej na\u00a0dzie\u0144 10\u00a0maja 2020 r., do kt\u00f3rych by\u0142a zobowi\u0105zana przepisami prawa.<\/strong><\/p>\n\n\n\n<!--more-->\n\n\n\n<div style=\"height:20px\" aria-hidden=\"true\" class=\"wp-block-spacer\"><\/div>\n\n\n\n<p> W dniu 16 kwietnia 2020 r. zosta\u0142a jednak uchwalona ustawa o\u00a0szczeg\u00f3lnych instrumentach wsparcia w zwi\u0105zku z rozprzestrzenianiem si\u0119 wirusa SARS-CoV-2 (Dz. U poz. 695). Na mocy art. 102 tej ustawy zawieszone zosta\u0142y obowi\u0105zki informacyjne wynikaj\u0105ce z przepis\u00f3w Kodeksu wyborczego, na\u0142o\u017cone na w\u00f3jt\u00f3w i komisarzy wyborczych, ponadto przepisy dotycz\u0105ce wydawania za\u015bwiadcze\u0144 o prawie do g\u0142osowania, g\u0142osowania korespondencyjnego oraz g\u0142osowania przez pe\u0142nomocnika. <\/p>\n\n\n\n<div style=\"height:20px\" aria-hidden=\"true\" class=\"wp-block-spacer\"><\/div>\n\n\n\n<p> Zawieszone zosta\u0142y przede wszystkim kompetencje Pa\u0144stwowej Komisji Wyborczej w zakresie ustalenia wzoru karty do\u00a0g\u0142osowania i zarz\u0105dzenia druku kart. Pozbawienie Pa\u0144stwowej Komisji Wyborczej prawnych mo\u017cliwo\u015bci drukowania kart do g\u0142osowania sprawi\u0142o, \u017ce g\u0142osowanie w wyborach Prezydenta Rzeczypospolitej Polskiej w dniu 10 maja 2020 r. jest niemo\u017cliwe. Karty wyborcze s\u0105 bowiem warunkiem koniecznym do przeprowadzenia g\u0142osowania.  <\/p>\n\n\n\n<div style=\"height:20px\" aria-hidden=\"true\" class=\"wp-block-spacer\"><\/div>\n\n\n\n<p><strong>Obowi\u0105zuj\u0105ca regulacja prawna pozbawi\u0142a Pa\u0144stwow\u0105 Komisj\u0119 Wyborcz\u0105 instrument\u00f3w koniecznych do wykonywania jej obowi\u0105zk\u00f3w. W\u00a0zwi\u0105zku z powy\u017cszym Pa\u0144stwowa Komisja Wyborcza, informuje wyborc\u00f3w, komitety wyborcze, kandydat\u00f3w, administracj\u0119 wyborcz\u0105 oraz jednostki samorz\u0105du terytorialnego, \u017ce g\u0142osowanie w dniu 10 maja 2020 r. nie mo\u017ce si\u0119 odby\u0107.<\/strong><\/p>\n\n\n\n<div style=\"height:20px\" aria-hidden=\"true\" class=\"wp-block-spacer\"><\/div>\n\n\n\n<p>Jednocze\u015bnie w konsekwencji powy\u017cszego nie mog\u0105 mie\u0107 zastosowania tak\u017ce inne przepisy Kodeksu wyborczego zwi\u0105zane z\u00a0g\u0142osowaniem, w tym:<\/p>\n\n\n\n<ol class=\"wp-block-list\"><li>w\u00f3jtowie oraz konsulowie nie przygotowuj\u0105 spis\u00f3w wyborc\u00f3w;<\/li><li>nie b\u0119dzie obowi\u0105zywa\u0107 tzw. cisza wyborcza, tj. zakaz prowadzenia agitacji wyborczej i podawania do wiadomo\u015bci publicznej wynik\u00f3w sonda\u017cy dotycz\u0105cych przewidywanych zachowa\u0144 wyborczych;<\/li><li>lokale wyborcze pozostan\u0105 zamkni\u0119te.<\/li><\/ol>\n\n\n\n<div style=\"height:50px\" aria-hidden=\"true\" class=\"wp-block-spacer\"><\/div>\n\n\n\n<p>Pa\u0144stwowa Komisja Wyborcza w sk\u0142adzie:<\/p>\n\n\n\n<p class=\"has-text-align-right\"><em>Przewodnicz\u0105cy <\/em>Sylwester Marciniak<br><em>Zast\u0119pca Przewodnicz\u0105cego<\/em> Zbigniew Cie\u015blak<br><em>Zast\u0119pca Przewodnicz\u0105cego<\/em> Wojciech Sych<em> <\/em><br><em>Cz\u0142onkowie:<\/em><br>Ryszard Balicki<br>Liwiusz Laska<br>Dariusz Lasocki<br>Maciej Mi\u0142osz<br>Arkadiusz Pikulik<br>Konrad Sk\u0142adowski<\/p>\n","protected":false},"excerpt":{"rendered":"<p>Pa\u0144stwowa Komisja Wyborcza informuje, \u017ce podj\u0119\u0142a wszystkie czynno\u015bci zwi\u0105zane z przeprowadzeniem wybor\u00f3w Prezydenta Rzeczypospolitej Polskiej, zarz\u0105dzonych przez Marsza\u0142ka Sejmu Rzeczypospolitej Polskiej na\u00a0dzie\u0144 10\u00a0maja 2020 r., do kt\u00f3rych by\u0142a zobowi\u0105zana przepisami prawa.<\/p>\n","protected":false},"author":7,"featured_media":17385,"comment_status":"closed","ping_status":"closed","sticky":false,"template":"","format":"standard","meta":{"footnotes":""},"categories":[1],"tags":[],"class_list":["post-17384","post","type-post","status-publish","format-standard","has-post-thumbnail","hentry","category-wpisy","clearfix"],"_links":{"self":[{"href":"https:\/\/labunie.com.pl\/index.php?rest_route=\/wp\/v2\/posts\/17384","targetHints":{"allow":["GET"]}}],"collection":[{"href":"https:\/\/labunie.com.pl\/index.php?rest_route=\/wp\/v2\/posts"}],"about":[{"href":"https:\/\/labunie.com.pl\/index.php?rest_route=\/wp\/v2\/types\/post"}],"author":[{"embeddable":true,"href":"https:\/\/labunie.com.pl\/index.php?rest_route=\/wp\/v2\/users\/7"}],"replies":[{"embeddable":true,"href":"https:\/\/labunie.com.pl\/index.php?rest_route=%2Fwp%2Fv2%2Fcomments&post=17384"}],"version-history":[{"count":5,"href":"https:\/\/labunie.com.pl\/index.php?rest_route=\/wp\/v2\/posts\/17384\/revisions"}],"predecessor-version":[{"id":17390,"href":"https:\/\/labunie.com.pl\/index.php?rest_route=\/wp\/v2\/posts\/17384\/revisions\/17390"}],"wp:featuredmedia":[{"embeddable":true,"href":"https:\/\/labunie.com.pl\/index.php?rest_route=\/wp\/v2\/media\/17385"}],"wp:attachment":[{"href":"https:\/\/labunie.com.pl\/index.php?rest_route=%2Fwp%2Fv2%2Fmedia&parent=17384"}],"wp:term":[{"taxonomy":"category","embeddable":true,"href":"https:\/\/labunie.com.pl\/index.php?rest_route=%2Fwp%2Fv2%2Fcategories&post=17384"},{"taxonomy":"post_tag","embeddable":true,"href":"https:\/\/labunie.com.pl\/index.php?rest_route=%2Fwp%2Fv2%2Ftags&post=17384"}],"curies":[{"name":"wp","href":"https:\/\/api.w.org\/{rel}","templated":true}]}}