{"id":17607,"date":"2020-05-27T07:00:00","date_gmt":"2020-05-27T05:00:00","guid":{"rendered":"https:\/\/www.labunie.com.pl\/?p=17607"},"modified":"2020-05-28T07:30:23","modified_gmt":"2020-05-28T05:30:23","slug":"jubileusz-30-lecia-samorzadnosci-w-polsce-pierwsze-demokratyczne-wybory-w-gminie-labunie","status":"publish","type":"post","link":"https:\/\/labunie.com.pl\/?p=17607","title":{"rendered":"Jubileusz 30-lecia samorz\u0105dno\u015bci w Polsce &#8211; pierwsze demokratyczne wybory w Gminie \u0141abunie"},"content":{"rendered":"\n<p><strong>Trzydzie\u015bci lat temu odby\u0142y si\u0119 pierwsze, w pe\u0142ni wolne i demokratyczne wybory w III RP. Dziesi\u0119\u0107 lat p\u00f3\u017aniej &#8211; w 2000 r. &#8211; Sejm ustanowi\u0142 dzie\u0144 27 maja Dniem Samorz\u0105du Terytorialnego. Jak w 1990 r. przedstawia\u0142y si\u0119 wyniki wybor\u00f3w w gminie \u0141abunie? Jakim bud\u017cetem dysponowa\u0142a gmina i jakie inwestycje uda\u0142o si\u0119 zrealizowa\u0107 po pierwszych demokratycznych wyborach?<\/strong><\/p>\n\n\n\n<div style=\"height:20px\" aria-hidden=\"true\" class=\"wp-block-spacer\"><\/div>\n\n\n\n<!--more-->\n\n\n\n<p><strong>Radni rady gminy w \u0141abunie wybrani w pierwszych wolnych i demokratycznych wyborach:<\/strong><\/p>\n<ul>\n<li>Bodys Krzysztof<\/li>\n<li>Bodziuch Jan<\/li>\n<li>Bondyra Franciszek<\/li>\n<li>Ciuraszkiewicz Stanis\u0142aw<\/li>\n<li>Churz\u0119pa Eugeniusz<\/li>\n<li>Fer\u0119szkiewicz Zdzis\u0142aw<\/li>\n<li>Karp Witold<\/li>\n<li>Kawa\u0142ko Czes\u0142aw<\/li>\n<li>Kowalik Stanis\u0142aw (wiceprzewodnicz\u0105cy)<\/li>\n<li>Lewicki Stanis\u0142aw<\/li>\n<li>Modrzewski J\u00f3zef<\/li>\n<li>Niemczuk Andrzej<\/li>\n<li>Petryk Tomasz<\/li>\n<li>So\u0142oducha Emilian<\/li>\n<li>Sowa Franciszek<\/li>\n<li>Szerafin W\u0142adys\u0142aw<\/li>\n<li>Wiater Janusz (przewodnicz\u0105cy)<\/li>\n<li>Wiater Jerzy (wiceprzewodnicz\u0105cy)&nbsp;<\/li>\n<\/ul>\n\n\n\n<div style=\"height:20px\" aria-hidden=\"true\" class=\"wp-block-spacer\"><\/div>\n\n\n\n<p><strong>W kadencji dzia\u0142a\u0142y trzy sta\u0142e komisje rady gminy<\/strong><\/p>\n<ul>\n<li>Rewizyjna<\/li>\n<li>Planowania Gospodarczego, Bud\u017cetu i Rolnictwa i Kultury<\/li>\n<li>O\u015bwiaty, Zdrowia, Spraw Socjalnych i Porz\u0105dku Publicznego.<\/li>\n<\/ul>\n\n\n\n<div style=\"height:20px\" aria-hidden=\"true\" class=\"wp-block-spacer\"><\/div>\n\n\n\n<p><strong>W\u00f3jtem gminy<\/strong> zosta\u0142 wybrany Franciszek Sowa. W\u00f3jt by\u0142 jednocze\u015bnie przewodnicz\u0105cym zarz\u0105du.&nbsp; &nbsp; &nbsp; &nbsp; &nbsp; &nbsp; &nbsp; &nbsp; &nbsp; &nbsp; &nbsp; &nbsp; &nbsp; &nbsp; &nbsp; &nbsp; &nbsp; &nbsp; &nbsp; &nbsp; &nbsp; &nbsp; &nbsp; &nbsp; <strong>&nbsp;<\/strong><\/p>\n\n\n\n<div style=\"height:20px\" aria-hidden=\"true\" class=\"wp-block-spacer\"><\/div>\n\n\n\n<p><strong>Pozostali cz\u0142onkowie zarz\u0105du:<\/strong><\/p>\n<ul>\n<li>Andrzej Niemczuk, Tomasz Petryk<\/li>\n<li>Czes\u0142aw Kawa\u0142ko<\/li>\n<li>W\u0142adys\u0142aw Szerafin.<\/li>\n<\/ul>\n\n\n\n<div style=\"height:20px\" aria-hidden=\"true\" class=\"wp-block-spacer\"><\/div>\n\n\n\n<p><strong>&nbsp; &nbsp; &nbsp; &nbsp; &nbsp;So\u0142tysi:<\/strong><\/p>\n<ul>\n<li>Grzegorz Synowiec<\/li>\n<li>Antoni Flak<\/li>\n<li>W\u0142adys\u0142aw Burdzy<\/li>\n<li>Jan Farjon<\/li>\n<li>Boles\u0142aw Maziarczuk<\/li>\n<li>W\u0142adys\u0142aw Flak<\/li>\n<li>Jan Pude\u0142ko<\/li>\n<li>W\u0142adys\u0142aw Skiba<\/li>\n<li>Gabriel Hubala<\/li>\n<li>Tomasz Petryk<\/li>\n<li>Czes\u0142aw Kawa\u0142ko<\/li>\n<li>Andrzej Pokrywka<\/li>\n<li>Kazimierz Szala&nbsp; &nbsp; &nbsp; &nbsp; &nbsp; &nbsp; &nbsp; &nbsp; &nbsp; &nbsp; &nbsp; &nbsp; &nbsp; &nbsp; &nbsp; &nbsp; &nbsp; &nbsp; &nbsp; &nbsp; &nbsp; &nbsp; &nbsp; &nbsp; &nbsp; &nbsp; &nbsp; &nbsp; &nbsp; &nbsp; &nbsp; &nbsp; &nbsp; &nbsp; &nbsp; &nbsp; &nbsp; &nbsp; &nbsp; &nbsp; &nbsp; &nbsp; &nbsp; &nbsp; &nbsp; &nbsp; &nbsp; &nbsp; &nbsp; &nbsp;&nbsp;<\/li>\n<\/ul>\n\n\n\n<div style=\"height:20px\" aria-hidden=\"true\" class=\"wp-block-spacer\"><\/div>\n\n\n\n<p>W 1990 r. bud\u017cet gminy \u0141abunie wynosi\u0142 prawie 5 mln z\u0142. Wi\u0119kszo\u015b\u0107 \u015brodk\u00f3w stanowi\u0142y dotacje celowe na o\u015bwiat\u0119 i wychowanie, opiek\u0119 spo\u0142eczn\u0105, gospodark\u0119 komunaln\u0105. Po pierwszych demokratycznych wyborach w gminie \u0141abunie zacz\u0119to realizowa\u0107 inwestycje. G\u0142\u00f3wnie by\u0142y to remonty szk\u00f3\u0142 i budowy dr\u00f3g. Wykonano remonty szk\u00f3\u0142 w \u0141abuniach, Moc\u00f3wce i Wierzbiu. Realizowano budow\u0119 dr\u00f3g, m.in. \u0141abunie-Reforma &#8211; Majdan Ruszowski, \u0141abunie pod D\u0105brow\u0105, Rusz\u00f3w Nowina, Rusz\u00f3w \u0141ubinstok,&nbsp; \u0141abunie w kierunku cmentarza. Prowadzono r\u00f3wnie\u017c prace zabezpieczaj\u0105ce w budynku Domu Kultury i Gminnego O\u015brodka Zdrowia w \u0141abuniach oraz Wiejskiego Domu Kultury w Wierzbiu. Realizowano te\u017c budow\u0119 gazoci\u0105gu w \u0141abu\u0144kach. W \u0141abuniach wygospodarowano r\u00f3wnie\u017c pomieszczenie na lecznic\u0119 weterynaryjn\u0105.<\/p>\n","protected":false},"excerpt":{"rendered":"<p>Trzydzie\u015bci lat temu odby\u0142y si\u0119 pierwsze, w pe\u0142ni wolne i demokratyczne wybory w III RP. Dziesi\u0119\u0107 lat p\u00f3\u017aniej &#8211; w 2000 r. &#8211; Sejm ustanowi\u0142 dzie\u0144 27 maja Dniem Samorz\u0105du Terytorialnego. Jak w 1990 r. przedstawia\u0142y si\u0119 wyniki wybor\u00f3w w gminie \u0141abunie? Jakim bud\u017cetem dysponowa\u0142a gmina i jakie inwestycje uda\u0142o si\u0119 zrealizowa\u0107 po pierwszych demokratycznych [&hellip;]<\/p>\n","protected":false},"author":11,"featured_media":17613,"comment_status":"closed","ping_status":"closed","sticky":false,"template":"","format":"standard","meta":{"footnotes":""},"categories":[1],"tags":[],"class_list":["post-17607","post","type-post","status-publish","format-standard","has-post-thumbnail","hentry","category-wpisy","clearfix"],"_links":{"self":[{"href":"https:\/\/labunie.com.pl\/index.php?rest_route=\/wp\/v2\/posts\/17607","targetHints":{"allow":["GET"]}}],"collection":[{"href":"https:\/\/labunie.com.pl\/index.php?rest_route=\/wp\/v2\/posts"}],"about":[{"href":"https:\/\/labunie.com.pl\/index.php?rest_route=\/wp\/v2\/types\/post"}],"author":[{"embeddable":true,"href":"https:\/\/labunie.com.pl\/index.php?rest_route=\/wp\/v2\/users\/11"}],"replies":[{"embeddable":true,"href":"https:\/\/labunie.com.pl\/index.php?rest_route=%2Fwp%2Fv2%2Fcomments&post=17607"}],"version-history":[{"count":5,"href":"https:\/\/labunie.com.pl\/index.php?rest_route=\/wp\/v2\/posts\/17607\/revisions"}],"predecessor-version":[{"id":17633,"href":"https:\/\/labunie.com.pl\/index.php?rest_route=\/wp\/v2\/posts\/17607\/revisions\/17633"}],"wp:featuredmedia":[{"embeddable":true,"href":"https:\/\/labunie.com.pl\/index.php?rest_route=\/wp\/v2\/media\/17613"}],"wp:attachment":[{"href":"https:\/\/labunie.com.pl\/index.php?rest_route=%2Fwp%2Fv2%2Fmedia&parent=17607"}],"wp:term":[{"taxonomy":"category","embeddable":true,"href":"https:\/\/labunie.com.pl\/index.php?rest_route=%2Fwp%2Fv2%2Fcategories&post=17607"},{"taxonomy":"post_tag","embeddable":true,"href":"https:\/\/labunie.com.pl\/index.php?rest_route=%2Fwp%2Fv2%2Ftags&post=17607"}],"curies":[{"name":"wp","href":"https:\/\/api.w.org\/{rel}","templated":true}]}}