{"id":17773,"date":"2020-06-05T13:14:54","date_gmt":"2020-06-05T11:14:54","guid":{"rendered":"https:\/\/www.labunie.com.pl\/?p=17773"},"modified":"2020-06-05T13:16:16","modified_gmt":"2020-06-05T11:16:16","slug":"rusza-szkolenie-rezerwistow","status":"publish","type":"post","link":"https:\/\/labunie.com.pl\/?p=17773","title":{"rendered":"Rusza szkolenie rezerwist\u00f3w"},"content":{"rendered":"\n<p><strong>W zwi\u0105zku z wprowadzeniem <em><a rel=\"noreferrer noopener\" href=\"https:\/\/wkuzamosc.wp.mil.pl\/u\/Decyzja_Nr_187_MON_z_30052020.pdf\" target=\"_blank\">Dec. Nr 187\/DSiPO Ministra Obrony Narodowej z dnia 30.05.2020 r. w sprawie intensyfikacji szkolenia rezerw osobowych<\/a><\/em> Wojskowa Komenda Uzupe\u0142nie\u0144 w Zamo\u015bciu og\u0142asza nab\u00f3r wniosk\u00f3w ochotnik\u00f3w  na d\u0142ugotrwa\u0142e \u0107wiczenia wojskowe. Dzi\u0119ki temu zg\u0142oszenia ochotnik\u00f3w,  kt\u00f3rzy w ostatnim czasie ze wzgl\u0119du na epidemi\u0119 COVID-19 utracili prac\u0119,  b\u0119d\u0105 tratowane priorytetowo. <\/strong><\/p>\n\n\n\n<!--more-->\n\n\n\n<div style=\"height:20px\" aria-hidden=\"true\" class=\"wp-block-spacer\"><\/div>\n\n\n\n<p>W trakcie \u0107wicze\u0144, rezerwi\u015bci i kandydaci  na \u017co\u0142nierzy otrzymaj\u0105 pe\u0142ne wy\u017cywienie i b\u0119d\u0105 kwaterowani na terenach  jednostek. Rezerwi\u015bci, czyli osoby, kt\u00f3re maj\u0105 ju\u017c nadany stopie\u0144  wojskowy mog\u0105 liczy\u0107 na miesi\u0119czne wynagrodzenie od 3,5 tysi\u0105ca z\u0142otych. <\/p>\n\n\n\n<div style=\"height:20px\" aria-hidden=\"true\" class=\"wp-block-spacer\"><\/div>\n\n\n\n<p>Osoby dla kt\u00f3rych&nbsp; b\u0119dzie to pierwszy  kontakt z wojskiem b\u0119d\u0105 odbywa\u0107 swoje \u0107wiczenia w ramach s\u0142u\u017cby  przygotowawczej, a miesi\u0119czne wynagrodzenie wynosi w tym przypadku 1,2  tys. z\u0142. plus dodatkowe 2,6&nbsp; tys. z\u0142. na zako\u0144czenie \u0107wicze\u0144. Dodatkowo  uzyskuj\u0105 oni status \u017co\u0142nierza rezerwy i mog\u0105 ubiega\u0107 si\u0119 o zatrudnienie w  Wojsku Polskim. <\/p>\n\n\n\n<div style=\"height:20px\" aria-hidden=\"true\" class=\"wp-block-spacer\"><\/div>\n\n\n\n<p>Zach\u0119camy do kontaktu telefonicznego w celu uzyskania szczeg\u00f3\u0142owych informacji:<\/p>\n\n\n\n<ul class=\"wp-block-list\"><li>\u017co\u0142nierz rezerwy \u2013 261&nbsp;181&nbsp;122; 261&nbsp;181&nbsp;109; 261&nbsp;181&nbsp;114; <\/li><li>ochotnicy \u2013 261&nbsp;181&nbsp;122; 261&nbsp;181&nbsp;108;<\/li><\/ul>\n\n\n\n<div style=\"height:20px\" aria-hidden=\"true\" class=\"wp-block-spacer\"><\/div>\n\n\n\n<p>Wprowadzone\n dzi\u0119ki decyzji rozwi\u0105zania to realne wsparcie dla os\u00f3b, kt\u00f3rych domowe \nbud\u017cety ucierpia\u0142y w wyniku epidemii oraz wzmocnienie Si\u0142 Zbrojnych RP.<\/p>\n\n\n\n<div style=\"height:40px\" aria-hidden=\"true\" class=\"wp-block-spacer\"><\/div>\n\n\n\n<div class=\"wp-block-button\"><a class=\"wp-block-button__link\" href=\"https:\/\/wkuzamosc.wp.mil.pl\/pl\/articles6-aktualnosci\/rusza-szkolenie-rezerwistow\/\">WKU Zamo\u015b\u0107<\/a><\/div>\n\n\n\n<div style=\"height:20px\" aria-hidden=\"true\" class=\"wp-block-spacer\"><\/div>\n\n\n\n<figure class=\"wp-block-embed-facebook wp-block-embed is-type-rich is-provider-facebook\"><div class=\"wp-block-embed__wrapper\">\nhttps:\/\/www.facebook.com\/WKUwZamosciu\/posts\/3267878806601050\n<\/div><\/figure>\n\n\n\n<div style=\"height:20px\" aria-hidden=\"true\" class=\"wp-block-spacer\"><\/div>\n\n\n\n<figure class=\"wp-block-embed-twitter wp-block-embed is-type-rich is-provider-twitter\"><div class=\"wp-block-embed__wrapper\">\n<blockquote class=\"twitter-tweet\" data-width=\"550\" data-dnt=\"true\"><p lang=\"pl\" dir=\"ltr\">Wzmocnienie <a href=\"https:\/\/twitter.com\/hashtag\/WojskoPolskie?src=hash&amp;ref_src=twsrc%5Etfw\">#WojskoPolskie<\/a> jednocze\u015bnie wsparcie os\u00f3b poszkodowanych przez <a href=\"https:\/\/twitter.com\/hashtag\/COVID19?src=hash&amp;ref_src=twsrc%5Etfw\">#COVID19<\/a>. <br>Szczeg\u00f3\u0142y w Decyzji nr 187\/DSiPO z dnia 30 maja br. w sprawie intensyfikacji szkolenia rezerw osobowych.<a href=\"https:\/\/twitter.com\/hashtag\/koronawirus?src=hash&amp;ref_src=twsrc%5Etfw\">#koronawirus<\/a> <a href=\"https:\/\/twitter.com\/hashtag\/BiuroProgramu?src=hash&amp;ref_src=twsrc%5Etfw\">#BiuroProgramu<\/a> <a href=\"https:\/\/twitter.com\/hashtag\/Zosta%C5%84%C5%BBo%C5%82nierzem?src=hash&amp;ref_src=twsrc%5Etfw\">#Zosta\u0144\u017bo\u0142nierzem<\/a> <a href=\"https:\/\/t.co\/1poRMgDCJT\">https:\/\/t.co\/1poRMgDCJT<\/a><\/p>&mdash; Biuro Programu Zosta\u0144 \u017bo\u0142nierzem Rzeczypospolitej (@ZolnierzRP) <a href=\"https:\/\/twitter.com\/ZolnierzRP\/status\/1267700163855908865?ref_src=twsrc%5Etfw\">June 2, 2020<\/a><\/blockquote><script async src=\"https:\/\/platform.twitter.com\/widgets.js\" charset=\"utf-8\"><\/script>\n<\/div><\/figure>\n","protected":false},"excerpt":{"rendered":"<p>W zwi\u0105zku z wprowadzeniem Dec. Nr 187\/DSiPO Ministra Obrony Narodowej z dnia 30.05.2020 r. w sprawie intensyfikacji szkolenia rezerw osobowych Wojskowa Komenda Uzupe\u0142nie\u0144 w Zamo\u015bciu og\u0142asza nab\u00f3r wniosk\u00f3w ochotnik\u00f3w na d\u0142ugotrwa\u0142e \u0107wiczenia wojskowe. Dzi\u0119ki temu zg\u0142oszenia ochotnik\u00f3w, kt\u00f3rzy w ostatnim czasie ze wzgl\u0119du na epidemi\u0119 COVID-19 utracili prac\u0119, b\u0119d\u0105 tratowane priorytetowo.<\/p>\n","protected":false},"author":7,"featured_media":17774,"comment_status":"closed","ping_status":"closed","sticky":false,"template":"","format":"standard","meta":{"footnotes":""},"categories":[1],"tags":[],"class_list":["post-17773","post","type-post","status-publish","format-standard","has-post-thumbnail","hentry","category-wpisy","clearfix"],"_links":{"self":[{"href":"https:\/\/labunie.com.pl\/index.php?rest_route=\/wp\/v2\/posts\/17773","targetHints":{"allow":["GET"]}}],"collection":[{"href":"https:\/\/labunie.com.pl\/index.php?rest_route=\/wp\/v2\/posts"}],"about":[{"href":"https:\/\/labunie.com.pl\/index.php?rest_route=\/wp\/v2\/types\/post"}],"author":[{"embeddable":true,"href":"https:\/\/labunie.com.pl\/index.php?rest_route=\/wp\/v2\/users\/7"}],"replies":[{"embeddable":true,"href":"https:\/\/labunie.com.pl\/index.php?rest_route=%2Fwp%2Fv2%2Fcomments&post=17773"}],"version-history":[{"count":5,"href":"https:\/\/labunie.com.pl\/index.php?rest_route=\/wp\/v2\/posts\/17773\/revisions"}],"predecessor-version":[{"id":17789,"href":"https:\/\/labunie.com.pl\/index.php?rest_route=\/wp\/v2\/posts\/17773\/revisions\/17789"}],"wp:featuredmedia":[{"embeddable":true,"href":"https:\/\/labunie.com.pl\/index.php?rest_route=\/wp\/v2\/media\/17774"}],"wp:attachment":[{"href":"https:\/\/labunie.com.pl\/index.php?rest_route=%2Fwp%2Fv2%2Fmedia&parent=17773"}],"wp:term":[{"taxonomy":"category","embeddable":true,"href":"https:\/\/labunie.com.pl\/index.php?rest_route=%2Fwp%2Fv2%2Fcategories&post=17773"},{"taxonomy":"post_tag","embeddable":true,"href":"https:\/\/labunie.com.pl\/index.php?rest_route=%2Fwp%2Fv2%2Ftags&post=17773"}],"curies":[{"name":"wp","href":"https:\/\/api.w.org\/{rel}","templated":true}]}}