{"id":17824,"date":"2020-06-08T12:03:13","date_gmt":"2020-06-08T10:03:13","guid":{"rendered":"https:\/\/www.labunie.com.pl\/?p=17824"},"modified":"2020-06-08T12:53:37","modified_gmt":"2020-06-08T10:53:37","slug":"kamila-wyspiewala-wyroznienie","status":"publish","type":"post","link":"https:\/\/labunie.com.pl\/?p=17824","title":{"rendered":"Kamila wy\u015bpiewa\u0142a wyr\u00f3\u017cnienie"},"content":{"rendered":"\n<p><strong>Kamila Wr\u00f3blewska z \u0141abu\u0144 zdoby\u0142a wyr\u00f3\u017cnienie w og\u00f3lnopolskim konkursie &#8220;Domowy VIDEOCLIP&#8221; organizowanym przez Dom Kultury w Komorowicach (woj. \u015bl\u0105skie). Jury doceni\u0142o m. in. jej talent wokalny i gr\u0119 na ukulele. Pos\u0142uchaj &#8211; jak \u015bpiewa Kamila. <br \/><\/strong><\/p>\n\n\n\n<div style=\"height:20px\" aria-hidden=\"true\" class=\"wp-block-spacer\"><\/div>\n\n\n\n<!--more-->\n\n\n\n<p>15-letnia Kamila wy\u015bpiewa\u0142a wyr\u00f3\u017cnienie za sw\u00f3j utw\u00f3r pt. &#8220;Dzie\u0144 dobry&#8221;. M\u0142oda artystka z \u0141abu\u0144 nagra\u0142a utw\u00f3r i teledysk \u0142\u0105cz\u0105c \u015bpiew z gr\u0105 na hawajsko brzmi\u0105cym ukulele.<\/p>\n\n\n\n<div style=\"height:20px\" aria-hidden=\"true\" class=\"wp-block-spacer\"><\/div>\n\n\n\n<p>To niejedyny sukces Kamili Wr\u00f3blewskiej. 15-latka zakwalifikowa\u0142a si\u0119 r\u00f3wnie\u017c do fina\u0142u Wojew\u00f3dzkiego Festiwalu Piosenki Dzieci\u0119cej i M\u0142odzie\u017cowej &#8220;Kozio\u0142ek&#8221;. W por\u00f3wnaniu do konkursu &#8220;Domowy videoklip&#8221; organizowanego w formie on-line, tu b\u0119dziemy mogli pos\u0142ucha\u0107 Kamili na \u017cywo. Jak informuje M\u0142odzie\u017cowy Dom Kultury w Zamo\u015bciu, kt\u00f3ry przeprowadza\u0142 eliminacje do konkursu &#8220;Kozio\u0142ek&#8221;, o terminie Fina\u0142u Festiwalu wykonawcy i opiekunowie zostan\u0105 poinformowani w terminie p\u00f3\u017aniejszym.<\/p>\n\n\n\n<div style=\"height:20px\" aria-hidden=\"true\" class=\"wp-block-spacer\"><\/div>\n\n\n\n<p>Dodajmy &#8211; Kamila Wr\u00f3blewska ucz\u0119szcza na zaj\u0119cia do zespo\u0142u &#8220;\u0141abu\u0144skie Iskierki&#8221;. Czynnie bierze udzia\u0142 w \u017cyciu kulturalnym gminy. \u015apiewa na wi\u0119kszo\u015bci wydarze\u0144, m. in. na Festiwalu Kol\u0119d i Pastora\u0142ek, Przegl\u0105dzie Pie\u015bni Patriotycznej, \u017bo\u0142nierskiej i Legionowej czy na Do\u017cynkach Gminnych, na kt\u00f3rych wyst\u0119puje w Duecie ONE razem z mam\u0105 &#8211; Bo\u017cen\u0105 Wr\u00f3blewsk\u0105.<\/p>\n\n\n\n<div style=\"height:20px\" aria-hidden=\"true\" class=\"wp-block-spacer\"><\/div>\n\n\n\n<p><strong>Kamili gratulujemy i \u017cyczymy kolejnych sukces\u00f3w!<\/strong><\/p>\n\n\n\n<div style=\"height:40px\" aria-hidden=\"true\" class=\"wp-block-spacer\"><\/div>\n\n\n\n<p>Poni\u017cej do obejrzenia klip z nagrania Kamili do konkursu &#8220;Domowy Videoklip&#8221;.<\/p>\n\n\n\n<div style=\"height:20px\" aria-hidden=\"true\" class=\"wp-block-spacer\"><\/div>\n\n\n\n\n\n<figure class=\"wp-block-embed-facebook wp-block-embed is-type-video is-provider-facebook\"><div class=\"wp-block-embed__wrapper\">\nhttps:\/\/www.facebook.com\/257719874874420\/videos\/681561555975991\/?v=681561555975991\n<\/div><\/figure>\n","protected":false},"excerpt":{"rendered":"<p>Kamila Wr\u00f3blewska z \u0141abu\u0144 zdoby\u0142a wyr\u00f3\u017cnienie w og\u00f3lnopolskim konkursie &#8220;Domowy VIDEOCLIP&#8221; organizowanym przez Dom Kultury w Komorowicach (woj. \u015bl\u0105skie). Jury doceni\u0142o m. in. jej talent wokalny i gr\u0119 na ukulele. Pos\u0142uchaj &#8211; jak \u015bpiewa Kamila.<\/p>\n","protected":false},"author":11,"featured_media":17829,"comment_status":"closed","ping_status":"closed","sticky":false,"template":"","format":"standard","meta":{"footnotes":""},"categories":[1],"tags":[],"class_list":["post-17824","post","type-post","status-publish","format-standard","has-post-thumbnail","hentry","category-wpisy","clearfix"],"_links":{"self":[{"href":"https:\/\/labunie.com.pl\/index.php?rest_route=\/wp\/v2\/posts\/17824","targetHints":{"allow":["GET"]}}],"collection":[{"href":"https:\/\/labunie.com.pl\/index.php?rest_route=\/wp\/v2\/posts"}],"about":[{"href":"https:\/\/labunie.com.pl\/index.php?rest_route=\/wp\/v2\/types\/post"}],"author":[{"embeddable":true,"href":"https:\/\/labunie.com.pl\/index.php?rest_route=\/wp\/v2\/users\/11"}],"replies":[{"embeddable":true,"href":"https:\/\/labunie.com.pl\/index.php?rest_route=%2Fwp%2Fv2%2Fcomments&post=17824"}],"version-history":[{"count":5,"href":"https:\/\/labunie.com.pl\/index.php?rest_route=\/wp\/v2\/posts\/17824\/revisions"}],"predecessor-version":[{"id":17833,"href":"https:\/\/labunie.com.pl\/index.php?rest_route=\/wp\/v2\/posts\/17824\/revisions\/17833"}],"wp:featuredmedia":[{"embeddable":true,"href":"https:\/\/labunie.com.pl\/index.php?rest_route=\/wp\/v2\/media\/17829"}],"wp:attachment":[{"href":"https:\/\/labunie.com.pl\/index.php?rest_route=%2Fwp%2Fv2%2Fmedia&parent=17824"}],"wp:term":[{"taxonomy":"category","embeddable":true,"href":"https:\/\/labunie.com.pl\/index.php?rest_route=%2Fwp%2Fv2%2Fcategories&post=17824"},{"taxonomy":"post_tag","embeddable":true,"href":"https:\/\/labunie.com.pl\/index.php?rest_route=%2Fwp%2Fv2%2Ftags&post=17824"}],"curies":[{"name":"wp","href":"https:\/\/api.w.org\/{rel}","templated":true}]}}